{"id":955,"date":"2019-09-21T14:58:49","date_gmt":"2019-09-21T12:58:49","guid":{"rendered":"http:\/\/www.univ-mosta.dz\/vrcc\/?p=955"},"modified":"2020-06-16T16:17:10","modified_gmt":"2020-06-16T14:17:10","slug":"bourses-master-information-et-communication","status":"publish","type":"post","link":"https:\/\/www.univ-mosta.dz\/vrcc\/bourses-master-information-et-communication\/","title":{"rendered":"Bourses Master Information Et Communication"},"content":{"rendered":"<p>L\u2019Institut Francophone International (IFI) \u2013 Universit\u00e9 Nationale du Vietnam \u00e0 Hanoi met \u00e0 la disposition de l\u2019<strong>UMAB<\/strong>\u00a0le programme de bourses de l\u2019ann\u00e9e 2019 du Master\u00a0<strong>Information et Communication, sp\u00e9cialit\u00e9 Communication Digitale et Editoriale<\/strong>\u00a0soutenu par l\u2019Agence Universitaire de la Francophonie (AUF) dont le dipl\u00f4me est d\u00e9livr\u00e9 par l\u2019Universit\u00e9 de Toulon (France).<\/p>\n<p>Langue d\u2019enseignement\u00a0: Fran\u00e7ais<\/p>\n<p>Dur\u00e9e de formation\u00a0: 14 mois<\/p>\n<p><strong>Date limite\u00a0de d\u00e9p\u00f4t du dossier\u00a0<\/strong>:<span style=\"color: #ff0000\">\u00a0<strong>31\/10\/2019<\/strong><\/span><\/p>\n<p>Inscrivez-vous \u00e0 :\u00a0<span style=\"color: #0000ff\"><a style=\"color: #0000ff\" href=\"https:\/\/forms.gle\/sfxD1xnMK1QygeLC6\" data-saferedirecturl=\"https:\/\/www.google.com\/url?q=https:\/\/forms.gle\/sfxD1xnMK1QygeLC6&amp;source=gmail&amp;ust=1569185358735000&amp;usg=AFQjCNFPyPhtz9z38ELNKioyYdo5zwgZ2Q\">https:\/\/forms.gle\/sfxD1xnMK1QygeLC6<\/a><\/span><\/p>\n<p>Pour plus de d\u00e9tails, visitez le site web :<\/p>\n<p><span style=\"color: #0000ff\"><a style=\"color: #0000ff\" href=\"http:\/\/ifi.vnu.edu.vn\/fr\/news\/Divers\/Avis-de-recrutement-Master-mention-Information-et-Communication-Delai-16-09-2019-637.html\" data-saferedirecturl=\"https:\/\/www.google.com\/url?q=http:\/\/ifi.vnu.edu.vn\/fr\/news\/Divers\/Avis-de-recrutement-Master-mention-Information-et-Communication-Delai-16-09-2019-637.html&amp;source=gmail&amp;ust=1569185358735000&amp;usg=AFQjCNGspGlkeg8cNhbduzLrbjJSDGCtmg\">http:\/\/ifi.vnu.edu.vn\/fr\/news\/Divers\/Avis-de-recrutement-Master-mention-Information-et-Communication-Delai-16-09-2019-637.html<\/a><\/span><\/p>\n<a href=\"https:\/\/www.univ-mosta.dz\/vrcc\/wp-content\/uploads\/sites\/13\/2019\/09\/IFI-Annonce-de-bourses-INFOCOM.pdf\" class=\"pdfemb-viewer\" style=\"\" data-width=\"max\" data-height=\"max\" data-toolbar=\"both\" data-toolbar-fixed=\"on\">IFI-Annonce-de-bourses-INFOCOM<\/a>\n","protected":false},"excerpt":{"rendered":"<p>L\u2019Institut Francophone International (IFI) \u2013 Universit\u00e9 Nationale du Vietnam \u00e0 Hanoi met \u00e0 la disposition de l\u2019UMAB\u00a0le programme de bourses de l\u2019ann\u00e9e 2019 du Master\u00a0Information et Communication, sp\u00e9cialit\u00e9 Communication Digitale &hellip;<\/p>\n","protected":false},"author":15,"featured_media":956,"comment_status":"closed","ping_status":"closed","sticky":false,"template":"","format":"standard","meta":{"_coblocks_attr":"","_coblocks_dimensions":"","_coblocks_responsive_height":"","_coblocks_accordion_ie_support":"","_EventAllDay":false,"_EventTimezone":"","_EventStartDate":"","_EventEndDate":"","_EventStartDateUTC":"","_EventEndDateUTC":"","_EventShowMap":false,"_EventShowMapLink":false,"_EventURL":"","_EventCost":"","_EventCostDescription":"","_EventCurrencySymbol":"","_EventCurrencyCode":"","_EventCurrencyPosition":"","_EventDateTimeSeparator":"","_EventTimeRangeSeparator":"","_EventOrganizerID":[],"_EventVenueID":[],"_OrganizerEmail":"","_OrganizerPhone":"","_OrganizerWebsite":"","_VenueAddress":"","_VenueCity":"","_VenueCountry":"","_VenueProvince":"","_VenueState":"","_VenueZip":"","_VenuePhone":"","_VenueURL":"","_VenueStateProvince":"","_VenueLat":"","_VenueLng":"","_VenueShowMap":false,"_VenueShowMapLink":false,"footnotes":""},"categories":[3,4],"tags":[],"class_list":["post-955","post","type-post","status-publish","format-standard","has-post-thumbnail","hentry","category-actualites","category-bourses"],"_links":{"self":[{"href":"https:\/\/www.univ-mosta.dz\/vrcc\/wp-json\/wp\/v2\/posts\/955","targetHints":{"allow":["GET"]}}],"collection":[{"href":"https:\/\/www.univ-mosta.dz\/vrcc\/wp-json\/wp\/v2\/posts"}],"about":[{"href":"https:\/\/www.univ-mosta.dz\/vrcc\/wp-json\/wp\/v2\/types\/post"}],"author":[{"embeddable":true,"href":"https:\/\/www.univ-mosta.dz\/vrcc\/wp-json\/wp\/v2\/users\/15"}],"replies":[{"embeddable":true,"href":"https:\/\/www.univ-mosta.dz\/vrcc\/wp-json\/wp\/v2\/comments?post=955"}],"version-history":[{"count":2,"href":"https:\/\/www.univ-mosta.dz\/vrcc\/wp-json\/wp\/v2\/posts\/955\/revisions"}],"predecessor-version":[{"id":1105,"href":"https:\/\/www.univ-mosta.dz\/vrcc\/wp-json\/wp\/v2\/posts\/955\/revisions\/1105"}],"wp:featuredmedia":[{"embeddable":true,"href":"https:\/\/www.univ-mosta.dz\/vrcc\/wp-json\/wp\/v2\/media\/956"}],"wp:attachment":[{"href":"https:\/\/www.univ-mosta.dz\/vrcc\/wp-json\/wp\/v2\/media?parent=955"}],"wp:term":[{"taxonomy":"category","embeddable":true,"href":"https:\/\/www.univ-mosta.dz\/vrcc\/wp-json\/wp\/v2\/categories?post=955"},{"taxonomy":"post_tag","embeddable":true,"href":"https:\/\/www.univ-mosta.dz\/vrcc\/wp-json\/wp\/v2\/tags?post=955"}],"curies":[{"name":"wp","href":"https:\/\/api.w.org\/{rel}","templated":true}]}}