{"id":948,"date":"2019-10-10T14:50:48","date_gmt":"2019-10-10T12:50:48","guid":{"rendered":"http:\/\/www.univ-mosta.dz\/vrcc\/?p=948"},"modified":"2020-06-14T14:53:05","modified_gmt":"2020-06-14T12:53:05","slug":"erasmus-ka107-international-credit-mobility-umoveme-un-appel-a-candidature-est-lance","status":"publish","type":"post","link":"https:\/\/www.univ-mosta.dz\/vrcc\/erasmus-ka107-international-credit-mobility-umoveme-un-appel-a-candidature-est-lance\/","title":{"rendered":"ERASMUS+ KA107 International Credit Mobility \u2013 UMOVE(ME) Un Appel \u00c0 Candidature Est Lanc\u00e9"},"content":{"rendered":"<p>L\u2019universit\u00e9 de Minho (UMinho) au Portugal a le plaisir de vous informer que le premier\u00a0<strong>Appel \u00e0 candidatures 2019\/2020\u00a0<\/strong>s\u2019adressant aux \u00e9tudiants et aux personnels acad\u00e9mique souhaitant effectuer des mobilit\u00e9s dans le cadre du Programme Erasmus+ est ouvert.<\/p>\n<p class=\"m_7911105901685685369ydpa3b37997m_360865542415583620gmail-m-1243389608081911777ydp9c4aab19m7288983840770792696gmail-m7934459986095877564yiv2100208114msonormal\">Toutes les informations relatives \u00e0 cet appel d\u2019offres (crit\u00e8res d\u2019\u00e9ligibilit\u00e9 des candidats, financement et modalit\u00e9s de candidatures) sont disponibles sur le lien suivant\u00a0:\u00a0\u00a0<span style=\"color: #0000ff\"><a style=\"color: #0000ff\" href=\"https:\/\/alunos.uminho.pt\/EN\/students\/mobilityprograms\/Pages\/ICM.aspx\" target=\"_blank\" rel=\"noopener noreferrer\">https:\/\/alunos.uminho.pt\/EN\/students\/mobilityprograms\/Pages\/ICM.aspx<\/a><\/span><\/p>\n<p class=\"yiv6923651984msonormal\">Le d\u00e9p\u00f4t candidatures \u00e0 cet appel d\u2019offres se fait exclusivement en ligne au plus tard le\u00a0<span style=\"color: #ff0000\"><b>15 Novembre 2019<\/b><\/span>\u00a0sur la plateforme suivante\u00a0:\u00a0<span lang=\"EN-GB\">\u00a0<span style=\"color: #0000ff\"><a style=\"color: #0000ff\" href=\"http:\/\/bit.do\/umoveme-in\" target=\"_blank\" rel=\"noopener noreferrer\">http:\/\/bit.do\/umoveme-in<\/a><\/span><\/span><\/p>\n","protected":false},"excerpt":{"rendered":"<p>L\u2019universit\u00e9 de Minho (UMinho) au Portugal a le plaisir de vous informer que le premier\u00a0Appel \u00e0 candidatures 2019\/2020\u00a0s\u2019adressant aux \u00e9tudiants et aux personnels acad\u00e9mique souhaitant effectuer des mobilit\u00e9s dans le &hellip;<\/p>\n","protected":false},"author":15,"featured_media":949,"comment_status":"closed","ping_status":"closed","sticky":false,"template":"","format":"standard","meta":{"_coblocks_attr":"","_coblocks_dimensions":"","_coblocks_responsive_height":"","_coblocks_accordion_ie_support":"","_EventAllDay":false,"_EventTimezone":"","_EventStartDate":"","_EventEndDate":"","_EventStartDateUTC":"","_EventEndDateUTC":"","_EventShowMap":false,"_EventShowMapLink":false,"_EventURL":"","_EventCost":"","_EventCostDescription":"","_EventCurrencySymbol":"","_EventCurrencyCode":"","_EventCurrencyPosition":"","_EventDateTimeSeparator":"","_EventTimeRangeSeparator":"","_EventOrganizerID":[],"_EventVenueID":[],"_OrganizerEmail":"","_OrganizerPhone":"","_OrganizerWebsite":"","_VenueAddress":"","_VenueCity":"","_VenueCountry":"","_VenueProvince":"","_VenueState":"","_VenueZip":"","_VenuePhone":"","_VenueURL":"","_VenueStateProvince":"","_VenueLat":"","_VenueLng":"","_VenueShowMap":false,"_VenueShowMapLink":false,"footnotes":""},"categories":[3,4],"tags":[],"class_list":["post-948","post","type-post","status-publish","format-standard","has-post-thumbnail","hentry","category-actualites","category-bourses"],"_links":{"self":[{"href":"https:\/\/www.univ-mosta.dz\/vrcc\/wp-json\/wp\/v2\/posts\/948","targetHints":{"allow":["GET"]}}],"collection":[{"href":"https:\/\/www.univ-mosta.dz\/vrcc\/wp-json\/wp\/v2\/posts"}],"about":[{"href":"https:\/\/www.univ-mosta.dz\/vrcc\/wp-json\/wp\/v2\/types\/post"}],"author":[{"embeddable":true,"href":"https:\/\/www.univ-mosta.dz\/vrcc\/wp-json\/wp\/v2\/users\/15"}],"replies":[{"embeddable":true,"href":"https:\/\/www.univ-mosta.dz\/vrcc\/wp-json\/wp\/v2\/comments?post=948"}],"version-history":[{"count":1,"href":"https:\/\/www.univ-mosta.dz\/vrcc\/wp-json\/wp\/v2\/posts\/948\/revisions"}],"predecessor-version":[{"id":950,"href":"https:\/\/www.univ-mosta.dz\/vrcc\/wp-json\/wp\/v2\/posts\/948\/revisions\/950"}],"wp:featuredmedia":[{"embeddable":true,"href":"https:\/\/www.univ-mosta.dz\/vrcc\/wp-json\/wp\/v2\/media\/949"}],"wp:attachment":[{"href":"https:\/\/www.univ-mosta.dz\/vrcc\/wp-json\/wp\/v2\/media?parent=948"}],"wp:term":[{"taxonomy":"category","embeddable":true,"href":"https:\/\/www.univ-mosta.dz\/vrcc\/wp-json\/wp\/v2\/categories?post=948"},{"taxonomy":"post_tag","embeddable":true,"href":"https:\/\/www.univ-mosta.dz\/vrcc\/wp-json\/wp\/v2\/tags?post=948"}],"curies":[{"name":"wp","href":"https:\/\/api.w.org\/{rel}","templated":true}]}}