{"id":9226,"date":"2023-07-09T10:25:50","date_gmt":"2023-07-09T08:25:50","guid":{"rendered":"https:\/\/www.univ-mosta.dz\/vrcc\/?p=9226"},"modified":"2023-07-20T11:34:53","modified_gmt":"2023-07-20T09:34:53","slug":"appel-a-candidature-pour-des-bourses-de-mobilite-erasmus-vers-luniversite-altinbas-university-turquie","status":"publish","type":"post","link":"https:\/\/www.univ-mosta.dz\/vrcc\/appel-a-candidature-pour-des-bourses-de-mobilite-erasmus-vers-luniversite-altinbas-university-turquie\/","title":{"rendered":"Appel \u00e0 candidature pour des bourses de mobilit\u00e9 Erasmus + vers l\u2019Universit\u00e9 ALTINBAS University Turquie"},"content":{"rendered":"\n<table style=\"border-collapse: collapse;width: 100%\">\n<tbody>\n<tr>\n<td style=\"width: 33.3333%\"><img loading=\"lazy\" decoding=\"async\" class=\"wp-image-8119 aligncenter\" src=\"http:\/\/www.univ-mosta.dz\/vrcc\/wp-content\/uploads\/sites\/13\/2023\/03\/logo-univ-mosta-nouveau-267x300.jpg\" alt=\"\" width=\"142\" height=\"160\" srcset=\"https:\/\/www.univ-mosta.dz\/vrcc\/wp-content\/uploads\/sites\/13\/2023\/03\/logo-univ-mosta-nouveau-267x300.jpg 267w, https:\/\/www.univ-mosta.dz\/vrcc\/wp-content\/uploads\/sites\/13\/2023\/03\/logo-univ-mosta-nouveau-768x863.jpg 768w, https:\/\/www.univ-mosta.dz\/vrcc\/wp-content\/uploads\/sites\/13\/2023\/03\/logo-univ-mosta-nouveau.jpg 830w\" sizes=\"auto, (max-width: 142px) 100vw, 142px\" \/><\/td>\n<td style=\"width: 33.3333%\"><img loading=\"lazy\" decoding=\"async\" class=\"wp-image-2645 aligncenter\" src=\"http:\/\/www.univ-mosta.dz\/vrcc\/wp-content\/uploads\/sites\/13\/2021\/05\/erasmus_logo-300x169.png\" alt=\"\" width=\"249\" height=\"140\" srcset=\"https:\/\/www.univ-mosta.dz\/vrcc\/wp-content\/uploads\/sites\/13\/2021\/05\/erasmus_logo-300x169.png 300w, https:\/\/www.univ-mosta.dz\/vrcc\/wp-content\/uploads\/sites\/13\/2021\/05\/erasmus_logo.png 371w\" sizes=\"auto, (max-width: 249px) 100vw, 249px\" \/><\/td>\n<td style=\"width: 33.3333%\"><img loading=\"lazy\" decoding=\"async\" class=\"wp-image-9228 aligncenter\" src=\"http:\/\/www.univ-mosta.dz\/vrcc\/wp-content\/uploads\/sites\/13\/2023\/07\/logo-ALTINBAS-300x120.png\" alt=\"\" width=\"240\" height=\"96\" srcset=\"https:\/\/www.univ-mosta.dz\/vrcc\/wp-content\/uploads\/sites\/13\/2023\/07\/logo-ALTINBAS-300x120.png 300w, https:\/\/www.univ-mosta.dz\/vrcc\/wp-content\/uploads\/sites\/13\/2023\/07\/logo-ALTINBAS.png 330w\" sizes=\"auto, (max-width: 240px) 100vw, 240px\" \/><\/td>\n<\/tr>\n<\/tbody>\n<\/table>\n<p style=\"text-align: justify\">L\u2019Universit\u00e9 de Mostaganem a le plaisir de vous informer de l\u2019ouverture d\u2019un appel \u00e0 candidature aux bourses de mobilit\u00e9 dans le cadre des projets ERASMUS+ ICM qui lie notre universit\u00e9 et l\u2019<strong>Universit\u00e9\u00a0de\u00a0ALTINBAS University Turquie\u00a0<\/strong>au profit des \u00e9tudiants (Licence, Master) inscrits \u00e0 l\u2019Universit\u00e9 de Mostaganem dans la\u00a0 sp\u00e9cialit\u00e9 suivante :<\/p>\n<ul>\n<li style=\"list-style-type: none\">\n<ul>\n<li style=\"list-style-type: none\">\n<ul style=\"list-style-type: square\">\n<li><strong>Sciences et Technologie.<\/strong><\/li>\n<\/ul>\n<\/li>\n<\/ul>\n<\/li>\n<\/ul>\n<p>\u00a0<\/p>\n<ul>\n<li><strong>Pour Candidater inscrivez-vous en ligne via le lien suivant <\/strong><strong>: <a href=\"https:\/\/international.altinbas.edu.tr\/en\/page\/why-altinbas-university\" target=\"_blank\" rel=\"noopener\">https:\/\/international.altinbas.edu.tr\/en\/page\/why-altinbas-university<\/a><\/strong><\/li>\n<li>Pour plus de d\u00e9tails voir :\u00a0<a style=\"font-size: revert\" href=\"https:\/\/international.altinbas.edu.tr\/en\/page\/why-altinbas-university\" target=\"_blank\" rel=\"noopener\">https:\/\/international.altinbas.edu.tr\/en\/page\/why-altinbas-university<\/a><\/li>\n<li><strong>Date limite des inscriptions en ligne est fix\u00e9e :<\/strong>\u00a0<span style=\"color: #ff0000\"><strong>13 Juillet 2023.<\/strong><\/span><\/li>\n<\/ul>\n\n\n","protected":false},"excerpt":{"rendered":"<p>L\u2019Universit\u00e9 de Mostaganem a le plaisir de vous informer de l\u2019ouverture d\u2019un appel \u00e0 candidature aux bourses de mobilit\u00e9 dans le cadre des projets ERASMUS+ ICM qui lie notre universit\u00e9 &hellip;<\/p>\n","protected":false},"author":15,"featured_media":9227,"comment_status":"closed","ping_status":"closed","sticky":false,"template":"","format":"standard","meta":{"_coblocks_attr":"","_coblocks_dimensions":"","_coblocks_responsive_height":"","_coblocks_accordion_ie_support":"","_EventAllDay":false,"_EventTimezone":"","_EventStartDate":"","_EventEndDate":"","_EventStartDateUTC":"","_EventEndDateUTC":"","_EventShowMap":false,"_EventShowMapLink":false,"_EventURL":"","_EventCost":"","_EventCostDescription":"","_EventCurrencySymbol":"","_EventCurrencyCode":"","_EventCurrencyPosition":"","_EventDateTimeSeparator":"","_EventTimeRangeSeparator":"","_EventOrganizerID":[],"_EventVenueID":[],"_OrganizerEmail":"","_OrganizerPhone":"","_OrganizerWebsite":"","_VenueAddress":"","_VenueCity":"","_VenueCountry":"","_VenueProvince":"","_VenueState":"","_VenueZip":"","_VenuePhone":"","_VenueURL":"","_VenueStateProvince":"","_VenueLat":"","_VenueLng":"","_VenueShowMap":false,"_VenueShowMapLink":false,"footnotes":""},"categories":[3,4],"tags":[],"class_list":["post-9226","post","type-post","status-publish","format-standard","has-post-thumbnail","hentry","category-actualites","category-bourses"],"_links":{"self":[{"href":"https:\/\/www.univ-mosta.dz\/vrcc\/wp-json\/wp\/v2\/posts\/9226","targetHints":{"allow":["GET"]}}],"collection":[{"href":"https:\/\/www.univ-mosta.dz\/vrcc\/wp-json\/wp\/v2\/posts"}],"about":[{"href":"https:\/\/www.univ-mosta.dz\/vrcc\/wp-json\/wp\/v2\/types\/post"}],"author":[{"embeddable":true,"href":"https:\/\/www.univ-mosta.dz\/vrcc\/wp-json\/wp\/v2\/users\/15"}],"replies":[{"embeddable":true,"href":"https:\/\/www.univ-mosta.dz\/vrcc\/wp-json\/wp\/v2\/comments?post=9226"}],"version-history":[{"count":3,"href":"https:\/\/www.univ-mosta.dz\/vrcc\/wp-json\/wp\/v2\/posts\/9226\/revisions"}],"predecessor-version":[{"id":9319,"href":"https:\/\/www.univ-mosta.dz\/vrcc\/wp-json\/wp\/v2\/posts\/9226\/revisions\/9319"}],"wp:featuredmedia":[{"embeddable":true,"href":"https:\/\/www.univ-mosta.dz\/vrcc\/wp-json\/wp\/v2\/media\/9227"}],"wp:attachment":[{"href":"https:\/\/www.univ-mosta.dz\/vrcc\/wp-json\/wp\/v2\/media?parent=9226"}],"wp:term":[{"taxonomy":"category","embeddable":true,"href":"https:\/\/www.univ-mosta.dz\/vrcc\/wp-json\/wp\/v2\/categories?post=9226"},{"taxonomy":"post_tag","embeddable":true,"href":"https:\/\/www.univ-mosta.dz\/vrcc\/wp-json\/wp\/v2\/tags?post=9226"}],"curies":[{"name":"wp","href":"https:\/\/api.w.org\/{rel}","templated":true}]}}