{"id":916,"date":"2019-12-02T14:21:05","date_gmt":"2019-12-02T13:21:05","guid":{"rendered":"http:\/\/www.univ-mosta.dz\/vrcc\/?p=916"},"modified":"2020-06-14T14:22:42","modified_gmt":"2020-06-14T12:22:42","slug":"programme-des-etudiants-leaders-en-entrepreneuriat-social-2019-2020","status":"publish","type":"post","link":"https:\/\/www.univ-mosta.dz\/vrcc\/programme-des-etudiants-leaders-en-entrepreneuriat-social-2019-2020\/","title":{"rendered":"Programme Des \u00c9tudiants Leaders En Entrepreneuriat Social (2019-2020)"},"content":{"rendered":"<p style=\"text-align: justify\"><span lang=\"FR\">L\u2019Embrassade des Etats-Unis \u00e0 Alger relance le Programme<\/span><span lang=\"FR\">\u00a0\u00a0<\/span>\u2018 Study of Institute for Student Leaders on Social Entrepreneurship Program\u2019\u00a0\u00a0<span lang=\"FR\">au profit des \u00e9tudiants en graduation des universit\u00e9s Alg\u00e9riennes.<\/span><\/p>\n<p style=\"text-align: justify\"><span lang=\"FR\">Le programme aura lieu pendant le mois de juin et juillet 2020 pour une dur\u00e9e de cinq \u00a0semaines. La date exacte se pr\u00e9sidera ult\u00e9rieurement (en avril 2020).<\/span><\/p>\n<p style=\"text-align: justify\"><span lang=\"FR\">Les dossiers de candidature doivent \u00eatre envoy\u00e9s \u00e0 la direction de la coop\u00e9ration et des \u00e9changes interuniversitaires du MESRS \u00a0avant le\u00a0<b>15 d\u00e9cembre 2019<\/b>.<\/span><\/p>\n<p style=\"text-align: justify\"><span lang=\"FR\">\u00a0<\/span><span lang=\"FR\">La date limite de r\u00e9ception des dossiers de candidature au niveau du Vice Rectorat des relations ext\u00e9rieures et de la coop\u00e9ration est fix\u00e9e au\u00a0<b>: Mercredi 11 d\u00e9cembre 2019<\/b><\/span><\/p>\n<p><span lang=\"FR\">\u00a0<\/span><span lang=\"FR\">Formulaire d\u2019inscription :\u00a0<a href=\"http:\/\/www.univ-mosta.dz\/wp-content\/uploads\/2019\/12\/Programme-SUSI-Appllication_form-English_Dyn.pdf\" target=\"_blank\" rel=\"noopener noreferrer\"><img loading=\"lazy\" decoding=\"async\" class=\"alignnone wp-image-5778 b-loaded\" src=\"http:\/\/www.univ-mosta.dz\/wp-content\/uploads\/2019\/04\/file-pdf-download-150x150.png\" alt=\"\" width=\"64\" height=\"64\" \/><\/a><\/span><\/p>\n","protected":false},"excerpt":{"rendered":"<p>L\u2019Embrassade des Etats-Unis \u00e0 Alger relance le Programme\u00a0\u00a0\u2018 Study of Institute for Student Leaders on Social Entrepreneurship Program\u2019\u00a0\u00a0au profit des \u00e9tudiants en graduation des universit\u00e9s Alg\u00e9riennes. Le programme aura lieu &hellip;<\/p>\n","protected":false},"author":15,"featured_media":917,"comment_status":"closed","ping_status":"closed","sticky":false,"template":"","format":"standard","meta":{"_coblocks_attr":"","_coblocks_dimensions":"","_coblocks_responsive_height":"","_coblocks_accordion_ie_support":"","_EventAllDay":false,"_EventTimezone":"","_EventStartDate":"","_EventEndDate":"","_EventStartDateUTC":"","_EventEndDateUTC":"","_EventShowMap":false,"_EventShowMapLink":false,"_EventURL":"","_EventCost":"","_EventCostDescription":"","_EventCurrencySymbol":"","_EventCurrencyCode":"","_EventCurrencyPosition":"","_EventDateTimeSeparator":"","_EventTimeRangeSeparator":"","_EventOrganizerID":[],"_EventVenueID":[],"_OrganizerEmail":"","_OrganizerPhone":"","_OrganizerWebsite":"","_VenueAddress":"","_VenueCity":"","_VenueCountry":"","_VenueProvince":"","_VenueState":"","_VenueZip":"","_VenuePhone":"","_VenueURL":"","_VenueStateProvince":"","_VenueLat":"","_VenueLng":"","_VenueShowMap":false,"_VenueShowMapLink":false,"footnotes":""},"categories":[3,4],"tags":[],"class_list":["post-916","post","type-post","status-publish","format-standard","has-post-thumbnail","hentry","category-actualites","category-bourses"],"_links":{"self":[{"href":"https:\/\/www.univ-mosta.dz\/vrcc\/wp-json\/wp\/v2\/posts\/916","targetHints":{"allow":["GET"]}}],"collection":[{"href":"https:\/\/www.univ-mosta.dz\/vrcc\/wp-json\/wp\/v2\/posts"}],"about":[{"href":"https:\/\/www.univ-mosta.dz\/vrcc\/wp-json\/wp\/v2\/types\/post"}],"author":[{"embeddable":true,"href":"https:\/\/www.univ-mosta.dz\/vrcc\/wp-json\/wp\/v2\/users\/15"}],"replies":[{"embeddable":true,"href":"https:\/\/www.univ-mosta.dz\/vrcc\/wp-json\/wp\/v2\/comments?post=916"}],"version-history":[{"count":1,"href":"https:\/\/www.univ-mosta.dz\/vrcc\/wp-json\/wp\/v2\/posts\/916\/revisions"}],"predecessor-version":[{"id":918,"href":"https:\/\/www.univ-mosta.dz\/vrcc\/wp-json\/wp\/v2\/posts\/916\/revisions\/918"}],"wp:featuredmedia":[{"embeddable":true,"href":"https:\/\/www.univ-mosta.dz\/vrcc\/wp-json\/wp\/v2\/media\/917"}],"wp:attachment":[{"href":"https:\/\/www.univ-mosta.dz\/vrcc\/wp-json\/wp\/v2\/media?parent=916"}],"wp:term":[{"taxonomy":"category","embeddable":true,"href":"https:\/\/www.univ-mosta.dz\/vrcc\/wp-json\/wp\/v2\/categories?post=916"},{"taxonomy":"post_tag","embeddable":true,"href":"https:\/\/www.univ-mosta.dz\/vrcc\/wp-json\/wp\/v2\/tags?post=916"}],"curies":[{"name":"wp","href":"https:\/\/api.w.org\/{rel}","templated":true}]}}