{"id":8616,"date":"2023-05-14T13:03:36","date_gmt":"2023-05-14T11:03:36","guid":{"rendered":"https:\/\/www.univ-mosta.dz\/vrcc\/?p=8616"},"modified":"2023-11-20T12:18:12","modified_gmt":"2023-11-20T11:18:12","slug":"site-web-de-la-troisieme-conference-internationale-la-sante-au-naturel","status":"publish","type":"post","link":"https:\/\/www.univ-mosta.dz\/vrcc\/site-web-de-la-troisieme-conference-internationale-la-sante-au-naturel\/","title":{"rendered":"Site Web de la Troisi\u00e8me Conf\u00e9rence Internationale \u00ab\u00a0La Sant\u00e9 au Naturel\u00a0\u00bb"},"content":{"rendered":"\n<p style=\"text-align: justify\">Le Comit\u00e9 d\u2019organisation de La Troisi\u00e8me conf\u00e9rence internationale 3th ICONAHE: \u00ab La Sant\u00e9 au Naturel\u00bb, sous la supervision du&nbsp;<strong>Prof.Dr.Noureddine DJEBLI<\/strong>, qui se tiendra <span style=\"color: #ff0000\"><strong>les 26, 27 et 28 novembre 2023<\/strong><\/span>, a le plaisir de mettre \u00e0 votre disposition ce site Web, \u00e0 travers lequel vous pouvez acc\u00e9der \u00e0 toutes les informations relatives \u00e0 la conf\u00e9rence.<\/p>\n<h3>Lien : &nbsp;<a href=\"https:\/\/www.univ-mosta.dz\/iconahe-2023\/\" target=\"_blank\" rel=\"noopener\">https:\/\/www.univ-mosta.dz\/iconahe-2023\/<\/a><\/h3>\n\n\n","protected":false},"excerpt":{"rendered":"<p>Le Comit\u00e9 d\u2019organisation de La Troisi\u00e8me conf\u00e9rence internationale 3th ICONAHE: \u00ab La Sant\u00e9 au Naturel\u00bb, sous la supervision du&nbsp;Prof.Dr.Noureddine DJEBLI, qui se tiendra les 26, 27 et 28 novembre 2023, &hellip;<\/p>\n","protected":false},"author":15,"featured_media":8617,"comment_status":"closed","ping_status":"closed","sticky":false,"template":"","format":"standard","meta":{"_coblocks_attr":"","_coblocks_dimensions":"","_coblocks_responsive_height":"","_coblocks_accordion_ie_support":"","_EventAllDay":false,"_EventTimezone":"","_EventStartDate":"","_EventEndDate":"","_EventStartDateUTC":"","_EventEndDateUTC":"","_EventShowMap":false,"_EventShowMapLink":false,"_EventURL":"","_EventCost":"","_EventCostDescription":"","_EventCurrencySymbol":"","_EventCurrencyCode":"","_EventCurrencyPosition":"","_EventDateTimeSeparator":"","_EventTimeRangeSeparator":"","_EventOrganizerID":[],"_EventVenueID":[],"_OrganizerEmail":"","_OrganizerPhone":"","_OrganizerWebsite":"","_VenueAddress":"","_VenueCity":"","_VenueCountry":"","_VenueProvince":"","_VenueState":"","_VenueZip":"","_VenuePhone":"","_VenueURL":"","_VenueStateProvince":"","_VenueLat":"","_VenueLng":"","_VenueShowMap":false,"_VenueShowMapLink":false,"footnotes":""},"categories":[3,5],"tags":[],"class_list":["post-8616","post","type-post","status-publish","format-standard","has-post-thumbnail","hentry","category-actualites","category-manifestations-scientifiques"],"_links":{"self":[{"href":"https:\/\/www.univ-mosta.dz\/vrcc\/wp-json\/wp\/v2\/posts\/8616","targetHints":{"allow":["GET"]}}],"collection":[{"href":"https:\/\/www.univ-mosta.dz\/vrcc\/wp-json\/wp\/v2\/posts"}],"about":[{"href":"https:\/\/www.univ-mosta.dz\/vrcc\/wp-json\/wp\/v2\/types\/post"}],"author":[{"embeddable":true,"href":"https:\/\/www.univ-mosta.dz\/vrcc\/wp-json\/wp\/v2\/users\/15"}],"replies":[{"embeddable":true,"href":"https:\/\/www.univ-mosta.dz\/vrcc\/wp-json\/wp\/v2\/comments?post=8616"}],"version-history":[{"count":4,"href":"https:\/\/www.univ-mosta.dz\/vrcc\/wp-json\/wp\/v2\/posts\/8616\/revisions"}],"predecessor-version":[{"id":10323,"href":"https:\/\/www.univ-mosta.dz\/vrcc\/wp-json\/wp\/v2\/posts\/8616\/revisions\/10323"}],"wp:featuredmedia":[{"embeddable":true,"href":"https:\/\/www.univ-mosta.dz\/vrcc\/wp-json\/wp\/v2\/media\/8617"}],"wp:attachment":[{"href":"https:\/\/www.univ-mosta.dz\/vrcc\/wp-json\/wp\/v2\/media?parent=8616"}],"wp:term":[{"taxonomy":"category","embeddable":true,"href":"https:\/\/www.univ-mosta.dz\/vrcc\/wp-json\/wp\/v2\/categories?post=8616"},{"taxonomy":"post_tag","embeddable":true,"href":"https:\/\/www.univ-mosta.dz\/vrcc\/wp-json\/wp\/v2\/tags?post=8616"}],"curies":[{"name":"wp","href":"https:\/\/api.w.org\/{rel}","templated":true}]}}