{"id":840,"date":"2020-03-04T16:57:03","date_gmt":"2020-03-04T15:57:03","guid":{"rendered":"http:\/\/www.univ-mosta.dz\/vrcc\/?p=840"},"modified":"2020-06-10T17:00:21","modified_gmt":"2020-06-10T15:00:21","slug":"quatrieme-appel-a-propositions-du-programme-de-mobilite-universitaire-intra-africain","status":"publish","type":"post","link":"https:\/\/www.univ-mosta.dz\/vrcc\/quatrieme-appel-a-propositions-du-programme-de-mobilite-universitaire-intra-africain\/","title":{"rendered":"Quatri\u00e8me Appel \u00c0 Propositions Du Programme De Mobilit\u00e9 Universitaire Intra-Africain"},"content":{"rendered":"<p><span style=\"font-size: 14pt\">l\u2019Agence ex\u00e9cutive \u00ab Education, audiovisuel et culture \u00bb de la Commission europ\u00e9enne a publi\u00e9 un appel \u00e0 propositions dans le cadre du programme de mobilit\u00e9 acad\u00e9mique intra-africaine.<\/span><\/p>\n<p><span style=\"font-size: 14pt\">Date limite de d\u00e9p\u00f4t des candidatures:\u00a0\u00a0<strong>19 mai 2020<\/strong>.<\/span><\/p>\n<p><span style=\"font-size: 14pt\">pour plus d\u2019informations, visitez le lien suivant:<\/span><\/p>\n<p><span style=\"font-size: 14pt;color: #3366ff\"><strong><a style=\"color: #3366ff\" href=\"https:\/\/eacea.ec.europa.eu\/intra-africa\/funding\/intra-africa-academic-mobility-scheme-2020\" target=\"_blank\" rel=\"noopener noreferrer\">https:\/\/eacea.ec.europa.eu\/intra-africa\/funding\/intra-africa-academic-mobility-scheme-2020<\/a><\/strong><\/span><\/p>\n","protected":false},"excerpt":{"rendered":"<p>l\u2019Agence ex\u00e9cutive \u00ab Education, audiovisuel et culture \u00bb de la Commission europ\u00e9enne a publi\u00e9 un appel \u00e0 propositions dans le cadre du programme de mobilit\u00e9 acad\u00e9mique intra-africaine. Date limite de &hellip;<\/p>\n","protected":false},"author":15,"featured_media":841,"comment_status":"closed","ping_status":"closed","sticky":false,"template":"","format":"standard","meta":{"_coblocks_attr":"","_coblocks_dimensions":"","_coblocks_responsive_height":"","_coblocks_accordion_ie_support":"","_EventAllDay":false,"_EventTimezone":"","_EventStartDate":"","_EventEndDate":"","_EventStartDateUTC":"","_EventEndDateUTC":"","_EventShowMap":false,"_EventShowMapLink":false,"_EventURL":"","_EventCost":"","_EventCostDescription":"","_EventCurrencySymbol":"","_EventCurrencyCode":"","_EventCurrencyPosition":"","_EventDateTimeSeparator":"","_EventTimeRangeSeparator":"","_EventOrganizerID":[],"_EventVenueID":[],"_OrganizerEmail":"","_OrganizerPhone":"","_OrganizerWebsite":"","_VenueAddress":"","_VenueCity":"","_VenueCountry":"","_VenueProvince":"","_VenueState":"","_VenueZip":"","_VenuePhone":"","_VenueURL":"","_VenueStateProvince":"","_VenueLat":"","_VenueLng":"","_VenueShowMap":false,"_VenueShowMapLink":false,"footnotes":""},"categories":[3,4],"tags":[],"class_list":["post-840","post","type-post","status-publish","format-standard","has-post-thumbnail","hentry","category-actualites","category-bourses"],"_links":{"self":[{"href":"https:\/\/www.univ-mosta.dz\/vrcc\/wp-json\/wp\/v2\/posts\/840","targetHints":{"allow":["GET"]}}],"collection":[{"href":"https:\/\/www.univ-mosta.dz\/vrcc\/wp-json\/wp\/v2\/posts"}],"about":[{"href":"https:\/\/www.univ-mosta.dz\/vrcc\/wp-json\/wp\/v2\/types\/post"}],"author":[{"embeddable":true,"href":"https:\/\/www.univ-mosta.dz\/vrcc\/wp-json\/wp\/v2\/users\/15"}],"replies":[{"embeddable":true,"href":"https:\/\/www.univ-mosta.dz\/vrcc\/wp-json\/wp\/v2\/comments?post=840"}],"version-history":[{"count":1,"href":"https:\/\/www.univ-mosta.dz\/vrcc\/wp-json\/wp\/v2\/posts\/840\/revisions"}],"predecessor-version":[{"id":842,"href":"https:\/\/www.univ-mosta.dz\/vrcc\/wp-json\/wp\/v2\/posts\/840\/revisions\/842"}],"wp:featuredmedia":[{"embeddable":true,"href":"https:\/\/www.univ-mosta.dz\/vrcc\/wp-json\/wp\/v2\/media\/841"}],"wp:attachment":[{"href":"https:\/\/www.univ-mosta.dz\/vrcc\/wp-json\/wp\/v2\/media?parent=840"}],"wp:term":[{"taxonomy":"category","embeddable":true,"href":"https:\/\/www.univ-mosta.dz\/vrcc\/wp-json\/wp\/v2\/categories?post=840"},{"taxonomy":"post_tag","embeddable":true,"href":"https:\/\/www.univ-mosta.dz\/vrcc\/wp-json\/wp\/v2\/tags?post=840"}],"curies":[{"name":"wp","href":"https:\/\/api.w.org\/{rel}","templated":true}]}}