{"id":8396,"date":"2023-04-10T11:33:18","date_gmt":"2023-04-10T09:33:18","guid":{"rendered":"https:\/\/www.univ-mosta.dz\/vrcc\/?p=8396"},"modified":"2023-04-10T13:30:05","modified_gmt":"2023-04-10T11:30:05","slug":"journee-detude-a-distance-sur-lefficacite-de-la-cour-africaine-de-protection-des-droits-de-lhomme-et-des-peuples","status":"publish","type":"post","link":"https:\/\/www.univ-mosta.dz\/vrcc\/journee-detude-a-distance-sur-lefficacite-de-la-cour-africaine-de-protection-des-droits-de-lhomme-et-des-peuples\/","title":{"rendered":"Journ\u00e9e d\u2019\u00e9tude \u00e0 distance sur\u00a0: \u00ab\u00a0L&rsquo;efficacit\u00e9 de la Cour africaine de protection des droits de l&rsquo;homme et des peuples \u00bb <strong>Le 13 Avril 2023<\/strong>"},"content":{"rendered":"\n<p style=\"text-align: center\"><strong>Universit\u00e9 de Abdelhamid Ibn Badis \u2013 Mostaganem<\/strong><\/p>\n<p style=\"text-align: center\"><strong>Facult\u00e9 de Droit et des Sciences Politiques<\/strong><\/p>\n<p style=\"text-align: center\"><strong>L\u2019\u00e9quipe de recherche PRFU : La justice p\u00e9nale internationale et les droits de<\/strong> <strong>l&rsquo;homme entre d\u00e9fis du pr\u00e9sent et pr\u00e9voyance de l&rsquo;avenir<\/strong><\/p>\n<p style=\"text-align: center\">En coordination avec<\/p>\n<p style=\"text-align: center\">Laboratoire des droits de l&rsquo;homme et des libert\u00e9s publiques<\/p>\n<p style=\"text-align: center\">\u00a0Organise\u00a0une journ\u00e9e d\u2019\u00e9tude \u00e0 distance sur\u00a0:<\/p>\n<p style=\"text-align: center\"><span style=\"color: #339966\"><strong>\u00ab\u00a0L&rsquo;efficacit\u00e9 de la Cour africaine de protection des droits de l&rsquo;homme et des peuples \u00bb<\/strong><\/span><\/p>\n<p style=\"text-align: center\"><span style=\"color: #ff0000\"><strong>Le 13 Avril 2023<\/strong><\/span><\/p>\n<a href=\"https:\/\/www.univ-mosta.dz\/vrcc\/wp-content\/uploads\/sites\/13\/2023\/04\/\u0645\u0637\u0648\u064a\u0629-\u0627\u0644\u064a\u0648\u0645-\u0627\u0644\u062f\u0631\u0627\u0633\u064a-\u062d\u0648\u0644-\u0627\u0644\u0645\u062d\u0643\u0645\u0629-\u0627\u0644\u0627\u0641\u0631\u064a\u0642\u064a\u0629-fr.pdf\" class=\"pdfemb-viewer\" style=\"\" data-width=\"max\" data-height=\"max\" data-toolbar=\"both\" data-toolbar-fixed=\"on\">\u0645\u0637\u0648\u064a\u0629 \u0627\u0644\u064a\u0648\u0645 \u0627\u0644\u062f\u0631\u0627\u0633\u064a \u062d\u0648\u0644 \u0627\u0644\u0645\u062d\u0643\u0645\u0629 \u0627\u0644\u0627\u0641\u0631\u064a\u0642\u064a\u0629 fr<\/a>\n\n\n\n\n\n<p><\/p>\n","protected":false},"excerpt":{"rendered":"<p>Universit\u00e9 de Abdelhamid Ibn Badis \u2013 Mostaganem Facult\u00e9 de Droit et des Sciences Politiques L\u2019\u00e9quipe de recherche PRFU : La justice p\u00e9nale internationale et les droits de l&rsquo;homme entre d\u00e9fis &hellip;<\/p>\n","protected":false},"author":15,"featured_media":8397,"comment_status":"closed","ping_status":"closed","sticky":false,"template":"","format":"standard","meta":{"_coblocks_attr":"","_coblocks_dimensions":"","_coblocks_responsive_height":"","_coblocks_accordion_ie_support":"","_EventAllDay":false,"_EventTimezone":"","_EventStartDate":"","_EventEndDate":"","_EventStartDateUTC":"","_EventEndDateUTC":"","_EventShowMap":false,"_EventShowMapLink":false,"_EventURL":"","_EventCost":"","_EventCostDescription":"","_EventCurrencySymbol":"","_EventCurrencyCode":"","_EventCurrencyPosition":"","_EventDateTimeSeparator":"","_EventTimeRangeSeparator":"","_EventOrganizerID":[],"_EventVenueID":[],"_OrganizerEmail":"","_OrganizerPhone":"","_OrganizerWebsite":"","_VenueAddress":"","_VenueCity":"","_VenueCountry":"","_VenueProvince":"","_VenueState":"","_VenueZip":"","_VenuePhone":"","_VenueURL":"","_VenueStateProvince":"","_VenueLat":"","_VenueLng":"","_VenueShowMap":false,"_VenueShowMapLink":false,"footnotes":""},"categories":[3,119],"tags":[],"class_list":["post-8396","post","type-post","status-publish","format-standard","has-post-thumbnail","hentry","category-actualites","category-journees-detudes"],"_links":{"self":[{"href":"https:\/\/www.univ-mosta.dz\/vrcc\/wp-json\/wp\/v2\/posts\/8396","targetHints":{"allow":["GET"]}}],"collection":[{"href":"https:\/\/www.univ-mosta.dz\/vrcc\/wp-json\/wp\/v2\/posts"}],"about":[{"href":"https:\/\/www.univ-mosta.dz\/vrcc\/wp-json\/wp\/v2\/types\/post"}],"author":[{"embeddable":true,"href":"https:\/\/www.univ-mosta.dz\/vrcc\/wp-json\/wp\/v2\/users\/15"}],"replies":[{"embeddable":true,"href":"https:\/\/www.univ-mosta.dz\/vrcc\/wp-json\/wp\/v2\/comments?post=8396"}],"version-history":[{"count":5,"href":"https:\/\/www.univ-mosta.dz\/vrcc\/wp-json\/wp\/v2\/posts\/8396\/revisions"}],"predecessor-version":[{"id":8412,"href":"https:\/\/www.univ-mosta.dz\/vrcc\/wp-json\/wp\/v2\/posts\/8396\/revisions\/8412"}],"wp:featuredmedia":[{"embeddable":true,"href":"https:\/\/www.univ-mosta.dz\/vrcc\/wp-json\/wp\/v2\/media\/8397"}],"wp:attachment":[{"href":"https:\/\/www.univ-mosta.dz\/vrcc\/wp-json\/wp\/v2\/media?parent=8396"}],"wp:term":[{"taxonomy":"category","embeddable":true,"href":"https:\/\/www.univ-mosta.dz\/vrcc\/wp-json\/wp\/v2\/categories?post=8396"},{"taxonomy":"post_tag","embeddable":true,"href":"https:\/\/www.univ-mosta.dz\/vrcc\/wp-json\/wp\/v2\/tags?post=8396"}],"curies":[{"name":"wp","href":"https:\/\/api.w.org\/{rel}","templated":true}]}}