{"id":8215,"date":"2021-01-18T10:22:00","date_gmt":"2021-01-18T09:22:00","guid":{"rendered":"https:\/\/www.univ-mosta.dz\/vrcc\/?p=8215"},"modified":"2023-03-19T14:17:08","modified_gmt":"2023-03-19T13:17:08","slug":"maghreb-webinar-on-strengthening-entrepreneurship-in-the-maghreb","status":"publish","type":"post","link":"https:\/\/www.univ-mosta.dz\/vrcc\/maghreb-webinar-on-strengthening-entrepreneurship-in-the-maghreb\/","title":{"rendered":"<strong>Maghreb webinar on: \u201cStrengthening entrepreneurship in the Maghreb\u201d<\/strong>"},"content":{"rendered":"\n<p>As part of Yabda Erasmus + project, the Yabda consortium is organsing a series of webinars on the theme:<\/p>\n<table style=\"height: 70px;width: 99.5156%;border-collapse: collapse;background-color: #c0c6f0\">\n<tbody>\n<tr>\n<td style=\"width: 100%;text-align: center\"><span style=\"font-size: 14pt;color: #000000\"><strong>\u2018<em>\u2019Strengtheningentrepreneurship in the Maghreb countries<\/em>\u2019\u2019<\/strong> <\/span><\/td>\n<\/tr>\n<\/tbody>\n<\/table>\n<p style=\"text-align: center\"><strong>On January <span style=\"color: #ff0000\">20<\/span>, <span style=\"color: #ff0000\">21<\/span> and <span style=\"color: #ff0000\">22<\/span>, <span style=\"color: #ff0000\">2021<\/span><\/strong><\/p>\n<p style=\"text-align: center\"><strong>from <span style=\"color: #ff0000\">4<\/span> p.m. to <span style=\"color: #ff0000\">6<\/span> p.m.<\/strong><\/p>\n<p style=\"text-align: justify\">The webinar saim to train academic and administrative staff and students from Maghreb universities based in <strong>Algeria<\/strong>, <strong>Morocco<\/strong> and <strong>Tunisia<\/strong> through the exchange of experiences and good practices with institutions in partner European Union countries, in this case: Athens University of Economics and Business (AUEB), HEC Management School \u2013 University of Li\u00e8ge and ReadLab (Athens, Greece) and Aix en Provence University (France).<\/p>\n<p style=\"text-align: justify\">The webinarswillberecorded for later use as teachingmaterials for the Yabda course for future entrepreneurs.<\/p>\n<p style=\"text-align: justify\">You canjoin the Yabda webinars in the Yabda Massive Online Courses (MOOC) section \u201cTraining the Trainers: Developing an Entrepreneurial Mindset\u201d by clicking on the link: <a href=\"https:\/\/mooc.yabda-project.eu\/courses\/course-v1:YabdaFR+Yabda1+2020\/about\">https:\/\/mooc.yabda-project.eu\/courses\/course-v1:YabdaFR+Yabda1+2020\/about<\/a>.<\/p>\n<p style=\"text-align: justify\">You canregister for the Yabda training by connecting to the zoom links at the bottom of each training programme below.<\/p>\n<ul>\n<li><strong>Wednesday January 20, 2021 :<\/strong><\/li>\n<\/ul>\n<p><strong>\u00a0 \u00a0 \u00a0 \u00a0 \u00a0<\/strong><strong>\u203a Axis 1:<\/strong> Promotion of entrepreneurship<\/p>\n<p><strong>\u00a0 \u00a0 \u00a0 \u00a0 \u00a0&#8212;<\/strong><span style=\"text-decoration: underline\">ZOOM link of <span style=\"color: #ff0000;text-decoration: underline\">January 20, 2021 at 4 p.m.<\/span><\/span>:<\/p>\n<table style=\"height: 46px;width: 96%;border-collapse: collapse;background-color: #e8e3e3\">\n<tbody>\n<tr>\n<td style=\"width: 100%;text-align: center\"><span style=\"color: #0000ff\"><a style=\"color: #0000ff\" href=\"https:\/\/zoom.us\/j\/94183970982?pwd=eEVQYk92Z2I4V2lqMXM4aGI2eGJCZz09\">https:\/\/zoom.us\/j\/94183970982?pwd=eEVQYk92Z2I4V2lqMXM4aGI2eGJCZz09<\/a><\/span>\n<p>\u00a0<\/p>\n<p><strong>Meeting ID:<\/strong> 941 8397 0982<br \/><strong>Passcode:<\/strong> 439688<\/p>\n<\/td>\n<\/tr>\n<\/tbody>\n<\/table>\n<p>\u00a0<\/p>\n<ul>\n<li><strong>Thursday January 21, 2021 :<\/strong><\/li>\n<\/ul>\n<p><strong> \u00a0 \u00a0 \u00a0 \u00a0 \u00a0 \u203a Axis 2:<\/strong> Mechanisms for the creation of startups in the Maghreb: legislation and financing<\/p>\n<p><strong>\u00a0 \u00a0 \u00a0 \u00a0 \u00a0 &#8212;<\/strong><span style=\"text-decoration: underline\">ZOOM link of <span style=\"color: #ff0000;text-decoration: underline\">January 21, 2021 at 4 p.m.<\/span><\/span>:<\/p>\n<table style=\"width: 96.1209%;border-collapse: collapse;background-color: #e8e3e3;height: 47px\">\n<tbody>\n<tr>\n<td style=\"width: 100%;text-align: center\"><span style=\"color: #0000ff\"><a style=\"color: #0000ff\" href=\"https:\/\/zoom.us\/j\/92884314712?pwd=MTdDcTM0ZTVmYXhsVEwrMHRDZWwwUT09\">https:\/\/zoom.us\/j\/92884314712?pwd=MTdDcTM0ZTVmYXhsVEwrMHRDZWwwUT09<\/a><\/span>\n<p>\u00a0<\/p>\n<p><strong>Meeting ID:<\/strong> 928 8431 4712<br \/><strong>Passcode:<\/strong> 078074<\/p>\n<\/td>\n<\/tr>\n<\/tbody>\n<\/table>\n<p>\u00a0<\/p>\n<ul>\n<li><strong>Friday January 22, 2021:<\/strong><\/li>\n<\/ul>\n<p><strong>\u00a0 \u00a0 \u00a0 \u00a0 \u00a0 \u203a Axis 3 :<\/strong> Entrepreneurial innovation<\/p>\n<p><strong>\u00a0 \u00a0 \u00a0 \u00a0 \u00a0 &#8212;<\/strong><span style=\"text-decoration: underline\">ZOOM link of <span style=\"color: #ff0000;text-decoration: underline\">January 22, 2021 at 4 p.m.<\/span><\/span>:<\/p>\n<table style=\"width: 96.0001%;border-collapse: collapse;background-color: #e8e3e3;height: 46px\">\n<tbody>\n<tr>\n<td style=\"width: 100%;text-align: center\"><span style=\"color: #0000ff\"><a style=\"color: #0000ff\" href=\"https:\/\/zoom.us\/j\/92880743446?pwd=ZlJTcytFbDZDWHlpcjFxbmNhQTMrdz09\">https:\/\/zoom.us\/j\/92880743446?pwd=ZlJTcytFbDZDWHlpcjFxbmNhQTMrdz09<\/a><\/span>\n<p>\u00a0<\/p>\n<p><strong>Meeting ID:<\/strong> 928 8074 3446<br \/><strong>Passcode:<\/strong> 607721<\/p>\n<\/td>\n<\/tr>\n<\/tbody>\n<\/table>\n<p style=\"text-align: center\"><span style=\"color: #000080;font-size: 14pt\"><strong style=\"background-color: #f2eded\">Webinar Program <\/strong><\/span><\/p>\n<p><a href=\"http:\/\/www.univ-mosta.dz\/vrcc\/wp-content\/uploads\/sites\/13\/2023\/03\/Webinaire-maghrebin-sur-Le-renforcement-de-lentrepreneuriat-au-Maghreb-..-20-21-et-22-Janvier-2021.pdf\" target=\"_blank\" rel=\"noopener\"><img loading=\"lazy\" decoding=\"async\" class=\"aligncenter wp-image-1608\" src=\"http:\/\/www.univ-mosta.dz\/vrcc\/wp-content\/uploads\/sites\/13\/2021\/01\/telecharger-icone.png\" alt=\"\" width=\"78\" height=\"76\" \/><\/a><\/p>\n<div id='gallery-1' class='gallery galleryid-8215 gallery-columns-2 gallery-size-large'><figure class='gallery-item'>\n\t\t\t<div class='gallery-icon landscape'>\n\t\t\t\t<a href='https:\/\/www.univ-mosta.dz\/vrcc\/maghreb-webinar-on-strengthening-entrepreneurship-in-the-maghreb\/j1-webinaire-yabda-phs-1-300x278\/'><img loading=\"lazy\" decoding=\"async\" width=\"300\" height=\"278\" src=\"https:\/\/www.univ-mosta.dz\/vrcc\/wp-content\/uploads\/sites\/13\/2023\/03\/J1-Webinaire-Yabda-Phs-1-300x278-1.jpg\" class=\"attachment-large size-large\" alt=\"\" \/><\/a>\n\t\t\t<\/div><\/figure><figure class='gallery-item'>\n\t\t\t<div class='gallery-icon landscape'>\n\t\t\t\t<a href='https:\/\/www.univ-mosta.dz\/vrcc\/maghreb-webinar-on-strengthening-entrepreneurship-in-the-maghreb\/j2-webinaire-yabda-phs-1-300x278\/'><img loading=\"lazy\" decoding=\"async\" width=\"300\" height=\"278\" src=\"https:\/\/www.univ-mosta.dz\/vrcc\/wp-content\/uploads\/sites\/13\/2023\/03\/J2-Webinaire-Yabda-Phs-1-300x278-1.jpg\" class=\"attachment-large size-large\" alt=\"\" \/><\/a>\n\t\t\t<\/div><\/figure><figure class='gallery-item'>\n\t\t\t<div class='gallery-icon landscape'>\n\t\t\t\t<a href='https:\/\/www.univ-mosta.dz\/vrcc\/maghreb-webinar-on-strengthening-entrepreneurship-in-the-maghreb\/j3-webinaire-yabda-phs-300x278\/'><img loading=\"lazy\" decoding=\"async\" width=\"300\" height=\"278\" src=\"https:\/\/www.univ-mosta.dz\/vrcc\/wp-content\/uploads\/sites\/13\/2023\/03\/J3-Webinaire-Yabda-Phs-300x278-1.jpg\" class=\"attachment-large size-large\" alt=\"\" \/><\/a>\n\t\t\t<\/div><\/figure><figure class='gallery-item'>\n\t\t\t<div class='gallery-icon portrait'>\n\t\t\t\t<a href='https:\/\/www.univ-mosta.dz\/vrcc\/maghreb-webinar-on-strengthening-entrepreneurship-in-the-maghreb\/programme-webinaire-yabda-phs-1-293x300\/'><img loading=\"lazy\" decoding=\"async\" width=\"293\" height=\"300\" src=\"https:\/\/www.univ-mosta.dz\/vrcc\/wp-content\/uploads\/sites\/13\/2023\/03\/Programme-Webinaire-Yabda-Phs-1-293x300-1.jpg\" class=\"attachment-large size-large\" alt=\"\" \/><\/a>\n\t\t\t<\/div><\/figure>\n\t\t<\/div>\n\n<p>\u00a0<\/p>\n\n\n","protected":false},"excerpt":{"rendered":"<p>As part of Yabda Erasmus + project, the Yabda consortium is organsing a series of webinars on the theme: \u2018\u2019Strengtheningentrepreneurship in the Maghreb countries\u2019\u2019 On January 20, 21 and 22, 2021 from 4 p.m. to 6 p.m. The webinar saim to train academic and administrative staff and students from Maghreb universities based in Algeria, Morocco &hellip;<\/p>\n","protected":false},"author":15,"featured_media":1602,"comment_status":"closed","ping_status":"closed","sticky":false,"template":"","format":"standard","meta":{"_coblocks_attr":"","_coblocks_dimensions":"","_coblocks_responsive_height":"","_coblocks_accordion_ie_support":"","footnotes":""},"categories":[91,204],"tags":[],"class_list":["post-8215","post","type-post","status-publish","format-standard","has-post-thumbnail","hentry","category-news","category-yabda-project"],"yoast_head":"<!-- This site is optimized with the Yoast SEO plugin v28.3 - https:\/\/yoast.com\/product\/yoast-seo-wordpress\/ -->\n<title>Maghreb webinar on: \u201cStrengthening entrepreneurship in the Maghreb\u201d - Vice Rectorat des Relations Ext\u00e9rieures, de la Coop\u00e9ration, de l\u2019Animation et la Communication et des Manifestations Scientifiques<\/title>\n<meta name=\"robots\" content=\"index, follow, max-snippet:-1, max-image-preview:large, max-video-preview:-1\" \/>\n<link rel=\"canonical\" href=\"https:\/\/www.univ-mosta.dz\/vrcc\/maghreb-webinar-on-strengthening-entrepreneurship-in-the-maghreb\/\" \/>\n<meta property=\"og:locale\" content=\"fr_FR\" \/>\n<meta property=\"og:type\" content=\"article\" \/>\n<meta property=\"og:title\" content=\"Maghreb webinar on: \u201cStrengthening entrepreneurship in the Maghreb\u201d - Vice Rectorat des Relations Ext\u00e9rieures, de la Coop\u00e9ration, de l\u2019Animation et la Communication et des Manifestations Scientifiques\" \/>\n<meta property=\"og:description\" content=\"As part of Yabda Erasmus + project, the Yabda consortium is organsing a series of webinars on the theme: \u2018\u2019Strengtheningentrepreneurship in the Maghreb countries\u2019\u2019 On January 20, 21 and 22, 2021 from 4 p.m. to 6 p.m. The webinar saim to train academic and administrative staff and students from Maghreb universities based in Algeria, Morocco &hellip;\" \/>\n<meta property=\"og:url\" content=\"https:\/\/www.univ-mosta.dz\/vrcc\/maghreb-webinar-on-strengthening-entrepreneurship-in-the-maghreb\/\" \/>\n<meta property=\"og:site_name\" content=\"Vice Rectorat des Relations Ext\u00e9rieures, de la Coop\u00e9ration, de l\u2019Animation et la Communication et des Manifestations Scientifiques\" \/>\n<meta property=\"article:published_time\" content=\"2021-01-18T09:22:00+00:00\" \/>\n<meta property=\"article:modified_time\" content=\"2023-03-19T13:17:08+00:00\" \/>\n<meta property=\"og:image\" content=\"https:\/\/www.univ-mosta.dz\/vrcc\/wp-content\/uploads\/sites\/13\/2021\/01\/yabda.jpg\" \/>\n\t<meta property=\"og:image:width\" content=\"468\" \/>\n\t<meta property=\"og:image:height\" content=\"375\" \/>\n\t<meta property=\"og:image:type\" content=\"image\/jpeg\" \/>\n<meta name=\"author\" content=\"admin\" \/>\n<meta name=\"twitter:card\" content=\"summary_large_image\" \/>\n<meta name=\"twitter:label1\" content=\"\u00c9crit par\" \/>\n\t<meta name=\"twitter:data1\" content=\"admin\" \/>\n\t<meta name=\"twitter:label2\" content=\"Dur\u00e9e de lecture estim\u00e9e\" \/>\n\t<meta name=\"twitter:data2\" content=\"2 minutes\" \/>\n<script type=\"application\/ld+json\" class=\"yoast-schema-graph\">{\"@context\":\"https:\\\/\\\/schema.org\",\"@graph\":[{\"@type\":\"Article\",\"@id\":\"https:\\\/\\\/www.univ-mosta.dz\\\/vrcc\\\/maghreb-webinar-on-strengthening-entrepreneurship-in-the-maghreb\\\/#article\",\"isPartOf\":{\"@id\":\"https:\\\/\\\/www.univ-mosta.dz\\\/vrcc\\\/maghreb-webinar-on-strengthening-entrepreneurship-in-the-maghreb\\\/\"},\"author\":{\"name\":\"admin\",\"@id\":\"https:\\\/\\\/www.univ-mosta.dz\\\/vrcc\\\/#\\\/schema\\\/person\\\/d47c5c6913a74c94b4bce4989f21f5e8\"},\"headline\":\"Maghreb webinar on: \u201cStrengthening entrepreneurship in the Maghreb\u201d\",\"datePublished\":\"2021-01-18T09:22:00+00:00\",\"dateModified\":\"2023-03-19T13:17:08+00:00\",\"mainEntityOfPage\":{\"@id\":\"https:\\\/\\\/www.univ-mosta.dz\\\/vrcc\\\/maghreb-webinar-on-strengthening-entrepreneurship-in-the-maghreb\\\/\"},\"wordCount\":261,\"image\":{\"@id\":\"https:\\\/\\\/www.univ-mosta.dz\\\/vrcc\\\/maghreb-webinar-on-strengthening-entrepreneurship-in-the-maghreb\\\/#primaryimage\"},\"thumbnailUrl\":\"https:\\\/\\\/www.univ-mosta.dz\\\/vrcc\\\/wp-content\\\/uploads\\\/sites\\\/13\\\/2021\\\/01\\\/yabda.jpg\",\"articleSection\":[\"News\",\"Yabda Project\"],\"inLanguage\":\"fr-FR\"},{\"@type\":\"WebPage\",\"@id\":\"https:\\\/\\\/www.univ-mosta.dz\\\/vrcc\\\/maghreb-webinar-on-strengthening-entrepreneurship-in-the-maghreb\\\/\",\"url\":\"https:\\\/\\\/www.univ-mosta.dz\\\/vrcc\\\/maghreb-webinar-on-strengthening-entrepreneurship-in-the-maghreb\\\/\",\"name\":\"Maghreb webinar on: \u201cStrengthening entrepreneurship in the Maghreb\u201d - Vice Rectorat des Relations Ext\u00e9rieures, de la Coop\u00e9ration, de l\u2019Animation et la Communication et des Manifestations Scientifiques\",\"isPartOf\":{\"@id\":\"https:\\\/\\\/www.univ-mosta.dz\\\/vrcc\\\/#website\"},\"primaryImageOfPage\":{\"@id\":\"https:\\\/\\\/www.univ-mosta.dz\\\/vrcc\\\/maghreb-webinar-on-strengthening-entrepreneurship-in-the-maghreb\\\/#primaryimage\"},\"image\":{\"@id\":\"https:\\\/\\\/www.univ-mosta.dz\\\/vrcc\\\/maghreb-webinar-on-strengthening-entrepreneurship-in-the-maghreb\\\/#primaryimage\"},\"thumbnailUrl\":\"https:\\\/\\\/www.univ-mosta.dz\\\/vrcc\\\/wp-content\\\/uploads\\\/sites\\\/13\\\/2021\\\/01\\\/yabda.jpg\",\"datePublished\":\"2021-01-18T09:22:00+00:00\",\"dateModified\":\"2023-03-19T13:17:08+00:00\",\"author\":{\"@id\":\"https:\\\/\\\/www.univ-mosta.dz\\\/vrcc\\\/#\\\/schema\\\/person\\\/d47c5c6913a74c94b4bce4989f21f5e8\"},\"breadcrumb\":{\"@id\":\"https:\\\/\\\/www.univ-mosta.dz\\\/vrcc\\\/maghreb-webinar-on-strengthening-entrepreneurship-in-the-maghreb\\\/#breadcrumb\"},\"inLanguage\":\"fr-FR\",\"potentialAction\":[{\"@type\":\"ReadAction\",\"target\":[\"https:\\\/\\\/www.univ-mosta.dz\\\/vrcc\\\/maghreb-webinar-on-strengthening-entrepreneurship-in-the-maghreb\\\/\"]}]},{\"@type\":\"ImageObject\",\"inLanguage\":\"fr-FR\",\"@id\":\"https:\\\/\\\/www.univ-mosta.dz\\\/vrcc\\\/maghreb-webinar-on-strengthening-entrepreneurship-in-the-maghreb\\\/#primaryimage\",\"url\":\"https:\\\/\\\/www.univ-mosta.dz\\\/vrcc\\\/wp-content\\\/uploads\\\/sites\\\/13\\\/2021\\\/01\\\/yabda.jpg\",\"contentUrl\":\"https:\\\/\\\/www.univ-mosta.dz\\\/vrcc\\\/wp-content\\\/uploads\\\/sites\\\/13\\\/2021\\\/01\\\/yabda.jpg\",\"width\":468,\"height\":375},{\"@type\":\"BreadcrumbList\",\"@id\":\"https:\\\/\\\/www.univ-mosta.dz\\\/vrcc\\\/maghreb-webinar-on-strengthening-entrepreneurship-in-the-maghreb\\\/#breadcrumb\",\"itemListElement\":[{\"@type\":\"ListItem\",\"position\":1,\"name\":\"Accueil\",\"item\":\"https:\\\/\\\/www.univ-mosta.dz\\\/vrcc\\\/home\\\/\"},{\"@type\":\"ListItem\",\"position\":2,\"name\":\"Maghreb webinar on: \u201cStrengthening entrepreneurship in the Maghreb\u201d\"}]},{\"@type\":\"WebSite\",\"@id\":\"https:\\\/\\\/www.univ-mosta.dz\\\/vrcc\\\/#website\",\"url\":\"https:\\\/\\\/www.univ-mosta.dz\\\/vrcc\\\/\",\"name\":\"Vice Rectorat des Relations Ext\u00e9rieures, de la Coop\u00e9ration, de l\u2019Animation et la Communication et des Manifestations Scientifiques\",\"description\":\"VRCC\",\"potentialAction\":[{\"@type\":\"SearchAction\",\"target\":{\"@type\":\"EntryPoint\",\"urlTemplate\":\"https:\\\/\\\/www.univ-mosta.dz\\\/vrcc\\\/?s={search_term_string}\"},\"query-input\":{\"@type\":\"PropertyValueSpecification\",\"valueRequired\":true,\"valueName\":\"search_term_string\"}}],\"inLanguage\":\"fr-FR\"},{\"@type\":\"Person\",\"@id\":\"https:\\\/\\\/www.univ-mosta.dz\\\/vrcc\\\/#\\\/schema\\\/person\\\/d47c5c6913a74c94b4bce4989f21f5e8\",\"name\":\"admin\",\"image\":{\"@type\":\"ImageObject\",\"inLanguage\":\"fr-FR\",\"@id\":\"https:\\\/\\\/secure.gravatar.com\\\/avatar\\\/0aaac6fda6f346d8f163b46e4eb8a304b9d8c4fb95e14db7f5afab0b588b89eb?s=96&d=mm&r=g\",\"url\":\"https:\\\/\\\/secure.gravatar.com\\\/avatar\\\/0aaac6fda6f346d8f163b46e4eb8a304b9d8c4fb95e14db7f5afab0b588b89eb?s=96&d=mm&r=g\",\"contentUrl\":\"https:\\\/\\\/secure.gravatar.com\\\/avatar\\\/0aaac6fda6f346d8f163b46e4eb8a304b9d8c4fb95e14db7f5afab0b588b89eb?s=96&d=mm&r=g\",\"caption\":\"admin\"},\"url\":\"https:\\\/\\\/www.univ-mosta.dz\\\/vrcc\\\/author\\\/vrccumab\\\/\"}]}<\/script>\n<!-- \/ Yoast SEO plugin. -->","yoast_head_json":{"title":"Maghreb webinar on: \u201cStrengthening entrepreneurship in the Maghreb\u201d - Vice Rectorat des Relations Ext\u00e9rieures, de la Coop\u00e9ration, de l\u2019Animation et la Communication et des Manifestations Scientifiques","robots":{"index":"index","follow":"follow","max-snippet":"max-snippet:-1","max-image-preview":"max-image-preview:large","max-video-preview":"max-video-preview:-1"},"canonical":"https:\/\/www.univ-mosta.dz\/vrcc\/maghreb-webinar-on-strengthening-entrepreneurship-in-the-maghreb\/","og_locale":"fr_FR","og_type":"article","og_title":"Maghreb webinar on: \u201cStrengthening entrepreneurship in the Maghreb\u201d - Vice Rectorat des Relations Ext\u00e9rieures, de la Coop\u00e9ration, de l\u2019Animation et la Communication et des Manifestations Scientifiques","og_description":"As part of Yabda Erasmus + project, the Yabda consortium is organsing a series of webinars on the theme: \u2018\u2019Strengtheningentrepreneurship in the Maghreb countries\u2019\u2019 On January 20, 21 and 22, 2021 from 4 p.m. to 6 p.m. The webinar saim to train academic and administrative staff and students from Maghreb universities based in Algeria, Morocco &hellip;","og_url":"https:\/\/www.univ-mosta.dz\/vrcc\/maghreb-webinar-on-strengthening-entrepreneurship-in-the-maghreb\/","og_site_name":"Vice Rectorat des Relations Ext\u00e9rieures, de la Coop\u00e9ration, de l\u2019Animation et la Communication et des Manifestations Scientifiques","article_published_time":"2021-01-18T09:22:00+00:00","article_modified_time":"2023-03-19T13:17:08+00:00","og_image":[{"width":468,"height":375,"url":"https:\/\/www.univ-mosta.dz\/vrcc\/wp-content\/uploads\/sites\/13\/2021\/01\/yabda.jpg","type":"image\/jpeg"}],"author":"admin","twitter_card":"summary_large_image","twitter_misc":{"\u00c9crit par":"admin","Dur\u00e9e de lecture estim\u00e9e":"2 minutes"},"schema":{"@context":"https:\/\/schema.org","@graph":[{"@type":"Article","@id":"https:\/\/www.univ-mosta.dz\/vrcc\/maghreb-webinar-on-strengthening-entrepreneurship-in-the-maghreb\/#article","isPartOf":{"@id":"https:\/\/www.univ-mosta.dz\/vrcc\/maghreb-webinar-on-strengthening-entrepreneurship-in-the-maghreb\/"},"author":{"name":"admin","@id":"https:\/\/www.univ-mosta.dz\/vrcc\/#\/schema\/person\/d47c5c6913a74c94b4bce4989f21f5e8"},"headline":"Maghreb webinar on: \u201cStrengthening entrepreneurship in the Maghreb\u201d","datePublished":"2021-01-18T09:22:00+00:00","dateModified":"2023-03-19T13:17:08+00:00","mainEntityOfPage":{"@id":"https:\/\/www.univ-mosta.dz\/vrcc\/maghreb-webinar-on-strengthening-entrepreneurship-in-the-maghreb\/"},"wordCount":261,"image":{"@id":"https:\/\/www.univ-mosta.dz\/vrcc\/maghreb-webinar-on-strengthening-entrepreneurship-in-the-maghreb\/#primaryimage"},"thumbnailUrl":"https:\/\/www.univ-mosta.dz\/vrcc\/wp-content\/uploads\/sites\/13\/2021\/01\/yabda.jpg","articleSection":["News","Yabda Project"],"inLanguage":"fr-FR"},{"@type":"WebPage","@id":"https:\/\/www.univ-mosta.dz\/vrcc\/maghreb-webinar-on-strengthening-entrepreneurship-in-the-maghreb\/","url":"https:\/\/www.univ-mosta.dz\/vrcc\/maghreb-webinar-on-strengthening-entrepreneurship-in-the-maghreb\/","name":"Maghreb webinar on: \u201cStrengthening entrepreneurship in the Maghreb\u201d - Vice Rectorat des Relations Ext\u00e9rieures, de la Coop\u00e9ration, de l\u2019Animation et la Communication et des Manifestations Scientifiques","isPartOf":{"@id":"https:\/\/www.univ-mosta.dz\/vrcc\/#website"},"primaryImageOfPage":{"@id":"https:\/\/www.univ-mosta.dz\/vrcc\/maghreb-webinar-on-strengthening-entrepreneurship-in-the-maghreb\/#primaryimage"},"image":{"@id":"https:\/\/www.univ-mosta.dz\/vrcc\/maghreb-webinar-on-strengthening-entrepreneurship-in-the-maghreb\/#primaryimage"},"thumbnailUrl":"https:\/\/www.univ-mosta.dz\/vrcc\/wp-content\/uploads\/sites\/13\/2021\/01\/yabda.jpg","datePublished":"2021-01-18T09:22:00+00:00","dateModified":"2023-03-19T13:17:08+00:00","author":{"@id":"https:\/\/www.univ-mosta.dz\/vrcc\/#\/schema\/person\/d47c5c6913a74c94b4bce4989f21f5e8"},"breadcrumb":{"@id":"https:\/\/www.univ-mosta.dz\/vrcc\/maghreb-webinar-on-strengthening-entrepreneurship-in-the-maghreb\/#breadcrumb"},"inLanguage":"fr-FR","potentialAction":[{"@type":"ReadAction","target":["https:\/\/www.univ-mosta.dz\/vrcc\/maghreb-webinar-on-strengthening-entrepreneurship-in-the-maghreb\/"]}]},{"@type":"ImageObject","inLanguage":"fr-FR","@id":"https:\/\/www.univ-mosta.dz\/vrcc\/maghreb-webinar-on-strengthening-entrepreneurship-in-the-maghreb\/#primaryimage","url":"https:\/\/www.univ-mosta.dz\/vrcc\/wp-content\/uploads\/sites\/13\/2021\/01\/yabda.jpg","contentUrl":"https:\/\/www.univ-mosta.dz\/vrcc\/wp-content\/uploads\/sites\/13\/2021\/01\/yabda.jpg","width":468,"height":375},{"@type":"BreadcrumbList","@id":"https:\/\/www.univ-mosta.dz\/vrcc\/maghreb-webinar-on-strengthening-entrepreneurship-in-the-maghreb\/#breadcrumb","itemListElement":[{"@type":"ListItem","position":1,"name":"Accueil","item":"https:\/\/www.univ-mosta.dz\/vrcc\/home\/"},{"@type":"ListItem","position":2,"name":"Maghreb webinar on: \u201cStrengthening entrepreneurship in the Maghreb\u201d"}]},{"@type":"WebSite","@id":"https:\/\/www.univ-mosta.dz\/vrcc\/#website","url":"https:\/\/www.univ-mosta.dz\/vrcc\/","name":"Vice Rectorat des Relations Ext\u00e9rieures, de la Coop\u00e9ration, de l\u2019Animation et la Communication et des Manifestations Scientifiques","description":"VRCC","potentialAction":[{"@type":"SearchAction","target":{"@type":"EntryPoint","urlTemplate":"https:\/\/www.univ-mosta.dz\/vrcc\/?s={search_term_string}"},"query-input":{"@type":"PropertyValueSpecification","valueRequired":true,"valueName":"search_term_string"}}],"inLanguage":"fr-FR"},{"@type":"Person","@id":"https:\/\/www.univ-mosta.dz\/vrcc\/#\/schema\/person\/d47c5c6913a74c94b4bce4989f21f5e8","name":"admin","image":{"@type":"ImageObject","inLanguage":"fr-FR","@id":"https:\/\/secure.gravatar.com\/avatar\/0aaac6fda6f346d8f163b46e4eb8a304b9d8c4fb95e14db7f5afab0b588b89eb?s=96&d=mm&r=g","url":"https:\/\/secure.gravatar.com\/avatar\/0aaac6fda6f346d8f163b46e4eb8a304b9d8c4fb95e14db7f5afab0b588b89eb?s=96&d=mm&r=g","contentUrl":"https:\/\/secure.gravatar.com\/avatar\/0aaac6fda6f346d8f163b46e4eb8a304b9d8c4fb95e14db7f5afab0b588b89eb?s=96&d=mm&r=g","caption":"admin"},"url":"https:\/\/www.univ-mosta.dz\/vrcc\/author\/vrccumab\/"}]}},"_links":{"self":[{"href":"https:\/\/www.univ-mosta.dz\/vrcc\/wp-json\/wp\/v2\/posts\/8215","targetHints":{"allow":["GET"]}}],"collection":[{"href":"https:\/\/www.univ-mosta.dz\/vrcc\/wp-json\/wp\/v2\/posts"}],"about":[{"href":"https:\/\/www.univ-mosta.dz\/vrcc\/wp-json\/wp\/v2\/types\/post"}],"author":[{"embeddable":true,"href":"https:\/\/www.univ-mosta.dz\/vrcc\/wp-json\/wp\/v2\/users\/15"}],"replies":[{"embeddable":true,"href":"https:\/\/www.univ-mosta.dz\/vrcc\/wp-json\/wp\/v2\/comments?post=8215"}],"version-history":[{"count":2,"href":"https:\/\/www.univ-mosta.dz\/vrcc\/wp-json\/wp\/v2\/posts\/8215\/revisions"}],"predecessor-version":[{"id":8224,"href":"https:\/\/www.univ-mosta.dz\/vrcc\/wp-json\/wp\/v2\/posts\/8215\/revisions\/8224"}],"wp:featuredmedia":[{"embeddable":true,"href":"https:\/\/www.univ-mosta.dz\/vrcc\/wp-json\/wp\/v2\/media\/1602"}],"wp:attachment":[{"href":"https:\/\/www.univ-mosta.dz\/vrcc\/wp-json\/wp\/v2\/media?parent=8215"}],"wp:term":[{"taxonomy":"category","embeddable":true,"href":"https:\/\/www.univ-mosta.dz\/vrcc\/wp-json\/wp\/v2\/categories?post=8215"},{"taxonomy":"post_tag","embeddable":true,"href":"https:\/\/www.univ-mosta.dz\/vrcc\/wp-json\/wp\/v2\/tags?post=8215"}],"curies":[{"name":"wp","href":"https:\/\/api.w.org\/{rel}","templated":true}]}}