{"id":8001,"date":"2023-02-23T15:08:01","date_gmt":"2023-02-23T14:08:01","guid":{"rendered":"https:\/\/www.univ-mosta.dz\/vrcc\/?p=8001"},"modified":"2023-03-21T13:30:43","modified_gmt":"2023-03-21T12:30:43","slug":"programme-master-professionnalisant-en-technologies-avancees-pour-lagriculture-de-precision","status":"publish","type":"post","link":"https:\/\/www.univ-mosta.dz\/vrcc\/programme-master-professionnalisant-en-technologies-avancees-pour-lagriculture-de-precision\/","title":{"rendered":"Programme | Cupagis"},"content":{"rendered":"\n<h4><span style=\"color: #326b2f\">| Semestre 1: Master professionnalisant en Technologies Avanc\u00e9es pour l\u2019Agriculture de Pr\u00e9cision<\/span><\/h4>\n<p><img loading=\"lazy\" decoding=\"async\" class=\" wp-image-8004 aligncenter\" src=\"http:\/\/www.univ-mosta.dz\/vrcc\/wp-content\/uploads\/sites\/13\/2023\/02\/s1-300x147.png\" alt=\"\" width=\"843\" height=\"413\" srcset=\"https:\/\/www.univ-mosta.dz\/vrcc\/wp-content\/uploads\/sites\/13\/2023\/02\/s1-300x147.png 300w, https:\/\/www.univ-mosta.dz\/vrcc\/wp-content\/uploads\/sites\/13\/2023\/02\/s1-768x377.png 768w, https:\/\/www.univ-mosta.dz\/vrcc\/wp-content\/uploads\/sites\/13\/2023\/02\/s1.png 846w\" sizes=\"auto, (max-width: 843px) 100vw, 843px\" \/><\/p>\n<h4>&nbsp;<\/h4>\n<h4><span style=\"color: #326b2f\">| Semestre 2: Master professionnalisant en Technologies Avanc\u00e9es pour l\u2019Agriculture de Pr\u00e9cision<\/span><\/h4>\n<p><img loading=\"lazy\" decoding=\"async\" class=\"wp-image-8005 aligncenter\" src=\"http:\/\/www.univ-mosta.dz\/vrcc\/wp-content\/uploads\/sites\/13\/2023\/02\/s2-300x186.png\" alt=\"\" width=\"908\" height=\"563\" srcset=\"https:\/\/www.univ-mosta.dz\/vrcc\/wp-content\/uploads\/sites\/13\/2023\/02\/s2-300x186.png 300w, https:\/\/www.univ-mosta.dz\/vrcc\/wp-content\/uploads\/sites\/13\/2023\/02\/s2-768x475.png 768w, https:\/\/www.univ-mosta.dz\/vrcc\/wp-content\/uploads\/sites\/13\/2023\/02\/s2.png 849w\" sizes=\"auto, (max-width: 908px) 100vw, 908px\" \/><\/p>\n<h4>&nbsp;<\/h4>\n<h4><span style=\"color: #326b2f\">| Semestre 3 : Master professionnalisant en Technologies Avanc\u00e9es pour l\u2019Agriculture de Pr\u00e9cision<\/span><\/h4>\n<p><img loading=\"lazy\" decoding=\"async\" class=\"wp-image-8006 aligncenter\" src=\"http:\/\/www.univ-mosta.dz\/vrcc\/wp-content\/uploads\/sites\/13\/2023\/02\/s3-300x168.png\" alt=\"\" width=\"812\" height=\"455\" srcset=\"https:\/\/www.univ-mosta.dz\/vrcc\/wp-content\/uploads\/sites\/13\/2023\/02\/s3-300x168.png 300w, https:\/\/www.univ-mosta.dz\/vrcc\/wp-content\/uploads\/sites\/13\/2023\/02\/s3-768x430.png 768w, https:\/\/www.univ-mosta.dz\/vrcc\/wp-content\/uploads\/sites\/13\/2023\/02\/s3.png 828w\" sizes=\"auto, (max-width: 812px) 100vw, 812px\" \/><\/p>\n<h4>&nbsp;<\/h4>\n<h4><span style=\"color: #326b2f\">| Semestre 4 : Master professionnalisant en Technologies Avanc\u00e9es pour l\u2019Agriculture de Pr\u00e9cision<\/span><\/h4>\n<p style=\"text-align: justify\">Au deuxi\u00e8me semestre du M2, &nbsp;l\u2019\u00e9tudiant se concentrera sur le projet final qui s&rsquo;appuie sur&nbsp; l&rsquo;utilisation des technologies satellitaires et diff\u00e9rents capteurs en agronomie. La dur\u00e9e de des projets est de <strong>15 semaines.<\/strong><\/p>\n<p><img loading=\"lazy\" decoding=\"async\" class=\" wp-image-8009 aligncenter\" src=\"http:\/\/www.univ-mosta.dz\/vrcc\/wp-content\/uploads\/sites\/13\/2023\/02\/s4-300x105.png\" alt=\"\" width=\"666\" height=\"233\" srcset=\"https:\/\/www.univ-mosta.dz\/vrcc\/wp-content\/uploads\/sites\/13\/2023\/02\/s4-300x105.png 300w, https:\/\/www.univ-mosta.dz\/vrcc\/wp-content\/uploads\/sites\/13\/2023\/02\/s4.png 512w\" sizes=\"auto, (max-width: 666px) 100vw, 666px\" \/><\/p>\n<p>&nbsp;<\/p>\n<p><span style=\"color: #326b2f\"><strong>| Evaluation du Projet de Fin de Cycle de Master<\/strong><\/span><\/p>\n<table style=\"border-collapse: collapse;width: 72.8572%;height: 115px\">\n<tbody>\n<tr style=\"height: 23px\">\n<td style=\"width: 64.4701%;height: 23px\">\n<ul>\n<li>Valeur scientifique (Appr\u00e9ciation du jury)&nbsp;<\/li>\n<\/ul>\n<\/td>\n<td style=\"width: 6.43215%;height: 23px\">\/6<\/td>\n<\/tr>\n<tr style=\"height: 23px\">\n<td style=\"width: 64.4701%;height: 23px\">\n<ul>\n<li>R\u00e9daction du M\u00e9moire (Appr\u00e9ciation du jury)<\/li>\n<\/ul>\n<\/td>\n<td style=\"width: 6.43215%;height: 23px\">\/4<\/td>\n<\/tr>\n<tr style=\"height: 23px\">\n<td style=\"width: 64.4701%;height: 23px\">\n<ul>\n<li>Pr\u00e9sentation et r\u00e9ponse aux questions (Appr\u00e9ciation du jury)&nbsp;<\/li>\n<\/ul>\n<\/td>\n<td style=\"width: 6.43215%;height: 23px\">\/4<\/td>\n<\/tr>\n<tr style=\"height: 23px\">\n<td style=\"width: 64.4701%;height: 23px\">\n<ul>\n<li>Appr\u00e9ciation de l\u2019encadreur<\/li>\n<\/ul>\n<\/td>\n<td style=\"width: 6.43215%;height: 23px\">\/3<\/td>\n<\/tr>\n<tr style=\"height: 23px\">\n<td style=\"width: 64.4701%;height: 23px\">\n<ul>\n<li>Pr\u00e9sentation du rapport de stage (Appr\u00e9ciation du jury)&nbsp;<\/li>\n<\/ul>\n<\/td>\n<td style=\"width: 6.43215%;height: 23px\">\/3<\/td>\n<\/tr>\n<\/tbody>\n<\/table>\n<p>&nbsp;<\/p>\n<p><strong>&nbsp;<\/strong><\/p>\n\n\n","protected":false},"excerpt":{"rendered":"<p>| Semestre 1: Master professionnalisant en Technologies Avanc\u00e9es pour l\u2019Agriculture de Pr\u00e9cision &nbsp; | Semestre 2: Master professionnalisant en Technologies Avanc\u00e9es pour l\u2019Agriculture de Pr\u00e9cision &nbsp; | Semestre 3 : &hellip;<\/p>\n","protected":false},"author":15,"featured_media":8011,"comment_status":"closed","ping_status":"closed","sticky":false,"template":"","format":"standard","meta":{"_coblocks_attr":"","_coblocks_dimensions":"","_coblocks_responsive_height":"","_coblocks_accordion_ie_support":"","_EventAllDay":false,"_EventTimezone":"","_EventStartDate":"","_EventEndDate":"","_EventStartDateUTC":"","_EventEndDateUTC":"","_EventShowMap":false,"_EventShowMapLink":false,"_EventURL":"","_EventCost":"","_EventCostDescription":"","_EventCurrencySymbol":"","_EventCurrencyCode":"","_EventCurrencyPosition":"","_EventDateTimeSeparator":"","_EventTimeRangeSeparator":"","_EventOrganizerID":[],"_EventVenueID":[],"_OrganizerEmail":"","_OrganizerPhone":"","_OrganizerWebsite":"","_VenueAddress":"","_VenueCity":"","_VenueCountry":"","_VenueProvince":"","_VenueState":"","_VenueZip":"","_VenuePhone":"","_VenueURL":"","_VenueStateProvince":"","_VenueLat":"","_VenueLng":"","_VenueShowMap":false,"_VenueShowMapLink":false,"footnotes":""},"categories":[499],"tags":[],"class_list":["post-8001","post","type-post","status-publish","format-standard","has-post-thumbnail","hentry","category-master-professionnalisant-en-technologies-avancees-pour-lagriculture-de-precision"],"_links":{"self":[{"href":"https:\/\/www.univ-mosta.dz\/vrcc\/wp-json\/wp\/v2\/posts\/8001","targetHints":{"allow":["GET"]}}],"collection":[{"href":"https:\/\/www.univ-mosta.dz\/vrcc\/wp-json\/wp\/v2\/posts"}],"about":[{"href":"https:\/\/www.univ-mosta.dz\/vrcc\/wp-json\/wp\/v2\/types\/post"}],"author":[{"embeddable":true,"href":"https:\/\/www.univ-mosta.dz\/vrcc\/wp-json\/wp\/v2\/users\/15"}],"replies":[{"embeddable":true,"href":"https:\/\/www.univ-mosta.dz\/vrcc\/wp-json\/wp\/v2\/comments?post=8001"}],"version-history":[{"count":9,"href":"https:\/\/www.univ-mosta.dz\/vrcc\/wp-json\/wp\/v2\/posts\/8001\/revisions"}],"predecessor-version":[{"id":8345,"href":"https:\/\/www.univ-mosta.dz\/vrcc\/wp-json\/wp\/v2\/posts\/8001\/revisions\/8345"}],"wp:featuredmedia":[{"embeddable":true,"href":"https:\/\/www.univ-mosta.dz\/vrcc\/wp-json\/wp\/v2\/media\/8011"}],"wp:attachment":[{"href":"https:\/\/www.univ-mosta.dz\/vrcc\/wp-json\/wp\/v2\/media?parent=8001"}],"wp:term":[{"taxonomy":"category","embeddable":true,"href":"https:\/\/www.univ-mosta.dz\/vrcc\/wp-json\/wp\/v2\/categories?post=8001"},{"taxonomy":"post_tag","embeddable":true,"href":"https:\/\/www.univ-mosta.dz\/vrcc\/wp-json\/wp\/v2\/tags?post=8001"}],"curies":[{"name":"wp","href":"https:\/\/api.w.org\/{rel}","templated":true}]}}