{"id":7734,"date":"2023-02-01T10:31:25","date_gmt":"2023-02-01T09:31:25","guid":{"rendered":"https:\/\/www.univ-mosta.dz\/vrcc\/?p=7734"},"modified":"2023-02-01T10:47:13","modified_gmt":"2023-02-01T09:47:13","slug":"appel-a-candidatures-2023-ird-fmsh-pays-des-suds-france-sejour-de-recherche-postdoctoral","status":"publish","type":"post","link":"https:\/\/www.univ-mosta.dz\/vrcc\/appel-a-candidatures-2023-ird-fmsh-pays-des-suds-france-sejour-de-recherche-postdoctoral\/","title":{"rendered":"APPEL \u00c0 CANDIDATURES 2023 | IRD-FMSH | PAYS DES \u00ab\u00a0SUDS\u00a0\u00bb &gt; FRANCE| S\u00e9jour de recherche postdoctoral"},"content":{"rendered":"\n<table style=\"border-collapse: collapse;width: 100%\">\n<tbody>\n<tr>\n<td style=\"width: 50%\"><img loading=\"lazy\" decoding=\"async\" class=\" wp-image-7712 aligncenter\" src=\"http:\/\/www.univ-mosta.dz\/vrcc\/wp-content\/uploads\/sites\/13\/2023\/01\/logo-300x161.png\" alt=\"\" width=\"242\" height=\"130\" srcset=\"https:\/\/www.univ-mosta.dz\/vrcc\/wp-content\/uploads\/sites\/13\/2023\/01\/logo-300x161.png 300w, https:\/\/www.univ-mosta.dz\/vrcc\/wp-content\/uploads\/sites\/13\/2023\/01\/logo-1024x550.png 1024w, https:\/\/www.univ-mosta.dz\/vrcc\/wp-content\/uploads\/sites\/13\/2023\/01\/logo-768x412.png 768w, https:\/\/www.univ-mosta.dz\/vrcc\/wp-content\/uploads\/sites\/13\/2023\/01\/logo-310x165.png 310w, https:\/\/www.univ-mosta.dz\/vrcc\/wp-content\/uploads\/sites\/13\/2023\/01\/logo.png 1200w\" sizes=\"auto, (max-width: 242px) 100vw, 242px\" \/><\/td>\n<td style=\"width: 50%\"><img loading=\"lazy\" decoding=\"async\" class=\"wp-image-7736 aligncenter\" src=\"http:\/\/www.univ-mosta.dz\/vrcc\/wp-content\/uploads\/sites\/13\/2023\/02\/14494674_1349090361775398_7711878293713065241_n-300x300.png\" alt=\"\" width=\"161\" height=\"161\" srcset=\"https:\/\/www.univ-mosta.dz\/vrcc\/wp-content\/uploads\/sites\/13\/2023\/02\/14494674_1349090361775398_7711878293713065241_n-300x300.png 300w, https:\/\/www.univ-mosta.dz\/vrcc\/wp-content\/uploads\/sites\/13\/2023\/02\/14494674_1349090361775398_7711878293713065241_n-150x150.png 150w, https:\/\/www.univ-mosta.dz\/vrcc\/wp-content\/uploads\/sites\/13\/2023\/02\/14494674_1349090361775398_7711878293713065241_n-768x768.png 768w, https:\/\/www.univ-mosta.dz\/vrcc\/wp-content\/uploads\/sites\/13\/2023\/02\/14494674_1349090361775398_7711878293713065241_n.png 900w\" sizes=\"auto, (max-width: 161px) 100vw, 161px\" \/><\/td>\n<\/tr>\n<\/tbody>\n<\/table>\n<p style=\"text-align: justify\">La\u00a0<strong>Fondation Maison des sciences de l\u2019homme<\/strong>\u00a0et l<strong>\u2019Institut de Recherche pour le D\u00e9veloppement\u00a0<\/strong>proposent une aide \u00e0 la mobilit\u00e9 pour un s\u00e9jour en France de 2 \u00e0 3 mois aux chercheurs postdoctorants issus des \u00ab Suds \u00bb (pays situ\u00e9 sur la zone intertropicale et m\u00e9diterran\u00e9enne et \u00e0 revenu faible et interm\u00e9diaire), ayant soutenu leur th\u00e8se \u00e0 partir de 2017. Cette aide \u00e0 la mobilit\u00e9 est destin\u00e9e \u00e0 r\u00e9aliser des travaux de recherche en France : <span style=\"color: #4a4848\"><em>enqu\u00eates de terrain, travail en biblioth\u00e8ques et archives.<\/em><\/span><br \/>Cet appel s\u2019inscrit dans le cadre du <em>Programme Atlas<\/em> de mobilit\u00e9 postdoctorale de courte dur\u00e9e lanc\u00e9 par la <strong>FMSH<\/strong> et ses partenaires.<\/p>\n<ul>\n<li><span style=\"color: #ff0000\"><strong>Date limite : 17 mars 2023.<\/strong><\/span><\/li>\n<\/ul>\n<p style=\"text-align: center\"><a href=\"https:\/\/www.fmsh.fr\/fr\/actions\/appel-a-candidatures-2023-ird-fmsh-pays-des-suds-france\" target=\"_blank\" rel=\"noopener\">https:\/\/www.fmsh.fr\/fr\/actions\/appel-a-candidatures-2023-ird-fmsh-pays-des-suds-france<\/a><\/p>\n\n\n","protected":false},"excerpt":{"rendered":"<p>La\u00a0Fondation Maison des sciences de l\u2019homme\u00a0et l\u2019Institut de Recherche pour le D\u00e9veloppement\u00a0proposent une aide \u00e0 la mobilit\u00e9 pour un s\u00e9jour en France de 2 \u00e0 3 mois aux chercheurs postdoctorants &hellip;<\/p>\n","protected":false},"author":15,"featured_media":7738,"comment_status":"closed","ping_status":"closed","sticky":false,"template":"","format":"standard","meta":{"_coblocks_attr":"","_coblocks_dimensions":"","_coblocks_responsive_height":"","_coblocks_accordion_ie_support":"","_EventAllDay":false,"_EventTimezone":"","_EventStartDate":"","_EventEndDate":"","_EventStartDateUTC":"","_EventEndDateUTC":"","_EventShowMap":false,"_EventShowMapLink":false,"_EventURL":"","_EventCost":"","_EventCostDescription":"","_EventCurrencySymbol":"","_EventCurrencyCode":"","_EventCurrencyPosition":"","_EventDateTimeSeparator":"","_EventTimeRangeSeparator":"","_EventOrganizerID":[],"_EventVenueID":[],"_OrganizerEmail":"","_OrganizerPhone":"","_OrganizerWebsite":"","_VenueAddress":"","_VenueCity":"","_VenueCountry":"","_VenueProvince":"","_VenueState":"","_VenueZip":"","_VenuePhone":"","_VenueURL":"","_VenueStateProvince":"","_VenueLat":"","_VenueLng":"","_VenueShowMap":false,"_VenueShowMapLink":false,"footnotes":""},"categories":[3,4],"tags":[],"class_list":["post-7734","post","type-post","status-publish","format-standard","has-post-thumbnail","hentry","category-actualites","category-bourses"],"_links":{"self":[{"href":"https:\/\/www.univ-mosta.dz\/vrcc\/wp-json\/wp\/v2\/posts\/7734","targetHints":{"allow":["GET"]}}],"collection":[{"href":"https:\/\/www.univ-mosta.dz\/vrcc\/wp-json\/wp\/v2\/posts"}],"about":[{"href":"https:\/\/www.univ-mosta.dz\/vrcc\/wp-json\/wp\/v2\/types\/post"}],"author":[{"embeddable":true,"href":"https:\/\/www.univ-mosta.dz\/vrcc\/wp-json\/wp\/v2\/users\/15"}],"replies":[{"embeddable":true,"href":"https:\/\/www.univ-mosta.dz\/vrcc\/wp-json\/wp\/v2\/comments?post=7734"}],"version-history":[{"count":1,"href":"https:\/\/www.univ-mosta.dz\/vrcc\/wp-json\/wp\/v2\/posts\/7734\/revisions"}],"predecessor-version":[{"id":7739,"href":"https:\/\/www.univ-mosta.dz\/vrcc\/wp-json\/wp\/v2\/posts\/7734\/revisions\/7739"}],"wp:featuredmedia":[{"embeddable":true,"href":"https:\/\/www.univ-mosta.dz\/vrcc\/wp-json\/wp\/v2\/media\/7738"}],"wp:attachment":[{"href":"https:\/\/www.univ-mosta.dz\/vrcc\/wp-json\/wp\/v2\/media?parent=7734"}],"wp:term":[{"taxonomy":"category","embeddable":true,"href":"https:\/\/www.univ-mosta.dz\/vrcc\/wp-json\/wp\/v2\/categories?post=7734"},{"taxonomy":"post_tag","embeddable":true,"href":"https:\/\/www.univ-mosta.dz\/vrcc\/wp-json\/wp\/v2\/tags?post=7734"}],"curies":[{"name":"wp","href":"https:\/\/api.w.org\/{rel}","templated":true}]}}