{"id":7710,"date":"2023-01-31T10:18:19","date_gmt":"2023-01-31T09:18:19","guid":{"rendered":"https:\/\/www.univ-mosta.dz\/vrcc\/?p=7710"},"modified":"2023-02-01T10:25:51","modified_gmt":"2023-02-01T09:25:51","slug":"appel-a-candidatures-atlas-2023-sud-de-la-mediterranee-france-sejour-de-recherche-postdoctoral","status":"publish","type":"post","link":"https:\/\/www.univ-mosta.dz\/vrcc\/appel-a-candidatures-atlas-2023-sud-de-la-mediterranee-france-sejour-de-recherche-postdoctoral\/","title":{"rendered":"Appel \u00e0 candidatures &#8211; Atlas 2023 &#8211;\u00a0 sud de la m\u00e9diterran\u00e9e &#8211; France &#8211; s\u00e9jour de recherche postdoctoral"},"content":{"rendered":"\n<table style=\"border-collapse: collapse;width: 100%\">\n<tbody>\n<tr>\n<td style=\"width: 50%\"><img loading=\"lazy\" decoding=\"async\" class=\" wp-image-7712 aligncenter\" src=\"http:\/\/www.univ-mosta.dz\/vrcc\/wp-content\/uploads\/sites\/13\/2023\/01\/logo-300x161.png\" alt=\"\" width=\"242\" height=\"130\" srcset=\"https:\/\/www.univ-mosta.dz\/vrcc\/wp-content\/uploads\/sites\/13\/2023\/01\/logo-300x161.png 300w, https:\/\/www.univ-mosta.dz\/vrcc\/wp-content\/uploads\/sites\/13\/2023\/01\/logo-1024x550.png 1024w, https:\/\/www.univ-mosta.dz\/vrcc\/wp-content\/uploads\/sites\/13\/2023\/01\/logo-768x412.png 768w, https:\/\/www.univ-mosta.dz\/vrcc\/wp-content\/uploads\/sites\/13\/2023\/01\/logo-310x165.png 310w, https:\/\/www.univ-mosta.dz\/vrcc\/wp-content\/uploads\/sites\/13\/2023\/01\/logo.png 1200w\" sizes=\"auto, (max-width: 242px) 100vw, 242px\" \/><\/td>\n<td style=\"width: 50%\"><img loading=\"lazy\" decoding=\"async\" class=\"size-medium wp-image-7711 aligncenter\" src=\"http:\/\/www.univ-mosta.dz\/vrcc\/wp-content\/uploads\/sites\/13\/2023\/01\/UNIMED-logo-text-sx--300x162.png\" alt=\"\" width=\"300\" height=\"162\" srcset=\"https:\/\/www.univ-mosta.dz\/vrcc\/wp-content\/uploads\/sites\/13\/2023\/01\/UNIMED-logo-text-sx--300x162.png 300w, https:\/\/www.univ-mosta.dz\/vrcc\/wp-content\/uploads\/sites\/13\/2023\/01\/UNIMED-logo-text-sx-.png 500w\" sizes=\"auto, (max-width: 300px) 100vw, 300px\" \/><\/td>\n<\/tr>\n<\/tbody>\n<\/table>\n<p style=\"text-align: justify\">La\u00a0<strong>Fondation Maison des sciences de l\u2019homme\u00a0(FMSH)<\/strong> et l\u2019<strong>Union des Universit\u00e9s de la M\u00e9diterran\u00e9e (UNIMED)<\/strong>\u00a0proposent une aide \u00e0 la mobilit\u00e9 pour un s\u00e9jour en France de 2 \u00e0 3 mois \u00e0 un jeune chercheur confirm\u00e9 originaire d&rsquo;Alg\u00e9rie, Egypte, Jordanie, Liban, Libye, Maroc, Palestine, Tunisie, et Syrie et rattach\u00e9s \u00e0 une des 150 Universit\u00e9s associ\u00e9es \u00e0 UNIMED.<\/p>\n<p style=\"text-align: justify\">Cette aide \u00e0 la mobilit\u00e9 est destin\u00e9e \u00e0 r\u00e9aliser des travaux de recherche en France : enqu\u00eates de terrain, travail en biblioth\u00e8ques et archives.<br \/>Cet appel s\u2019inscrit dans le cadre du\u00a0<strong>Programme Atlas de mobilit\u00e9 post-doctorale<\/strong>\u00a0de courte dur\u00e9e lanc\u00e9 par la FMSH et ses partenaires.<\/p>\n<ul>\n<li><strong>Date limite : <span style=\"color: #ff0000\">17 mars 2023<\/span><\/strong><\/li>\n<\/ul>\n<p style=\"text-align: center\"><a href=\"https:\/\/www.fmsh.fr\/fr\/actions\/appel-a-candidatures-atlas-2023-sud-de-la-mediterranee-france\" target=\"_blank\" rel=\"noopener\">https:\/\/www.fmsh.fr\/fr\/actions\/appel-a-candidatures-atlas-2023-sud-de-la-mediterranee-france<\/a><\/p>\n<p>\u00a0<\/p>\n\n\n","protected":false},"excerpt":{"rendered":"<p>La\u00a0Fondation Maison des sciences de l\u2019homme\u00a0(FMSH) et l\u2019Union des Universit\u00e9s de la M\u00e9diterran\u00e9e (UNIMED)\u00a0proposent une aide \u00e0 la mobilit\u00e9 pour un s\u00e9jour en France de 2 \u00e0 3 mois \u00e0 &hellip;<\/p>\n","protected":false},"author":15,"featured_media":7713,"comment_status":"closed","ping_status":"closed","sticky":false,"template":"","format":"standard","meta":{"_coblocks_attr":"","_coblocks_dimensions":"","_coblocks_responsive_height":"","_coblocks_accordion_ie_support":"","_EventAllDay":false,"_EventTimezone":"","_EventStartDate":"","_EventEndDate":"","_EventStartDateUTC":"","_EventEndDateUTC":"","_EventShowMap":false,"_EventShowMapLink":false,"_EventURL":"","_EventCost":"","_EventCostDescription":"","_EventCurrencySymbol":"","_EventCurrencyCode":"","_EventCurrencyPosition":"","_EventDateTimeSeparator":"","_EventTimeRangeSeparator":"","_EventOrganizerID":[],"_EventVenueID":[],"_OrganizerEmail":"","_OrganizerPhone":"","_OrganizerWebsite":"","_VenueAddress":"","_VenueCity":"","_VenueCountry":"","_VenueProvince":"","_VenueState":"","_VenueZip":"","_VenuePhone":"","_VenueURL":"","_VenueStateProvince":"","_VenueLat":"","_VenueLng":"","_VenueShowMap":false,"_VenueShowMapLink":false,"footnotes":""},"categories":[3,4],"tags":[],"class_list":["post-7710","post","type-post","status-publish","format-standard","has-post-thumbnail","hentry","category-actualites","category-bourses"],"_links":{"self":[{"href":"https:\/\/www.univ-mosta.dz\/vrcc\/wp-json\/wp\/v2\/posts\/7710","targetHints":{"allow":["GET"]}}],"collection":[{"href":"https:\/\/www.univ-mosta.dz\/vrcc\/wp-json\/wp\/v2\/posts"}],"about":[{"href":"https:\/\/www.univ-mosta.dz\/vrcc\/wp-json\/wp\/v2\/types\/post"}],"author":[{"embeddable":true,"href":"https:\/\/www.univ-mosta.dz\/vrcc\/wp-json\/wp\/v2\/users\/15"}],"replies":[{"embeddable":true,"href":"https:\/\/www.univ-mosta.dz\/vrcc\/wp-json\/wp\/v2\/comments?post=7710"}],"version-history":[{"count":3,"href":"https:\/\/www.univ-mosta.dz\/vrcc\/wp-json\/wp\/v2\/posts\/7710\/revisions"}],"predecessor-version":[{"id":7737,"href":"https:\/\/www.univ-mosta.dz\/vrcc\/wp-json\/wp\/v2\/posts\/7710\/revisions\/7737"}],"wp:featuredmedia":[{"embeddable":true,"href":"https:\/\/www.univ-mosta.dz\/vrcc\/wp-json\/wp\/v2\/media\/7713"}],"wp:attachment":[{"href":"https:\/\/www.univ-mosta.dz\/vrcc\/wp-json\/wp\/v2\/media?parent=7710"}],"wp:term":[{"taxonomy":"category","embeddable":true,"href":"https:\/\/www.univ-mosta.dz\/vrcc\/wp-json\/wp\/v2\/categories?post=7710"},{"taxonomy":"post_tag","embeddable":true,"href":"https:\/\/www.univ-mosta.dz\/vrcc\/wp-json\/wp\/v2\/tags?post=7710"}],"curies":[{"name":"wp","href":"https:\/\/api.w.org\/{rel}","templated":true}]}}