{"id":7679,"date":"2023-01-31T09:24:05","date_gmt":"2023-01-31T08:24:05","guid":{"rendered":"https:\/\/www.univ-mosta.dz\/vrcc\/?p=7679"},"modified":"2023-01-31T09:57:35","modified_gmt":"2023-01-31T08:57:35","slug":"la-11eme-edition-du-festival-de-linnovation-digitale-we-make-future","status":"publish","type":"post","link":"https:\/\/www.univ-mosta.dz\/vrcc\/la-11eme-edition-du-festival-de-linnovation-digitale-we-make-future\/","title":{"rendered":"La 11\u00e8me \u00e9dition du Festival de l&rsquo;Innovation Digitale \u00ab\u00a0We Make Future\u00a0\u00bb"},"content":{"rendered":"\n<p style=\"text-align: justify\">L&rsquo;Ambassade d&rsquo;Italie en Alg\u00e9rie annonce le lancement de la <strong>11\u00e8me \u00e9dition du Festival de l&rsquo;Innovation digitale<span style=\"color: #5a1d63\"> \u00ab\u00a0We Make Future\u00a0\u00bb<\/span>,<\/strong> qui sera organis\u00e9 \u00e0 Rimini <strong><span style=\"color: #ff0000\">du 15 au 17 juin 2023.<\/span><\/strong> Au cours de cette \u00e9dition, une comp\u00e9tition sera organis\u00e9e pour choisir <span style=\"text-decoration: underline\">la meilleure startup avec une id\u00e9e innovante<\/span>. Par cons\u00e9quent, ceux qui souhaitent participer sont pri\u00e9s d&rsquo;acc\u00e9der au site Web de l&rsquo;\u00e9dition ci-dessous, o\u00f9 ils peuvent s\u2019inscrire et obtenir plus d&rsquo;informations.<\/p>\n<p style=\"text-align: center\"><a href=\"https:\/\/en.wemakefuture.it\/call\/startup-competition\/\" target=\"_blank\" rel=\"noopener\"><span style=\"color: #0000ff\">https:\/\/en.wemakefuture.it\/call\/startup-competition\/<\/span><\/a><\/p>\n<p><strong>Note <\/strong>: La participation n&rsquo;est pas gratuite.<\/p>\n\n\n\n<p class=\"wp-block-coblocks-highlight has-medium-font-size has-custom-font\" style=\"font-size:51px;font-family:IBM Plex Sans;text-align:center\"><mark class=\"wp-block-coblocks-highlight__content has-white-background-color has-background\"><a href=\"mailto:official@wemakefulure.it\" target=\"_blank\" rel=\"noreferrer noopener\">official@wemakefulure.it<\/a><\/mark><\/p>\n\n\n\n<p><a href=\"https:\/\/en.wemakefuture.it\/call\/startup-competition\/\" target=\"_blank\" rel=\"noopener\"><img loading=\"lazy\" decoding=\"async\" class=\"aligncenter wp-image-7680\" title=\"\u00ab\u00a0We Make Future\u00a0\u00bb\" src=\"http:\/\/www.univ-mosta.dz\/vrcc\/wp-content\/uploads\/sites\/13\/2023\/01\/image-300x157.jpg\" alt=\"\" width=\"839\" height=\"439\" srcset=\"https:\/\/www.univ-mosta.dz\/vrcc\/wp-content\/uploads\/sites\/13\/2023\/01\/image-300x157.jpg 300w, https:\/\/www.univ-mosta.dz\/vrcc\/wp-content\/uploads\/sites\/13\/2023\/01\/image-1024x535.jpg 1024w, https:\/\/www.univ-mosta.dz\/vrcc\/wp-content\/uploads\/sites\/13\/2023\/01\/image-768x402.jpg 768w, https:\/\/www.univ-mosta.dz\/vrcc\/wp-content\/uploads\/sites\/13\/2023\/01\/image.jpg 1201w\" sizes=\"auto, (max-width: 839px) 100vw, 839px\" \/><\/a><\/p>\n","protected":false},"excerpt":{"rendered":"<p>L&rsquo;Ambassade d&rsquo;Italie en Alg\u00e9rie annonce le lancement de la 11\u00e8me \u00e9dition du Festival de l&rsquo;Innovation digitale \u00ab\u00a0We Make Future\u00a0\u00bb, qui sera organis\u00e9 \u00e0 Rimini du 15 au 17 juin 2023. &hellip;<\/p>\n","protected":false},"author":15,"featured_media":7680,"comment_status":"closed","ping_status":"closed","sticky":false,"template":"","format":"standard","meta":{"_coblocks_attr":"Georgia,IBM Plex Sans","_coblocks_dimensions":"","_coblocks_responsive_height":"","_coblocks_accordion_ie_support":"","_EventAllDay":false,"_EventTimezone":"","_EventStartDate":"","_EventEndDate":"","_EventStartDateUTC":"","_EventEndDateUTC":"","_EventShowMap":false,"_EventShowMapLink":false,"_EventURL":"","_EventCost":"","_EventCostDescription":"","_EventCurrencySymbol":"","_EventCurrencyCode":"","_EventCurrencyPosition":"","_EventDateTimeSeparator":"","_EventTimeRangeSeparator":"","_EventOrganizerID":[],"_EventVenueID":[],"_OrganizerEmail":"","_OrganizerPhone":"","_OrganizerWebsite":"","_VenueAddress":"","_VenueCity":"","_VenueCountry":"","_VenueProvince":"","_VenueState":"","_VenueZip":"","_VenuePhone":"","_VenueURL":"","_VenueStateProvince":"","_VenueLat":"","_VenueLng":"","_VenueShowMap":false,"_VenueShowMapLink":false,"footnotes":""},"categories":[3],"tags":[],"class_list":["post-7679","post","type-post","status-publish","format-standard","has-post-thumbnail","hentry","category-actualites"],"_links":{"self":[{"href":"https:\/\/www.univ-mosta.dz\/vrcc\/wp-json\/wp\/v2\/posts\/7679","targetHints":{"allow":["GET"]}}],"collection":[{"href":"https:\/\/www.univ-mosta.dz\/vrcc\/wp-json\/wp\/v2\/posts"}],"about":[{"href":"https:\/\/www.univ-mosta.dz\/vrcc\/wp-json\/wp\/v2\/types\/post"}],"author":[{"embeddable":true,"href":"https:\/\/www.univ-mosta.dz\/vrcc\/wp-json\/wp\/v2\/users\/15"}],"replies":[{"embeddable":true,"href":"https:\/\/www.univ-mosta.dz\/vrcc\/wp-json\/wp\/v2\/comments?post=7679"}],"version-history":[{"count":6,"href":"https:\/\/www.univ-mosta.dz\/vrcc\/wp-json\/wp\/v2\/posts\/7679\/revisions"}],"predecessor-version":[{"id":7709,"href":"https:\/\/www.univ-mosta.dz\/vrcc\/wp-json\/wp\/v2\/posts\/7679\/revisions\/7709"}],"wp:featuredmedia":[{"embeddable":true,"href":"https:\/\/www.univ-mosta.dz\/vrcc\/wp-json\/wp\/v2\/media\/7680"}],"wp:attachment":[{"href":"https:\/\/www.univ-mosta.dz\/vrcc\/wp-json\/wp\/v2\/media?parent=7679"}],"wp:term":[{"taxonomy":"category","embeddable":true,"href":"https:\/\/www.univ-mosta.dz\/vrcc\/wp-json\/wp\/v2\/categories?post=7679"},{"taxonomy":"post_tag","embeddable":true,"href":"https:\/\/www.univ-mosta.dz\/vrcc\/wp-json\/wp\/v2\/tags?post=7679"}],"curies":[{"name":"wp","href":"https:\/\/api.w.org\/{rel}","templated":true}]}}