{"id":7573,"date":"2023-01-30T09:31:15","date_gmt":"2023-01-30T08:31:15","guid":{"rendered":"https:\/\/www.univ-mosta.dz\/vrcc\/?p=7573"},"modified":"2023-02-13T10:28:55","modified_gmt":"2023-02-13T09:28:55","slug":"colloque-national-a-distance-sur-linnovation-comme-intermediaire-entre-la-technologie-financiere-et-le-capital-intellectuel","status":"publish","type":"post","link":"https:\/\/www.univ-mosta.dz\/vrcc\/colloque-national-a-distance-sur-linnovation-comme-intermediaire-entre-la-technologie-financiere-et-le-capital-intellectuel\/","title":{"rendered":"Colloque national \u00e0 distance sur\u00a0:\u00a0\u00ab\u00a0L&rsquo;innovation comme interm\u00e9diaire entre la technologie financi\u00e8re et le capital intellectuel \u00bb"},"content":{"rendered":"\n<p style=\"text-align: center\"><strong>Universit\u00e9 de Abdelhamid Ibn Badis \u2013 Mostaganem<\/strong><\/p>\n<p style=\"text-align: center\"><strong>Facult\u00e9 des Sciences \u00c9conomiques, Commerciales et Sciences de Gestion<\/strong><\/p>\n<p style=\"text-align: center\">En coop\u00e9ration avec le Laboratoire de Dynamiques Macro\u00e9conomiques et des Changements Structurels<\/p>\n<p style=\"text-align: center\">\u00a0Et l&rsquo;\u00e9quipe de recherche PRFU<\/p>\n<p style=\"text-align: center\"><strong>M\u00e9canismes de gouvernance et leur r\u00f4le dans la r\u00e9alisation de la viabilit\u00e9 financi\u00e8re \u00e0 la lumi\u00e8re des volatilit\u00e9s des prix du p\u00e9trole (\u00e9tude de cas l&rsquo;Alg\u00e9rie)<\/strong><\/p>\n<p style=\"text-align: center\">Organise\u00a0un colloque national \u00e0 distance sur\u00a0:<\/p>\n<p>\u00a0<\/p>\n<p style=\"text-align: center\"><span style=\"color: #ff9900\"><strong>\u00a0\u00ab\u00a0L&rsquo;innovation comme interm\u00e9diaire entre la technologie financi\u00e8re et le capital intellectuel \u00bb<\/strong><\/span><\/p>\n<p style=\"text-align: center\"><span style=\"color: #ff0000\"><strong>Le 15 Mars 2023<\/strong><\/span><\/p>\n<a href=\"https:\/\/www.univ-mosta.dz\/vrcc\/wp-content\/uploads\/sites\/13\/2023\/02\/\u062f\u064a\u0628\u0627\u062c\u0629-FINTEC.pdf\" class=\"pdfemb-viewer\" style=\"\" data-width=\"max\" data-height=\"max\" data-toolbar=\"both\" data-toolbar-fixed=\"on\">\u062f\u064a\u0628\u0627\u062c\u0629 FINTEC<\/a>\n<h2 style=\"text-align: center\"><strong><a href=\"http:\/\/www.univ-mosta.dz\/vrcc\/wp-content\/uploads\/sites\/13\/2023\/02\/\u062f\u064a\u0628\u0627\u062c\u0629-FINTEC.pdf\" target=\"_blank\" rel=\"noopener\">T\u00e9l\u00e9charger<\/a><\/strong><\/h2>\n\n\n\n\n\n<p><\/p>\n","protected":false},"excerpt":{"rendered":"<p>Universit\u00e9 de Abdelhamid Ibn Badis \u2013 Mostaganem Facult\u00e9 des Sciences \u00c9conomiques, Commerciales et Sciences de Gestion En coop\u00e9ration avec le Laboratoire de Dynamiques Macro\u00e9conomiques et des Changements Structurels \u00a0Et l&rsquo;\u00e9quipe &hellip;<\/p>\n","protected":false},"author":15,"featured_media":7886,"comment_status":"closed","ping_status":"closed","sticky":false,"template":"","format":"standard","meta":{"_coblocks_attr":"","_coblocks_dimensions":"","_coblocks_responsive_height":"","_coblocks_accordion_ie_support":"","_EventAllDay":false,"_EventTimezone":"","_EventStartDate":"","_EventEndDate":"","_EventStartDateUTC":"","_EventEndDateUTC":"","_EventShowMap":false,"_EventShowMapLink":false,"_EventURL":"","_EventCost":"","_EventCostDescription":"","_EventCurrencySymbol":"","_EventCurrencyCode":"","_EventCurrencyPosition":"","_EventDateTimeSeparator":"","_EventTimeRangeSeparator":"","_EventOrganizerID":[],"_EventVenueID":[],"_OrganizerEmail":"","_OrganizerPhone":"","_OrganizerWebsite":"","_VenueAddress":"","_VenueCity":"","_VenueCountry":"","_VenueProvince":"","_VenueState":"","_VenueZip":"","_VenuePhone":"","_VenueURL":"","_VenueStateProvince":"","_VenueLat":"","_VenueLng":"","_VenueShowMap":false,"_VenueShowMapLink":false,"footnotes":""},"categories":[3,463],"tags":[],"class_list":["post-7573","post","type-post","status-publish","format-standard","has-post-thumbnail","hentry","category-actualites","category-colloque-national"],"_links":{"self":[{"href":"https:\/\/www.univ-mosta.dz\/vrcc\/wp-json\/wp\/v2\/posts\/7573","targetHints":{"allow":["GET"]}}],"collection":[{"href":"https:\/\/www.univ-mosta.dz\/vrcc\/wp-json\/wp\/v2\/posts"}],"about":[{"href":"https:\/\/www.univ-mosta.dz\/vrcc\/wp-json\/wp\/v2\/types\/post"}],"author":[{"embeddable":true,"href":"https:\/\/www.univ-mosta.dz\/vrcc\/wp-json\/wp\/v2\/users\/15"}],"replies":[{"embeddable":true,"href":"https:\/\/www.univ-mosta.dz\/vrcc\/wp-json\/wp\/v2\/comments?post=7573"}],"version-history":[{"count":7,"href":"https:\/\/www.univ-mosta.dz\/vrcc\/wp-json\/wp\/v2\/posts\/7573\/revisions"}],"predecessor-version":[{"id":7889,"href":"https:\/\/www.univ-mosta.dz\/vrcc\/wp-json\/wp\/v2\/posts\/7573\/revisions\/7889"}],"wp:featuredmedia":[{"embeddable":true,"href":"https:\/\/www.univ-mosta.dz\/vrcc\/wp-json\/wp\/v2\/media\/7886"}],"wp:attachment":[{"href":"https:\/\/www.univ-mosta.dz\/vrcc\/wp-json\/wp\/v2\/media?parent=7573"}],"wp:term":[{"taxonomy":"category","embeddable":true,"href":"https:\/\/www.univ-mosta.dz\/vrcc\/wp-json\/wp\/v2\/categories?post=7573"},{"taxonomy":"post_tag","embeddable":true,"href":"https:\/\/www.univ-mosta.dz\/vrcc\/wp-json\/wp\/v2\/tags?post=7573"}],"curies":[{"name":"wp","href":"https:\/\/api.w.org\/{rel}","templated":true}]}}