{"id":7455,"date":"2020-06-07T09:52:00","date_gmt":"2020-06-07T07:52:00","guid":{"rendered":"https:\/\/www.univ-mosta.dz\/vrcc\/?p=7455"},"modified":"2023-09-05T12:06:38","modified_gmt":"2023-09-05T10:06:38","slug":"projets-de-renforcement-de-capacites-key-action-2","status":"publish","type":"post","link":"https:\/\/www.univ-mosta.dz\/vrcc\/projets-de-renforcement-de-capacites-key-action-2\/","title":{"rendered":"Projets de Renforcement de Capacit\u00e9s (Key Action 2)"},"content":{"rendered":"\n<p class=\"section-heading sh-t1 sh-s5\"><span class=\"h-text\" style=\"color: #000080;font-size: 14pt\">Pr\u00e9sentation<\/span><\/p>\n<p class=\"section-heading sh-t1 sh-s5\" style=\"text-align: justify\"><span style=\"font-size: 12pt\">Les projets de renforcement de capacit\u00e9s dans l\u2019enseignement sup\u00e9rieur \u00ab Capacity Building for Higher Education (CBHE) \u00bb sont des projets de coop\u00e9ration qui soutiennent la modernisation des syst\u00e8mes d\u2019enseignement sup\u00e9rieur des pays partenaires du voisinage de l\u2019est et du sud, des Balkans occidentaux, de l\u2019Asie Centrale, de la Russie, de l\u2019Asie, de l\u2019Am\u00e9rique Latine et des pays de la Zone Afrique-Cara\u00efbe-Pacifique et de la zone Irak, Iran, Yemen.<\/span><\/p>\n<p style=\"text-align: justify\"><span style=\"font-size: 12pt\">L\u2019action \u2018Renforcement des capacit\u00e9s\u2019 est une action centralis\u00e9e, directement g\u00e9r\u00e9e par l\u2019agence ex\u00e9cutive \u2018Education, Audiovisuel et Culture\u2019 (EACEA) \u00e0 Bruxelles.<\/span><\/p>\n<p style=\"text-align: justify\"><span style=\"font-size: 12pt\">En Alg\u00e9rie, le bureau national Erasmus plus (<span style=\"color: #0000ff\"><a style=\"color: #0000ff\" href=\"https:\/\/erasmusplus.dz\/index.php\/fr\/neo-algerie\/\">https:\/\/erasmusplus.dz\/index.php\/fr\/neo-algerie\/<\/a><\/span>) accompagne les porteurs de projets dans le montage,\u00a0 suivi et ex\u00e9cution de ces projets.<\/span><\/p>\n<p>\u00a0<\/p>\n<p class=\"section-heading sh-t1 sh-s5\" style=\"text-align: justify\"><span style=\"color: #000080\"><span class=\"h-text\" style=\"font-size: 12pt\"><span style=\"font-size: 14pt\">Objectifs<\/span><\/span><\/span><\/p>\n<ul>\n<li style=\"list-style-type: none\">\n<ul class=\"bs-shortcode-list list-style-check\" style=\"text-align: justify\">\n<li><span style=\"font-size: 12pt\">Soutenir la modernisation, l\u2019accessibilit\u00e9 et l\u2019internationalisation de l\u2019enseignement sup\u00e9rieur dans les pays partenaires,<\/span><\/li>\n<li><span style=\"font-size: 12pt\">Am\u00e9liorer la qualit\u00e9, la pertinence et la gouvernance de l\u2019enseignement sup\u00e9rieur dans les pays partenaires,<\/span><\/li>\n<li><span style=\"font-size: 12pt\">Renforcer les capacit\u00e9s des \u00e9tablissements d\u2019enseignement sup\u00e9rieur dans les pays partenaires et dans l\u2019UE, sur le plan de la coop\u00e9ration internationale et du processus de modernisation permanente en particulier ; et les aider \u00e0 s\u2019ouvrir \u00e0 la soci\u00e9t\u00e9 au sens large ainsi qu\u2019au monde du travail afin de :<\/span>\n<ul>\n<li style=\"list-style-type: none\">\n<ul class=\"bs-shortcode-list list-style-check\" style=\"text-align: justify\">\n<li><span style=\"font-size: 12pt\">Renforcer le caract\u00e8re interdisciplinaire et transdisciplinaire de l\u2019enseignement sup\u00e9rieur,<\/span><\/li>\n<li><span style=\"font-size: 12pt\">Am\u00e9liorer l\u2019employabilit\u00e9 des dipl\u00f4m\u00e9s des universit\u00e9s,<\/span><\/li>\n<li><span style=\"font-size: 12pt\">Conf\u00e9rer \u00e0 l\u2019espace europ\u00e9en de l\u2019enseignement sup\u00e9rieur davantage de visibilit\u00e9 et d\u2019attrait dans le monde,<\/span><\/li>\n<li><span style=\"font-size: 12pt\">Favoriser le d\u00e9veloppement r\u00e9ciproque des ressources humaines,<\/span><\/li>\n<li><span style=\"font-size: 12pt\">Promouvoir une meilleure compr\u00e9hension entre les peuples et les cultures de l\u2019UE et des pays partenaires.<br \/><br \/><\/span><\/li>\n<\/ul>\n<\/li>\n<\/ul>\n<\/li>\n<\/ul>\n<\/li>\n<\/ul>\n<p class=\"section-heading sh-t1 sh-s5\"><span style=\"color: #000080\"><span class=\"h-text\" style=\"font-size: 14pt\">Les Priorit\u00e9s Des Projets CBHE\u00a0<\/span><\/span><\/p>\n<ul>\n<li style=\"list-style-type: none\">\n<ul class=\"bs-shortcode-list list-style-check\">\n<li><span style=\"font-size: 12pt\">le renforcement des curricula,<\/span><\/li>\n<li><span style=\"font-size: 12pt\">l\u2019am\u00e9lioration de la qualit\u00e9 de l\u2019\u00e9ducation et de la formation,<\/span><\/li>\n<li><span style=\"font-size: 12pt\">l\u2019am\u00e9lioration de la gestion des \u00e9tablissements d\u2019enseignement sup\u00e9rieur,<\/span><\/li>\n<li><span style=\"font-size: 12pt\">le d\u00e9veloppement du secteur de l\u2019enseignement sup\u00e9rieur en lien avec la soci\u00e9t\u00e9.<br \/><br \/><\/span><\/li>\n<\/ul>\n<\/li>\n<\/ul>\n<p class=\"section-heading sh-t1 sh-s5\"><span style=\"color: #000080\"><span style=\"font-size: 12pt\"><span style=\"font-size: 14pt\">Lien Utile<\/span><\/span><\/span><\/p>\n<p><span style=\"font-size: 12pt\"><a href=\"https:\/\/www.google.com\/url?url=https:\/\/eacea.ec.europa.eu\/erasmus-plus\/funding\/capacity-building-higher-education-2019_en&amp;rct=j&amp;frm=1&amp;q=&amp;esrc=s&amp;sa=U&amp;ved=0ahUKEwi5g_O7n5vfAhVVoXEKHWnzCfAQFggTMAA&amp;usg=AOvVaw2OKm-qAHBbLa8OwUS3gj0K\" target=\"_blank\" rel=\"attachment noopener wp-att-644\"><img loading=\"lazy\" decoding=\"async\" class=\"aligncenter wp-image-644 size-full\" title=\"Cliquer-ici\" src=\"http:\/\/www.univ-mosta.dz\/vrcc\/wp-content\/uploads\/sites\/13\/2020\/06\/EACEA.png\" alt=\"\" width=\"710\" height=\"137\" srcset=\"https:\/\/www.univ-mosta.dz\/vrcc\/wp-content\/uploads\/sites\/13\/2020\/06\/EACEA.png 710w, https:\/\/www.univ-mosta.dz\/vrcc\/wp-content\/uploads\/sites\/13\/2020\/06\/EACEA-300x58.png 300w\" sizes=\"auto, (max-width: 710px) 100vw, 710px\" \/><\/a><\/span><\/p>\n<p>\u00a0<\/p>\n<p class=\"section-heading sh-t1 sh-s5\"><span style=\"color: #000080\"><span class=\"h-text\" style=\"font-size: 12pt\"><span style=\"font-size: 14pt\">Types Des Projets CBHE<\/span>\u00a0<\/span><\/span><\/p>\n<p><span style=\"text-decoration: underline\"><span style=\"font-size: 12pt\"><strong>Les projets conjoints<\/strong><\/span><\/span><\/p>\n<p style=\"text-align: justify\"><span style=\"font-size: 12pt\">Les projets conjoints sont bas\u00e9s sur un partenariat multilat\u00e9ral entre des \u00e9tablissements d\u2019enseignement sup\u00e9rieur de l\u2019Union europ\u00e9enne et des pays partenaires et sont mis en \u0153uvre au niveau des institutions elles-m\u00eames. Ils peuvent aussi impliquer des partenaires non universitaires associ\u00e9s au projet afin de renforcer les liens avec la soci\u00e9t\u00e9.<\/span><\/p>\n<p><span style=\"font-size: 12pt\">Ils ont vocation \u00e0 :<\/span><\/p>\n<ul>\n<li style=\"text-align: justify\"><span style=\"font-size: 12pt\">\u00e9laborer, moderniser et diffuser des programmes d\u2019enseignement, m\u00e9thodes ou ressources p\u00e9dagogiques,<\/span><\/li>\n<li style=\"text-align: justify\"><span style=\"font-size: 12pt\">stimuler la culture de l\u2019assurance qualit\u00e9,<\/span><\/li>\n<li style=\"text-align: justify\"><span style=\"font-size: 12pt\">moderniser la gestion et l\u2019administration des \u00e9tablissements d\u2019enseignement sup\u00e9rieur,<\/span><\/li>\n<li style=\"text-align: justify\"><span style=\"font-size: 12pt\">renforcer le r\u00f4le des \u00e9tablissements d\u2019enseignement sup\u00e9rieur dans la soci\u00e9t\u00e9 et accro\u00eetre leur contribution au d\u00e9veloppement de l\u2019apprentissage tout au long de la vie,<\/span><\/li>\n<li style=\"text-align: justify\"><span style=\"font-size: 12pt\">renforcer le triangle de la connaissance : \u00e9ducation \/ recherche \/ innovation,<\/span><\/li>\n<li style=\"text-align: justify\"><span style=\"font-size: 12pt\">favoriser les liens avec le march\u00e9 du travail.<br \/><\/span><\/li>\n<\/ul>\n<p><span style=\"font-size: 12pt\">Il existe 2 types de projets conjoints\u00a0:<\/span><\/p>\n<ul>\n<li style=\"list-style-type: none\">\n<ul class=\"bs-shortcode-list list-style-folder\">\n<li style=\"text-align: justify\"><span style=\"font-size: 12pt\"><strong>Les projets nationaux<\/strong>: destin\u00e9s \u00e0 un seul pays partenaire, ils s\u2019articulent autour des priorit\u00e9s nationales d\u00e9finies par ce pays.<\/span><\/li>\n<\/ul>\n<\/li>\n<\/ul>\n<ul>\n<li style=\"list-style-type: none\">\n<ul class=\"bs-shortcode-list list-style-folder\">\n<li style=\"text-align: justify\"><span style=\"font-size: 12pt\"><strong>Les projets multinationaux<\/strong>: visent plusieurs pays partenaires et s\u2019articulent autour des priorit\u00e9s r\u00e9gionales communes \u00e0 tous les pays partenaires d\u2019une r\u00e9gion sp\u00e9cifique. Ils peuvent \u00e9galement traiter une priorit\u00e9 nationale commune \u00e0 chacun des pays partenaires de r\u00e9gions diff\u00e9rentes participant \u00e0 ce projet.<br \/><\/span><\/li>\n<\/ul>\n<\/li>\n<\/ul>\n<p><span style=\"text-decoration: underline\"><span style=\"font-size: 12pt;color: #000000\"><strong>Les projets\u00a0structurels<\/strong><\/span><\/span><\/p>\n<p style=\"text-align: justify\"><span style=\"font-size: 12pt\">Les projets\u00a0structurels contribuent au d\u00e9veloppement strat\u00e9gique et \u00e0 la r\u00e9forme structurelle des syst\u00e8mes d\u2019enseignement sup\u00e9rieur au niveau national.<\/span><\/p>\n<p><span style=\"font-size: 12pt\">Elles visent \u00e0 :<\/span><\/p>\n<ul>\n<li style=\"list-style-type: none\">\n<ul>\n<li><span style=\"font-size: 12pt\">R\u00e9former la gouvernance des \u00e9tablissements d\u2019enseignement sup\u00e9rieur<\/span><span style=\"font-size: 12pt\">\u2013mettre en place des syst\u00e8mes nationaux de certification et de qualification.<\/span><\/li>\n<li><span style=\"font-size: 12pt\">\u00a0d\u00e9velopper les services aux \u00e9tudiants ; \u00e9laborer des normes nationales d\u2019assurance qualit\u00e9.<\/span><\/li>\n<li><span style=\"font-size: 12pt\">travailler sur les questions juridiques portant sur l\u2019autonomie.<\/span><\/li>\n<li><span style=\"font-size: 12pt\">\u00a0travailler sur la responsabilisation et le financement du syst\u00e8me d\u2019enseignement sup\u00e9rieur.<\/span><\/li>\n<li style=\"text-align: justify\"><span style=\"font-size: 12pt\">Renforcer le lien entre l\u2019enseignement sup\u00e9rieur et la soci\u00e9t\u00e9<\/span><span style=\"font-size: 12pt\">\u2013 d\u00e9velopper des liens entre le syst\u00e8me d\u2019enseignement sup\u00e9rieur \u00e0 vocation g\u00e9n\u00e9rale et le syst\u00e8me avanc\u00e9 d\u2019enseignement et de formation professionnels, d\u2019une part, et le monde du travail, d\u2019autre part.<\/span><\/li>\n<li style=\"text-align: justify\"><span style=\"font-size: 12pt\">d\u00e9velopper et \u00e9tayer le triangle de la connaissance (\u00e9ducation, recherche et innovation) par le biais d\u2019actions nationales.<\/span><\/li>\n<li style=\"text-align: justify\"><span style=\"font-size: 12pt\">renforcer les capacit\u00e9s de l\u2019administration publique en vue de l\u2019\u00e9laboration d\u2019une politique de r\u00e9forme et de nouvelles dispositions l\u00e9gislatives en mati\u00e8re d\u2019enseignement sup\u00e9rieur.<\/span><\/li>\n<\/ul>\n<\/li>\n<\/ul>\n\n\n","protected":false},"excerpt":{"rendered":"<p>Pr\u00e9sentation Les projets de renforcement de capacit\u00e9s dans l\u2019enseignement sup\u00e9rieur \u00ab Capacity Building for Higher Education (CBHE) \u00bb sont des projets de coop\u00e9ration qui soutiennent la modernisation des syst\u00e8mes d\u2019enseignement &hellip;<\/p>\n","protected":false},"author":15,"featured_media":7459,"comment_status":"closed","ping_status":"closed","sticky":false,"template":"","format":"standard","meta":{"_coblocks_attr":"","_coblocks_dimensions":"","_coblocks_responsive_height":"","_coblocks_accordion_ie_support":"","_EventAllDay":false,"_EventTimezone":"","_EventStartDate":"","_EventEndDate":"","_EventStartDateUTC":"","_EventEndDateUTC":"","_EventShowMap":false,"_EventShowMapLink":false,"_EventURL":"","_EventCost":"","_EventCostDescription":"","_EventCurrencySymbol":"","_EventCurrencyCode":"","_EventCurrencyPosition":"","_EventDateTimeSeparator":"","_EventTimeRangeSeparator":"","_EventOrganizerID":[],"_EventVenueID":[],"_OrganizerEmail":"","_OrganizerPhone":"","_OrganizerWebsite":"","_VenueAddress":"","_VenueCity":"","_VenueCountry":"","_VenueProvince":"","_VenueState":"","_VenueZip":"","_VenuePhone":"","_VenueURL":"","_VenueStateProvince":"","_VenueLat":"","_VenueLng":"","_VenueShowMap":false,"_VenueShowMapLink":false,"footnotes":""},"categories":[9],"tags":[],"class_list":["post-7455","post","type-post","status-publish","format-standard","has-post-thumbnail","hentry","category-projets-internationaux"],"_links":{"self":[{"href":"https:\/\/www.univ-mosta.dz\/vrcc\/wp-json\/wp\/v2\/posts\/7455","targetHints":{"allow":["GET"]}}],"collection":[{"href":"https:\/\/www.univ-mosta.dz\/vrcc\/wp-json\/wp\/v2\/posts"}],"about":[{"href":"https:\/\/www.univ-mosta.dz\/vrcc\/wp-json\/wp\/v2\/types\/post"}],"author":[{"embeddable":true,"href":"https:\/\/www.univ-mosta.dz\/vrcc\/wp-json\/wp\/v2\/users\/15"}],"replies":[{"embeddable":true,"href":"https:\/\/www.univ-mosta.dz\/vrcc\/wp-json\/wp\/v2\/comments?post=7455"}],"version-history":[{"count":8,"href":"https:\/\/www.univ-mosta.dz\/vrcc\/wp-json\/wp\/v2\/posts\/7455\/revisions"}],"predecessor-version":[{"id":7472,"href":"https:\/\/www.univ-mosta.dz\/vrcc\/wp-json\/wp\/v2\/posts\/7455\/revisions\/7472"}],"wp:featuredmedia":[{"embeddable":true,"href":"https:\/\/www.univ-mosta.dz\/vrcc\/wp-json\/wp\/v2\/media\/7459"}],"wp:attachment":[{"href":"https:\/\/www.univ-mosta.dz\/vrcc\/wp-json\/wp\/v2\/media?parent=7455"}],"wp:term":[{"taxonomy":"category","embeddable":true,"href":"https:\/\/www.univ-mosta.dz\/vrcc\/wp-json\/wp\/v2\/categories?post=7455"},{"taxonomy":"post_tag","embeddable":true,"href":"https:\/\/www.univ-mosta.dz\/vrcc\/wp-json\/wp\/v2\/tags?post=7455"}],"curies":[{"name":"wp","href":"https:\/\/api.w.org\/{rel}","templated":true}]}}