{"id":7422,"date":"2020-06-07T14:55:00","date_gmt":"2020-06-07T12:55:00","guid":{"rendered":"https:\/\/www.univ-mosta.dz\/vrcc\/?p=7422"},"modified":"2023-09-04T16:02:55","modified_gmt":"2023-09-04T14:02:55","slug":"projet-proemed-2016-2019","status":"publish","type":"post","link":"https:\/\/www.univ-mosta.dz\/vrcc\/projet-proemed-2016-2019\/","title":{"rendered":"Projet PROEMED 2016-2019"},"content":{"rendered":"\n<table style=\"border-collapse: collapse;width: 100%;height: 280px\">\n<tbody>\n<tr style=\"height: 115px\">\n<td style=\"width: 50%;height: 115px\"><a href=\"http:\/\/www.univ-mosta.dz\/vrcc\/projets-de-mobilite-internationale-de-credits-key-action-1\/key-action-11\/\" rel=\"attachment wp-att-567\"><img loading=\"lazy\" decoding=\"async\" class=\"wp-image-567 aligncenter\" src=\"http:\/\/www.univ-mosta.dz\/vrcc\/wp-content\/uploads\/sites\/13\/2020\/06\/Key-Action-11.png\" alt=\"\" width=\"415\" height=\"115\" srcset=\"https:\/\/www.univ-mosta.dz\/vrcc\/wp-content\/uploads\/sites\/13\/2020\/06\/Key-Action-11.png 779w, https:\/\/www.univ-mosta.dz\/vrcc\/wp-content\/uploads\/sites\/13\/2020\/06\/Key-Action-11-300x83.png 300w, https:\/\/www.univ-mosta.dz\/vrcc\/wp-content\/uploads\/sites\/13\/2020\/06\/Key-Action-11-768x213.png 768w\" sizes=\"auto, (max-width: 415px) 100vw, 415px\" \/><\/a><\/td>\n<td style=\"width: 50%;height: 115px\"><a href=\"http:\/\/www.univ-mosta.dz\/vrcc\/projet-proemed-2016-2019\/logo-cubo-proemed-1\/\" rel=\"attachment wp-att-1217\"><img loading=\"lazy\" decoding=\"async\" class=\"size-full wp-image-1217 aligncenter\" src=\"http:\/\/www.univ-mosta.dz\/vrcc\/wp-content\/uploads\/sites\/13\/2020\/07\/logo-cubo-proemed-1.png\" alt=\"\" width=\"250\" height=\"42\"><\/a><\/td>\n<\/tr>\n<tr style=\"height: 165px\">\n<td style=\"width: 50%;height: 165px\" colspan=\"2\">\n<ul>\n<li>Intitul\u00e9 du projet: <strong>PROEMED : BOOSTING ENVIRONMENTAL PROTECTION AND ENERGY EFFICIENT BUILDINGS IN MEDITERRANEAN REGION (2016-2019)<\/strong><\/li>\n<li>R\u00e9f\u00e9rence du projet: <span style=\"color: #22ab22\">573677-EPP-1-2016-1-IT-EPPKA2-CBHE-JP<\/span><\/li>\n<li>Organisation de Coordination:<strong> UNIVERSITA DEGLI STUDI DI GENOVA (Italie)<\/strong><\/li>\n<\/ul>\n<\/td>\n<\/tr>\n<\/tbody>\n<\/table>\n\n\n\n<p><span style=\"font-size: 14pt;color: #22ab22\"><strong>| Organisations partenaires :<\/strong><\/span><\/p>\n<ul>\n<li><strong>\u00a0PARTENAIRES EUROP\u00c9ENS<\/strong>\n<ul>\n<li style=\"list-style-type: none\">\n<ul>\n<li>Universit\u00e9 de G\u00eanes \u2013 Italie,<\/li>\n<li>Institut d\u2019Agora de Management &amp; de D\u00e9veloppent \u2013 Espagne,<\/li>\n<li>Universit\u00e9 des Sciences de la Vie de Varsovie \u2013 Pologne,<\/li>\n<li>Universit\u00e9 de La Rochelle \u2013 France,<\/li>\n<li>Technologies innovantes pour le contr\u00f4le environnemental et le d\u00e9veloppement durable \u2013 Italie.<\/li>\n<\/ul>\n<\/li>\n<\/ul>\n<\/li>\n<li><strong>PARTENAIRES NORD-AFRICAINS<\/strong>\n<ul>\n<li style=\"list-style-type: none\">\n<ul>\n<li><strong>Universit\u00e9 Abdelhamid Ibn Badis de Mostaganem (dz),<\/strong><\/li>\n<li>Universit\u00e9 de Tlemcen (dz),<\/li>\n<li>Universit\u00e9 de Gabes (tn),<\/li>\n<li>Universit\u00e9 Cadi Ayyad (ma),<\/li>\n<li>Institut m\u00e9diterran\u00e9en de Technologie (dz),<\/li>\n<li>Horizons pour le d\u00e9veloppement local (tn),<\/li>\n<li>Centre de d\u00e9veloppement de la r\u00e9gion de Tensift (ma),<\/li>\n<li>Universit\u00e9 euro-m\u00e9diterran\u00e9enne de F\u00e8s (ma),<\/li>\n<li>Universit\u00e9 de Sousse (tn).<\/li>\n<\/ul>\n<\/li>\n<\/ul>\n<\/li>\n<\/ul>\n<p style=\"text-align: justify\"><strong><span style=\"color: #22ab22\">| Objectifs\u00a0 du projet<\/span> <\/strong><\/p>\n<ul class=\"bs-shortcode-list list-style-check\">\n<li style=\"text-align: justify\"><strong>R\u00e9forme de curricula: <\/strong>Mettre en \u0153uvre un d\u00e9veloppement curricula efficace orient\u00e9 vers les exigences du march\u00e9 du travail; pour soutenir l\u2019employabilit\u00e9 les attentes des dipl\u00f4m\u00e9s en les formant aux m\u00e9thodes les plus r\u00e9centes dans le domaine de l\u2019efficacit\u00e9 \u00e9nerg\u00e9tique b\u00e2timents.<\/li>\n<li style=\"text-align: justify\">Mise en \u0153uvre dans chacun en d\u00e9veloppant d\u2019un programme de formation polyvalent, flexible et adaptable au march\u00e9 du travail.<\/li>\n<li style=\"text-align: justify\"><strong>Renforcer le partenariat universit\u00e9s-entreprises: <\/strong>D\u00e9velopper un r\u00e9seau entre les universit\u00e9s et les parties prenantes des projets, afin de rem\u00e9dier \u00e0 la fragmentation scientifique ant\u00e9c\u00e9dente en efficacit\u00e9 \u00e9nerg\u00e9tique et au manque de diffusion des connaissances, de l\u2019expertise, de l\u2019information et des donn\u00e9es.<\/li>\n<\/ul>\n","protected":false},"excerpt":{"rendered":"<p>Intitul\u00e9 du projet: PROEMED : BOOSTING ENVIRONMENTAL PROTECTION AND ENERGY EFFICIENT BUILDINGS IN MEDITERRANEAN REGION (2016-2019) R\u00e9f\u00e9rence du projet: 573677-EPP-1-2016-1-IT-EPPKA2-CBHE-JP Organisation de Coordination: UNIVERSITA DEGLI STUDI DI GENOVA (Italie) | &hellip;<\/p>\n","protected":false},"author":15,"featured_media":7427,"comment_status":"closed","ping_status":"closed","sticky":false,"template":"","format":"standard","meta":{"_coblocks_attr":"","_coblocks_dimensions":"","_coblocks_responsive_height":"","_coblocks_accordion_ie_support":"","_EventAllDay":false,"_EventTimezone":"","_EventStartDate":"","_EventEndDate":"","_EventStartDateUTC":"","_EventEndDateUTC":"","_EventShowMap":false,"_EventShowMapLink":false,"_EventURL":"","_EventCost":"","_EventCostDescription":"","_EventCurrencySymbol":"","_EventCurrencyCode":"","_EventCurrencyPosition":"","_EventDateTimeSeparator":"","_EventTimeRangeSeparator":"","_EventOrganizerID":[],"_EventVenueID":[],"_OrganizerEmail":"","_OrganizerPhone":"","_OrganizerWebsite":"","_VenueAddress":"","_VenueCity":"","_VenueCountry":"","_VenueProvince":"","_VenueState":"","_VenueZip":"","_VenuePhone":"","_VenueURL":"","_VenueStateProvince":"","_VenueLat":"","_VenueLng":"","_VenueShowMap":false,"_VenueShowMapLink":false,"footnotes":""},"categories":[441],"tags":[],"class_list":["post-7422","post","type-post","status-publish","format-standard","has-post-thumbnail","hentry","category-projet-proemed"],"_links":{"self":[{"href":"https:\/\/www.univ-mosta.dz\/vrcc\/wp-json\/wp\/v2\/posts\/7422","targetHints":{"allow":["GET"]}}],"collection":[{"href":"https:\/\/www.univ-mosta.dz\/vrcc\/wp-json\/wp\/v2\/posts"}],"about":[{"href":"https:\/\/www.univ-mosta.dz\/vrcc\/wp-json\/wp\/v2\/types\/post"}],"author":[{"embeddable":true,"href":"https:\/\/www.univ-mosta.dz\/vrcc\/wp-json\/wp\/v2\/users\/15"}],"replies":[{"embeddable":true,"href":"https:\/\/www.univ-mosta.dz\/vrcc\/wp-json\/wp\/v2\/comments?post=7422"}],"version-history":[{"count":6,"href":"https:\/\/www.univ-mosta.dz\/vrcc\/wp-json\/wp\/v2\/posts\/7422\/revisions"}],"predecessor-version":[{"id":9440,"href":"https:\/\/www.univ-mosta.dz\/vrcc\/wp-json\/wp\/v2\/posts\/7422\/revisions\/9440"}],"wp:featuredmedia":[{"embeddable":true,"href":"https:\/\/www.univ-mosta.dz\/vrcc\/wp-json\/wp\/v2\/media\/7427"}],"wp:attachment":[{"href":"https:\/\/www.univ-mosta.dz\/vrcc\/wp-json\/wp\/v2\/media?parent=7422"}],"wp:term":[{"taxonomy":"category","embeddable":true,"href":"https:\/\/www.univ-mosta.dz\/vrcc\/wp-json\/wp\/v2\/categories?post=7422"},{"taxonomy":"post_tag","embeddable":true,"href":"https:\/\/www.univ-mosta.dz\/vrcc\/wp-json\/wp\/v2\/tags?post=7422"}],"curies":[{"name":"wp","href":"https:\/\/api.w.org\/{rel}","templated":true}]}}