{"id":6463,"date":"2022-10-19T12:53:11","date_gmt":"2022-10-19T10:53:11","guid":{"rendered":"https:\/\/www.univ-mosta.dz\/vrcc\/?p=6463"},"modified":"2022-11-02T10:06:13","modified_gmt":"2022-11-02T09:06:13","slug":"appel-a-candidature-pour-des-bourses-de-mobilite-erasmus-vers-luniversite-technique-de-riga-lettonie","status":"publish","type":"post","link":"https:\/\/www.univ-mosta.dz\/vrcc\/appel-a-candidature-pour-des-bourses-de-mobilite-erasmus-vers-luniversite-technique-de-riga-lettonie\/","title":{"rendered":"Appel \u00e0 candidature pour des bourses de mobilit\u00e9 Erasmus + vers\u00a0l\u2019Universit\u00e9\u00a0Technique de Riga; Lettonie"},"content":{"rendered":"\n<table style=\"border-collapse: collapse;width: 100%\">\n<tbody>\n<tr>\n<td style=\"width: 36.3095%\"><img loading=\"lazy\" decoding=\"async\" class=\"alignnone size-medium wp-image-6464\" src=\"http:\/\/www.univ-mosta.dz\/vrcc\/wp-content\/uploads\/sites\/13\/2022\/10\/Logo-RTU-EURO-300x68.jpg\" alt=\"\" width=\"300\" height=\"68\" srcset=\"https:\/\/www.univ-mosta.dz\/vrcc\/wp-content\/uploads\/sites\/13\/2022\/10\/Logo-RTU-EURO-300x68.jpg 300w, https:\/\/www.univ-mosta.dz\/vrcc\/wp-content\/uploads\/sites\/13\/2022\/10\/Logo-RTU-EURO.jpg 493w\" sizes=\"auto, (max-width: 300px) 100vw, 300px\" \/>\u00a0<\/td>\n<td style=\"width: 31.7857%\"><img loading=\"lazy\" decoding=\"async\" class=\" wp-image-2647 aligncenter\" src=\"http:\/\/www.univ-mosta.dz\/vrcc\/wp-content\/uploads\/sites\/13\/2021\/05\/logo-univ-mosta-transparent-HD-300x291.png\" alt=\"\" width=\"99\" height=\"96\" srcset=\"https:\/\/www.univ-mosta.dz\/vrcc\/wp-content\/uploads\/sites\/13\/2021\/05\/logo-univ-mosta-transparent-HD-300x291.png 300w, https:\/\/www.univ-mosta.dz\/vrcc\/wp-content\/uploads\/sites\/13\/2021\/05\/logo-univ-mosta-transparent-HD-1024x993.png 1024w, https:\/\/www.univ-mosta.dz\/vrcc\/wp-content\/uploads\/sites\/13\/2021\/05\/logo-univ-mosta-transparent-HD-768x745.png 768w, https:\/\/www.univ-mosta.dz\/vrcc\/wp-content\/uploads\/sites\/13\/2021\/05\/logo-univ-mosta-transparent-HD.png 1409w\" sizes=\"auto, (max-width: 99px) 100vw, 99px\" \/><\/td>\n<td style=\"width: 31.9048%\"><img loading=\"lazy\" decoding=\"async\" class=\"alignnone size-medium wp-image-6465\" src=\"http:\/\/www.univ-mosta.dz\/vrcc\/wp-content\/uploads\/sites\/13\/2022\/10\/logo-de-erasmus-1-300x86.png\" alt=\"\" width=\"300\" height=\"86\" srcset=\"https:\/\/www.univ-mosta.dz\/vrcc\/wp-content\/uploads\/sites\/13\/2022\/10\/logo-de-erasmus-1-300x86.png 300w, https:\/\/www.univ-mosta.dz\/vrcc\/wp-content\/uploads\/sites\/13\/2022\/10\/logo-de-erasmus-1.png 420w\" sizes=\"auto, (max-width: 300px) 100vw, 300px\" \/><\/td>\n<\/tr>\n<\/tbody>\n<\/table>\n<p style=\"font-weight: 400;text-align: justify\">L\u2019Universit\u00e9 de Mostaganem a le plaisir de vous informer de l\u2019ouverture d\u2019un appel \u00e0 candidature aux bourses de mobilit\u00e9 dans le cadre des projets <strong>ERASMUS+ ICM<\/strong> qui lie notre universit\u00e9 et l\u2019Universit\u00e9 <strong>Technique de Riga (RTU) <\/strong>au profit des \u00e9tudiants (<strong>Licence<\/strong>, <strong>Master<\/strong>, <strong>Doctorants<\/strong>) inscrits \u00e0 l\u2019Universit\u00e9 de Mostaganem dans les sp\u00e9cialit\u00e9s suivantes :<\/p>\n<ol>\n<li style=\"font-weight: 400\"><strong>Sciences Economiques et Sciences de Gestion,<\/strong><\/li>\n<li style=\"font-weight: 400\"><strong>Sciences et Technologie,<\/strong><\/li>\n<li style=\"font-weight: 400\"><strong>Informatique et Sciences Exactes;<\/strong><\/li>\n<\/ol>\n<ul>\n<li style=\"font-weight: 400\">Pour candidater cliquez sur le lien suivant : <strong><a href=\"http:\/\/demande.univ-mosta.dz\/index.php\/278691?lang=fr\" target=\"_blank\" rel=\"noopener\">http:\/\/demande.univ-mosta.dz\/index.php\/278691?lang=fr<\/a><\/strong><\/li>\n<li style=\"font-weight: 400\">Date limite pour candidature\u00a0<strong>e<\/strong><strong>st<\/strong><strong>\u00a0:<\/strong><strong>\u00a0<span style=\"color: #ff0000\">05 Novembre 2022<\/span><\/strong><\/li>\n<\/ul>\n\n\n","protected":false},"excerpt":{"rendered":"<p>\u00a0 L\u2019Universit\u00e9 de Mostaganem a le plaisir de vous informer de l\u2019ouverture d\u2019un appel \u00e0 candidature aux bourses de mobilit\u00e9 dans le cadre des projets ERASMUS+ ICM qui lie notre &hellip;<\/p>\n","protected":false},"author":15,"featured_media":6466,"comment_status":"closed","ping_status":"closed","sticky":false,"template":"","format":"standard","meta":{"_coblocks_attr":"","_coblocks_dimensions":"","_coblocks_responsive_height":"","_coblocks_accordion_ie_support":"","_EventAllDay":false,"_EventTimezone":"","_EventStartDate":"","_EventEndDate":"","_EventStartDateUTC":"","_EventEndDateUTC":"","_EventShowMap":false,"_EventShowMapLink":false,"_EventURL":"","_EventCost":"","_EventCostDescription":"","_EventCurrencySymbol":"","_EventCurrencyCode":"","_EventCurrencyPosition":"","_EventDateTimeSeparator":"","_EventTimeRangeSeparator":"","_EventOrganizerID":[],"_EventVenueID":[],"_OrganizerEmail":"","_OrganizerPhone":"","_OrganizerWebsite":"","_VenueAddress":"","_VenueCity":"","_VenueCountry":"","_VenueProvince":"","_VenueState":"","_VenueZip":"","_VenuePhone":"","_VenueURL":"","_VenueStateProvince":"","_VenueLat":"","_VenueLng":"","_VenueShowMap":false,"_VenueShowMapLink":false,"footnotes":""},"categories":[3,4],"tags":[],"class_list":["post-6463","post","type-post","status-publish","format-standard","has-post-thumbnail","hentry","category-actualites","category-bourses"],"_links":{"self":[{"href":"https:\/\/www.univ-mosta.dz\/vrcc\/wp-json\/wp\/v2\/posts\/6463","targetHints":{"allow":["GET"]}}],"collection":[{"href":"https:\/\/www.univ-mosta.dz\/vrcc\/wp-json\/wp\/v2\/posts"}],"about":[{"href":"https:\/\/www.univ-mosta.dz\/vrcc\/wp-json\/wp\/v2\/types\/post"}],"author":[{"embeddable":true,"href":"https:\/\/www.univ-mosta.dz\/vrcc\/wp-json\/wp\/v2\/users\/15"}],"replies":[{"embeddable":true,"href":"https:\/\/www.univ-mosta.dz\/vrcc\/wp-json\/wp\/v2\/comments?post=6463"}],"version-history":[{"count":3,"href":"https:\/\/www.univ-mosta.dz\/vrcc\/wp-json\/wp\/v2\/posts\/6463\/revisions"}],"predecessor-version":[{"id":6484,"href":"https:\/\/www.univ-mosta.dz\/vrcc\/wp-json\/wp\/v2\/posts\/6463\/revisions\/6484"}],"wp:featuredmedia":[{"embeddable":true,"href":"https:\/\/www.univ-mosta.dz\/vrcc\/wp-json\/wp\/v2\/media\/6466"}],"wp:attachment":[{"href":"https:\/\/www.univ-mosta.dz\/vrcc\/wp-json\/wp\/v2\/media?parent=6463"}],"wp:term":[{"taxonomy":"category","embeddable":true,"href":"https:\/\/www.univ-mosta.dz\/vrcc\/wp-json\/wp\/v2\/categories?post=6463"},{"taxonomy":"post_tag","embeddable":true,"href":"https:\/\/www.univ-mosta.dz\/vrcc\/wp-json\/wp\/v2\/tags?post=6463"}],"curies":[{"name":"wp","href":"https:\/\/api.w.org\/{rel}","templated":true}]}}