{"id":6414,"date":"2022-10-11T13:30:20","date_gmt":"2022-10-11T11:30:20","guid":{"rendered":"https:\/\/www.univ-mosta.dz\/vrcc\/?p=6414"},"modified":"2022-10-11T13:30:21","modified_gmt":"2022-10-11T11:30:21","slug":"erasmusdays-2","status":"publish","type":"post","link":"https:\/\/www.univ-mosta.dz\/vrcc\/erasmusdays-2\/","title":{"rendered":"<strong>Erasmusdays<\/strong>"},"content":{"rendered":"\n<p style=\"text-align: justify\">Dans le cadre des\u00a0<strong><span style=\"color: #003366\">Erasmus days<\/span><\/strong> <span style=\"color: #003366\"><strong>2022\u00a0<\/strong> <\/span>les 13-14-15 Octobre, le vice-rectorat des relations internationales et de la coop\u00e9ration de l\u2019universit\u00e9 de Mostaganem a le plaisir de vous inviter \u00e0 assister aux deux \u00e9v\u00e9nements pour c\u00e9l\u00e9brer ces journ\u00e9es. Le programme de ces journ\u00e9es s\u2019articule sur les th\u00e9matiques suivantes :<\/p>\n<ol>\n<li style=\"text-align: justify\">Contribution des projets Erasmus+ aux Renforcement des capacit\u00e9s de L\u2019universit\u00e9 (<a href=\"http:\/\/www.univ-mosta.dz\/vrcc\/wp-content\/uploads\/sites\/13\/2022\/10\/Programme-ERASMUS-DAYS-__13-Octobre-2022-__-FST.pdf\" target=\"_blank\" rel=\"noopener\">voir programme<\/a>)<\/li>\n<li style=\"text-align: justify\">Mobilit\u00e9 Erasmus+ : l&rsquo;universit\u00e9 de Mostaganem en collaboration avec l&rsquo;universit\u00e9 de Ain Temouchent pr\u00e9senteront les projets de mobilit\u00e9 Erasmus + (<a href=\"http:\/\/www.univ-mosta.dz\/vrcc\/wp-content\/uploads\/sites\/13\/2022\/10\/Programme-ERASMUS-DAYS-__13-Octobre-2022-__-ITA.pdf\" target=\"_blank\" rel=\"noopener\">voir programme<\/a>)<\/li>\n<\/ol>\n<p>\u00a0<\/p>\n\n\n","protected":false},"excerpt":{"rendered":"<p>Dans le cadre des\u00a0Erasmus days 2022\u00a0 les 13-14-15 Octobre, le vice-rectorat des relations internationales et de la coop\u00e9ration de l\u2019universit\u00e9 de Mostaganem a le plaisir de vous inviter \u00e0 assister &hellip;<\/p>\n","protected":false},"author":15,"featured_media":6415,"comment_status":"closed","ping_status":"closed","sticky":false,"template":"","format":"standard","meta":{"_coblocks_attr":"","_coblocks_dimensions":"","_coblocks_responsive_height":"","_coblocks_accordion_ie_support":"","_EventAllDay":false,"_EventTimezone":"","_EventStartDate":"","_EventEndDate":"","_EventStartDateUTC":"","_EventEndDateUTC":"","_EventShowMap":false,"_EventShowMapLink":false,"_EventURL":"","_EventCost":"","_EventCostDescription":"","_EventCurrencySymbol":"","_EventCurrencyCode":"","_EventCurrencyPosition":"","_EventDateTimeSeparator":"","_EventTimeRangeSeparator":"","_EventOrganizerID":[],"_EventVenueID":[],"_OrganizerEmail":"","_OrganizerPhone":"","_OrganizerWebsite":"","_VenueAddress":"","_VenueCity":"","_VenueCountry":"","_VenueProvince":"","_VenueState":"","_VenueZip":"","_VenuePhone":"","_VenueURL":"","_VenueStateProvince":"","_VenueLat":"","_VenueLng":"","_VenueShowMap":false,"_VenueShowMapLink":false,"footnotes":""},"categories":[3],"tags":[],"class_list":["post-6414","post","type-post","status-publish","format-standard","has-post-thumbnail","hentry","category-actualites"],"_links":{"self":[{"href":"https:\/\/www.univ-mosta.dz\/vrcc\/wp-json\/wp\/v2\/posts\/6414","targetHints":{"allow":["GET"]}}],"collection":[{"href":"https:\/\/www.univ-mosta.dz\/vrcc\/wp-json\/wp\/v2\/posts"}],"about":[{"href":"https:\/\/www.univ-mosta.dz\/vrcc\/wp-json\/wp\/v2\/types\/post"}],"author":[{"embeddable":true,"href":"https:\/\/www.univ-mosta.dz\/vrcc\/wp-json\/wp\/v2\/users\/15"}],"replies":[{"embeddable":true,"href":"https:\/\/www.univ-mosta.dz\/vrcc\/wp-json\/wp\/v2\/comments?post=6414"}],"version-history":[{"count":1,"href":"https:\/\/www.univ-mosta.dz\/vrcc\/wp-json\/wp\/v2\/posts\/6414\/revisions"}],"predecessor-version":[{"id":6418,"href":"https:\/\/www.univ-mosta.dz\/vrcc\/wp-json\/wp\/v2\/posts\/6414\/revisions\/6418"}],"wp:featuredmedia":[{"embeddable":true,"href":"https:\/\/www.univ-mosta.dz\/vrcc\/wp-json\/wp\/v2\/media\/6415"}],"wp:attachment":[{"href":"https:\/\/www.univ-mosta.dz\/vrcc\/wp-json\/wp\/v2\/media?parent=6414"}],"wp:term":[{"taxonomy":"category","embeddable":true,"href":"https:\/\/www.univ-mosta.dz\/vrcc\/wp-json\/wp\/v2\/categories?post=6414"},{"taxonomy":"post_tag","embeddable":true,"href":"https:\/\/www.univ-mosta.dz\/vrcc\/wp-json\/wp\/v2\/tags?post=6414"}],"curies":[{"name":"wp","href":"https:\/\/api.w.org\/{rel}","templated":true}]}}