{"id":6394,"date":"2022-10-09T16:48:56","date_gmt":"2022-10-09T14:48:56","guid":{"rendered":"https:\/\/www.univ-mosta.dz\/vrcc\/?p=6394"},"modified":"2022-10-10T11:58:22","modified_gmt":"2022-10-10T09:58:22","slug":"inscription-en-master-professionnalisant","status":"publish","type":"post","link":"https:\/\/www.univ-mosta.dz\/vrcc\/inscription-en-master-professionnalisant\/","title":{"rendered":"Offre de formation: Master Professionnalisant"},"content":{"rendered":"\n<h4 style=\"text-align: center\"><span style=\"color: #339966\"><strong>Formation propos\u00e9e dans le cadre d&rsquo;Erasmus+<\/strong><\/span><\/h4>\n<p style=\"text-align: center\">Nous vous informons que la date de d\u00e9p\u00f4t des candidatures pour l\u2019inscription en :<\/p>\n<p style=\"text-align: center\"><strong>Master \u00ab Technologies Avanc\u00e9es en Agriculture de Pr\u00e9cision \u00bb<\/strong><\/p>\n<p style=\"text-align: center\">Et en<\/p>\n<p style=\"text-align: center\"><strong>Master \u00ab Changements Environnementaux et D\u00e9veloppement Durable \u00bb <\/strong><\/p>\n<p style=\"text-align: center\">est prolong\u00e9e jusqu\u2019au <strong><mark class=\"has-inline-color has-vivid-red-color\">20 Octobre 2022.<\/mark><\/strong><\/p>\n<a href=\"https:\/\/www.univ-mosta.dz\/vrcc\/wp-content\/uploads\/sites\/13\/2022\/10\/Offre-de-formation-master-pro.pdf\" class=\"pdfemb-viewer\" style=\"\" data-width=\"max\" data-height=\"max\" data-toolbar=\"both\" data-toolbar-fixed=\"on\">Offre de formation master pro<\/a>\n<p><a href=\"http:\/\/www.univ-mosta.dz\/vrcc\/wp-content\/uploads\/sites\/13\/2022\/10\/Offre-de-formation-master-pro.pdf\" target=\"_blank\" rel=\"noopener\"><img loading=\"lazy\" decoding=\"async\" class=\"aligncenter wp-image-6050\" src=\"http:\/\/www.univ-mosta.dz\/vrcc\/wp-content\/uploads\/sites\/13\/2022\/07\/1.png\" alt=\"\" width=\"108\" height=\"108\" srcset=\"https:\/\/www.univ-mosta.dz\/vrcc\/wp-content\/uploads\/sites\/13\/2022\/07\/1.png 225w, https:\/\/www.univ-mosta.dz\/vrcc\/wp-content\/uploads\/sites\/13\/2022\/07\/1-150x150.png 150w\" sizes=\"auto, (max-width: 108px) 100vw, 108px\" \/><\/a><\/p>\n<p>&nbsp;<\/p>\n<a href=\"https:\/\/www.univ-mosta.dz\/vrcc\/wp-content\/uploads\/sites\/13\/2022\/10\/Offre-de-formation-master.pdf\" class=\"pdfemb-viewer\" style=\"\" data-width=\"max\" data-height=\"max\" data-toolbar=\"both\" data-toolbar-fixed=\"on\">Offre de formation master<\/a>\n<p><a href=\"http:\/\/www.univ-mosta.dz\/vrcc\/wp-content\/uploads\/sites\/13\/2022\/10\/Offre-de-formation-master.pdf\" target=\"_blank\" rel=\"noopener\"><img loading=\"lazy\" decoding=\"async\" class=\"aligncenter wp-image-5666\" src=\"http:\/\/www.univ-mosta.dz\/vrcc\/wp-content\/uploads\/sites\/13\/2022\/06\/images-4.png\" alt=\"\" width=\"116\" height=\"116\" srcset=\"https:\/\/www.univ-mosta.dz\/vrcc\/wp-content\/uploads\/sites\/13\/2022\/06\/images-4.png 225w, https:\/\/www.univ-mosta.dz\/vrcc\/wp-content\/uploads\/sites\/13\/2022\/06\/images-4-150x150.png 150w\" sizes=\"auto, (max-width: 116px) 100vw, 116px\" \/><\/a><\/p>\n\n\n","protected":false},"excerpt":{"rendered":"<p>Formation propos\u00e9e dans le cadre d&rsquo;Erasmus+ Nous vous informons que la date de d\u00e9p\u00f4t des candidatures pour l\u2019inscription en : Master \u00ab Technologies Avanc\u00e9es en Agriculture de Pr\u00e9cision \u00bb Et &hellip;<\/p>\n","protected":false},"author":15,"featured_media":6412,"comment_status":"closed","ping_status":"closed","sticky":false,"template":"","format":"standard","meta":{"_coblocks_attr":"","_coblocks_dimensions":"","_coblocks_responsive_height":"","_coblocks_accordion_ie_support":"","_EventAllDay":false,"_EventTimezone":"","_EventStartDate":"","_EventEndDate":"","_EventStartDateUTC":"","_EventEndDateUTC":"","_EventShowMap":false,"_EventShowMapLink":false,"_EventURL":"","_EventCost":"","_EventCostDescription":"","_EventCurrencySymbol":"","_EventCurrencyCode":"","_EventCurrencyPosition":"","_EventDateTimeSeparator":"","_EventTimeRangeSeparator":"","_EventOrganizerID":[],"_EventVenueID":[],"_OrganizerEmail":"","_OrganizerPhone":"","_OrganizerWebsite":"","_VenueAddress":"","_VenueCity":"","_VenueCountry":"","_VenueProvince":"","_VenueState":"","_VenueZip":"","_VenuePhone":"","_VenueURL":"","_VenueStateProvince":"","_VenueLat":"","_VenueLng":"","_VenueShowMap":false,"_VenueShowMapLink":false,"footnotes":""},"categories":[3],"tags":[],"class_list":["post-6394","post","type-post","status-publish","format-standard","has-post-thumbnail","hentry","category-actualites"],"_links":{"self":[{"href":"https:\/\/www.univ-mosta.dz\/vrcc\/wp-json\/wp\/v2\/posts\/6394","targetHints":{"allow":["GET"]}}],"collection":[{"href":"https:\/\/www.univ-mosta.dz\/vrcc\/wp-json\/wp\/v2\/posts"}],"about":[{"href":"https:\/\/www.univ-mosta.dz\/vrcc\/wp-json\/wp\/v2\/types\/post"}],"author":[{"embeddable":true,"href":"https:\/\/www.univ-mosta.dz\/vrcc\/wp-json\/wp\/v2\/users\/15"}],"replies":[{"embeddable":true,"href":"https:\/\/www.univ-mosta.dz\/vrcc\/wp-json\/wp\/v2\/comments?post=6394"}],"version-history":[{"count":10,"href":"https:\/\/www.univ-mosta.dz\/vrcc\/wp-json\/wp\/v2\/posts\/6394\/revisions"}],"predecessor-version":[{"id":6413,"href":"https:\/\/www.univ-mosta.dz\/vrcc\/wp-json\/wp\/v2\/posts\/6394\/revisions\/6413"}],"wp:featuredmedia":[{"embeddable":true,"href":"https:\/\/www.univ-mosta.dz\/vrcc\/wp-json\/wp\/v2\/media\/6412"}],"wp:attachment":[{"href":"https:\/\/www.univ-mosta.dz\/vrcc\/wp-json\/wp\/v2\/media?parent=6394"}],"wp:term":[{"taxonomy":"category","embeddable":true,"href":"https:\/\/www.univ-mosta.dz\/vrcc\/wp-json\/wp\/v2\/categories?post=6394"},{"taxonomy":"post_tag","embeddable":true,"href":"https:\/\/www.univ-mosta.dz\/vrcc\/wp-json\/wp\/v2\/tags?post=6394"}],"curies":[{"name":"wp","href":"https:\/\/api.w.org\/{rel}","templated":true}]}}