{"id":6320,"date":"2022-09-21T12:26:40","date_gmt":"2022-09-21T10:26:40","guid":{"rendered":"https:\/\/www.univ-mosta.dz\/vrcc\/?p=6320"},"modified":"2022-09-21T12:26:41","modified_gmt":"2022-09-21T10:26:41","slug":"colloque-national-scientifique-invasions-militaires-et-publications-litteraires-et-poetiques-attribuees-au-chef-de-guerre-algerien-lemir-abdelkader-le-guerrier-et-les-repercussions-de-son-hero","status":"publish","type":"post","link":"https:\/\/www.univ-mosta.dz\/vrcc\/colloque-national-scientifique-invasions-militaires-et-publications-litteraires-et-poetiques-attribuees-au-chef-de-guerre-algerien-lemir-abdelkader-le-guerrier-et-les-repercussions-de-son-hero\/","title":{"rendered":"Colloque national scientifique : Invasions militaires et publications litt\u00e9raires et po\u00e9tiques attribu\u00e9es au chef de guerre alg\u00e9rien, l&rsquo;\u00e9mir Abdelkader (le guerrier), et les r\u00e9percussions de son h\u00e9ro\u00efsme sur le monde occidental et oriental"},"content":{"rendered":"\n<p style=\"text-align: center\"><strong>Le 30 et 31 Octobre 2022<\/strong><\/p>\n<p><strong><a href=\"https:\/\/www.univ-mosta.dz\/vrcc\/wp-content\/uploads\/sites\/13\/2022\/09\/\u0645\u0644\u062a\u0642\u0649-\u0639\u0644\u0645\u064a-\u0648\u0637\u0646\u064a-\u0627\u0644\u0623\u0645\u064a\u0631-\u0639\u0628\u062f-\u0627\u0644\u0642\u0627\u062f\u0631.pdf\" class=\"pdfemb-viewer\" style=\"\" data-width=\"max\" data-height=\"max\" data-toolbar=\"both\" data-toolbar-fixed=\"on\">\u0645\u0644\u062a\u0642\u0649 \u0639\u0644\u0645\u064a \u0648\u0637\u0646\u064a \u0627\u0644\u0623\u0645\u064a\u0631 \u0639\u0628\u062f \u0627\u0644\u0642\u0627\u062f\u0631<\/a><\/strong><\/p>\n","protected":false},"excerpt":{"rendered":"<p>Le 30 et 31 Octobre 2022<\/p>\n","protected":false},"author":15,"featured_media":6306,"comment_status":"closed","ping_status":"closed","sticky":false,"template":"","format":"standard","meta":{"_coblocks_attr":"","_coblocks_dimensions":"","_coblocks_responsive_height":"","_coblocks_accordion_ie_support":"","_EventAllDay":false,"_EventTimezone":"","_EventStartDate":"","_EventEndDate":"","_EventStartDateUTC":"","_EventEndDateUTC":"","_EventShowMap":false,"_EventShowMapLink":false,"_EventURL":"","_EventCost":"","_EventCostDescription":"","_EventCurrencySymbol":"","_EventCurrencyCode":"","_EventCurrencyPosition":"","_EventDateTimeSeparator":"","_EventTimeRangeSeparator":"","_EventOrganizerID":[],"_EventVenueID":[],"_OrganizerEmail":"","_OrganizerPhone":"","_OrganizerWebsite":"","_VenueAddress":"","_VenueCity":"","_VenueCountry":"","_VenueProvince":"","_VenueState":"","_VenueZip":"","_VenuePhone":"","_VenueURL":"","_VenueStateProvince":"","_VenueLat":"","_VenueLng":"","_VenueShowMap":false,"_VenueShowMapLink":false,"footnotes":""},"categories":[3,5],"tags":[],"class_list":["post-6320","post","type-post","status-publish","format-standard","has-post-thumbnail","hentry","category-actualites","category-manifestations-scientifiques"],"_links":{"self":[{"href":"https:\/\/www.univ-mosta.dz\/vrcc\/wp-json\/wp\/v2\/posts\/6320","targetHints":{"allow":["GET"]}}],"collection":[{"href":"https:\/\/www.univ-mosta.dz\/vrcc\/wp-json\/wp\/v2\/posts"}],"about":[{"href":"https:\/\/www.univ-mosta.dz\/vrcc\/wp-json\/wp\/v2\/types\/post"}],"author":[{"embeddable":true,"href":"https:\/\/www.univ-mosta.dz\/vrcc\/wp-json\/wp\/v2\/users\/15"}],"replies":[{"embeddable":true,"href":"https:\/\/www.univ-mosta.dz\/vrcc\/wp-json\/wp\/v2\/comments?post=6320"}],"version-history":[{"count":1,"href":"https:\/\/www.univ-mosta.dz\/vrcc\/wp-json\/wp\/v2\/posts\/6320\/revisions"}],"predecessor-version":[{"id":6321,"href":"https:\/\/www.univ-mosta.dz\/vrcc\/wp-json\/wp\/v2\/posts\/6320\/revisions\/6321"}],"wp:featuredmedia":[{"embeddable":true,"href":"https:\/\/www.univ-mosta.dz\/vrcc\/wp-json\/wp\/v2\/media\/6306"}],"wp:attachment":[{"href":"https:\/\/www.univ-mosta.dz\/vrcc\/wp-json\/wp\/v2\/media?parent=6320"}],"wp:term":[{"taxonomy":"category","embeddable":true,"href":"https:\/\/www.univ-mosta.dz\/vrcc\/wp-json\/wp\/v2\/categories?post=6320"},{"taxonomy":"post_tag","embeddable":true,"href":"https:\/\/www.univ-mosta.dz\/vrcc\/wp-json\/wp\/v2\/tags?post=6320"}],"curies":[{"name":"wp","href":"https:\/\/api.w.org\/{rel}","templated":true}]}}