{"id":6167,"date":"2022-09-05T14:36:49","date_gmt":"2022-09-05T12:36:49","guid":{"rendered":"https:\/\/www.univ-mosta.dz\/vrcc\/?p=6167"},"modified":"2022-09-05T14:49:36","modified_gmt":"2022-09-05T12:49:36","slug":"appel-a-un-programme-de-cooperation-technique-et-economique-itec-gouvernement-indien","status":"publish","type":"post","link":"https:\/\/www.univ-mosta.dz\/vrcc\/appel-a-un-programme-de-cooperation-technique-et-economique-itec-gouvernement-indien\/","title":{"rendered":"Appel \u00e0 un programme de coop\u00e9ration technique et \u00e9conomique (ITEC)- Gouvernement indien"},"content":{"rendered":"\n<p><strong>Offre de dix-sept Formations &#8211; Inde<\/strong><\/p>\n\n\n\n<p>L\u2019universit\u00e9 Abdelhamid Ibn Badis-Mostaganem a l\u2019honneur de vous informer que le Gouvernement Indien offre <strong>dix-sept formations<\/strong> dispens\u00e9es en langue anglaise, dans le cadre de son programme de coop\u00e9ration technique et \u00e9conomique <strong>(ITEC)<\/strong> r\u00e9gulier (pr\u00e9sence physique des candidats d\u00e9sign\u00e9e).<\/p>\n\n\n\n<p>Pour plus de d\u00e9tails, veuillez&nbsp; consulter &nbsp;le site &nbsp;suivant&nbsp;:<\/p>\n\n\n\n<p><strong><a href=\"https:\/\/www.itecgoi.in\/index\" target=\"_blank\" rel=\"noreferrer noopener\">https:\/\/www.itecgoi.in\/index<\/a><\/strong><\/p>\n\n\n\n<p>Les formations sont d\u00e9taill\u00e9es comme suit :<\/p>\n\n\n\n<figure class=\"wp-block-table is-style-stripes\"><table class=\"has-fixed-layout\"><tbody><tr><td><strong>Intitul\u00e9 de la formation<\/strong><\/td><td><strong>L\u2019institut de formation<\/strong><\/td><td><strong>P\u00e9riode de la formation<\/strong><\/td><td><strong>Dates limites de r\u00e9ception des candidatures au VRCC<\/strong> <strong>(Vice Rectorat des relations ext\u00e9rieures)<\/strong><\/td><\/tr><tr><td><strong>Exploitation<\/strong><strong> <\/strong><strong>des technologies des \u00e9nergies<\/strong><strong> <\/strong><strong>renouvelables pour les applications industrielles<\/strong><\/td><td>l&rsquo;Institut indien de productivit\u00e9 du Dr Ambedkar<\/td><td><strong>09 au 29 novembre 2022<\/strong><\/td><td><strong>8 septembre 2022<\/strong><\/td><\/tr><tr><td><strong>Programme de formation sp\u00e9cialis\u00e9e dans les<\/strong><strong> <\/strong><strong>applications de l&rsquo;internet des objets dans l&rsquo;agriculture<\/strong><\/td><td>Centre de D\u00e9veloppement de l&rsquo;Informatique Avanc\u00e9e, \u00e0 Mohali<\/td><td><strong>23 f\u00e9vrier au<\/strong><strong> <\/strong><strong>22 mars 2023<\/strong><\/td><td><strong>15 d\u00e9cembre 2022<\/strong><\/td><\/tr><tr><td><strong>Programme de formation en informatique<\/strong><strong> <\/strong><strong>quantique et en science de l\u2019information<\/strong><\/td><td>Centre de D\u00e9veloppement de l\u2019Informatique Avanc\u00e9e, \u00e0 Mohali<\/td><td><strong>1<\/strong><strong>7 octobre au 25<\/strong><strong> <\/strong><strong>novembre 2022<\/strong><\/td><td><strong>&nbsp;2 mois avant le d\u00e9but de la formation<\/strong><\/td><\/tr><tr><td><strong>La fabrication additive<\/strong><\/td><td>L\u2019Organisation Centrale des instruments scientifiques<\/td><td><strong>09 au 20 janvier 2023<\/strong><\/td><td><strong>2 Novembre 2022<\/strong><\/td><\/tr><tr><td><strong>Projet de d\u00e9veloppement d&rsquo;\u00e9tudes d&rsquo;impact sur<\/strong><strong> <\/strong><strong>l<\/strong><strong>&lsquo;environnement<\/strong><\/td><td>l&rsquo;Institut de Formation et de Recherche en Protection de l&rsquo;environnement<\/td><td><strong>1<\/strong><strong>7 octobre au 05 novembre 2022<\/strong><\/td><td><strong>2 mois avant le d\u00e9but de la formation<\/strong><\/td><\/tr><tr><td><strong>Changement climatique et d\u00e9veloppement<\/strong><strong> <\/strong><strong>durable<\/strong><\/td><td>l&rsquo;Institut de Formation et de Recherche en Protection de l&rsquo;environnement<\/td><td>du <strong>30 janvier au 11 f\u00e9vrier 2022<\/strong><\/td><td><strong>15 novembre 2022<\/strong><\/td><\/tr><tr><td><strong>Gestion des ordures solides<\/strong><\/td><td>l\u2019Institut de &nbsp;Formation et de Recherche &nbsp;en &nbsp;Protection de &nbsp;l&rsquo;environnement<\/td><td><strong>28 novembre au 17 d\u00e9cembre 2022<\/strong><\/td><td><strong>15 septembre 2022<\/strong><\/td><\/tr><tr><td><strong>Meilleures pratiques dans le secteur de la<\/strong><strong> <\/strong><strong>distribution<\/strong><strong> <\/strong><strong>d&rsquo;\u00e9nergie<\/strong><strong><\/strong><\/td><td>par l&rsquo;Institut de Gestion de !&rsquo;Energie et de Formation REC<\/td><td><strong>1<\/strong><strong>4 novembre au 09 d\u00e9cembre 2022<\/strong><strong><\/strong><\/td><td><strong>8 septembre 2022<\/strong><\/td><\/tr><tr><td><strong>Du Concept \u00e0 la mise en service de la centrale solaire<\/strong><strong><\/strong><\/td><td>l&rsquo;Institut de Gestion de !&rsquo;Energie et de Formation REC<\/td><td><strong>1<\/strong><strong>0 octobre au 04 novembre 2022<\/strong><strong><\/strong><\/td><td><strong>2 mois avant le d\u00e9but de la formation<\/strong><\/td><\/tr><tr><td><strong>Dipl\u00f4me d&rsquo;\u00e9tudes sup\u00e9rieures en informatique avanc\u00e9e<\/strong><strong><\/strong><\/td><td>Centre de D\u00e9veloppement de !&rsquo;Informatique Avanc\u00e9e, \u00e0 Pune<\/td><td><strong>1<\/strong><strong>5 septembre 2022 au 1er mars 2023<\/strong> ;<strong><\/strong><\/td><td><strong>2 mois avant le d\u00e9but de la formation<\/strong><\/td><\/tr><tr><td><strong>Dipl\u00f4me d&rsquo;\u00e9tudes sup\u00e9rieures en syst\u00e8me<\/strong><strong> d&rsquo;infrastructure informatique et s\u00e9curis\u00e9<\/strong><strong><\/strong><\/td><td>Centre de d\u00e9veloppement de !&rsquo;Informatique Avanc\u00e9e, \u00e0 Pune<\/td><td>du <strong>15 septembre 2022 au<\/strong><strong> <\/strong><strong>01 mars 2023<\/strong><strong><\/strong><\/td><td><strong>2 mois avant le d\u00e9but de la formation<\/strong><\/td><\/tr><tr><td><strong>Th\u00e9orie<\/strong><strong> <\/strong><strong>statistique et applications<\/strong><\/td><td>Centre International d&rsquo;Enseignement Statistique<\/td><td><strong>01 novembre au 31<\/strong><strong> <\/strong><strong>aout 2023<\/strong><\/td><td><strong>8 septembre 2022<\/strong><\/td><\/tr><tr><td><strong>Programme sp\u00e9cialis\u00e9 sur la conception, le d\u00e9veloppement et la mise en \u0153uvre de cour d&rsquo;apprentissage en ligne<\/strong><\/td><td>Centre de D\u00e9veloppement de !&rsquo;Informatique Avanc\u00e9e, Noida<\/td><td>du <strong>09 septembre au 11novembre 2022 ;<\/strong><\/td><td><strong>2 mois avant le d\u00e9but de la formation<\/strong><\/td><\/tr><tr><td><strong>Programme sp\u00e9cialis\u00e9 sur l&rsquo;intelligence artificielle<\/strong><\/td><td>Centre de D\u00e9veloppement de l&rsquo;informatique Avanc\u00e9e, Noida &nbsp;<\/td><td><strong>30 janvier au 10 mars 2023 ;<\/strong><\/td><td><strong>15 novembre 2022<\/strong><\/td><\/tr><tr><td><strong>Programme sp\u00e9cialis\u00e9e sur les Technologies Big<\/strong><strong> <\/strong><strong>Data et l&rsquo;apprentissage automatique<\/strong><\/td><td>Centre de D\u00e9veloppement de l&rsquo;informatique Avanc\u00e9e, Noida;<\/td><td>du <strong>27 mars &nbsp;au 19 mai 2023<\/strong><\/td><td><strong>2 janvier &nbsp;2023<\/strong><\/td><\/tr><tr><td><strong>Gestion entrepreneuriale<\/strong><\/td><td>l&rsquo;Institut de D\u00e9veloppement de l&rsquo;Entreprenariat de l&rsquo;Inde<\/td><td><strong>du 07 novembre au<\/strong><strong> <\/strong><strong>1<\/strong><strong>6 d\u00e9cembre 2022<\/strong><\/td><td><strong>8 septembre 2022<\/strong><\/td><\/tr><tr><td><strong>Technopreneurship- Cr\u00e9ation de startups et d&rsquo;\u00e9cosyst\u00e8mes bas\u00e9s sur la technologie<\/strong><\/td><td>l&rsquo;Institut de D\u00e9veloppement de l&rsquo;Entreprenariat de l&rsquo;Inde<\/td><td>du <strong>07 novembre au 16 d\u00e9cembre 2022<\/strong>.<\/td><td><strong>8 septembre 2022<\/strong><\/td><\/tr><\/tbody><\/table><\/figure>\n\n\n\n<p><strong>Ce <\/strong><strong>programme ouvre droit uniquement \u00e0 la prise en charge octroy\u00e9e<\/strong><strong> <\/strong><strong>par le partenaire \u00e9tranger et exclut toute possibilit\u00e9 d&rsquo;octroi d&rsquo;un<\/strong><strong> <\/strong><strong>compl\u00e9ment de bourse ou d&rsquo;un billet d&rsquo;avion par la partie alg\u00e9rienne.<\/strong><\/p>\n\n\n\n<p>L\u2019ensemble des \u00e9tudiants, doctorants, personnel acad\u00e9mique, technique et administratif&nbsp; sont cordialement <strong>invit\u00e9s \u00e0 s\u2019inscrire &nbsp;en ligne (fiche d\u2019inscription) et \u00e0 d\u00e9poser leurs dossiers &nbsp;<\/strong>au niveau du vice rectorat des relations ext\u00e9rieures et de la coop\u00e9ration.<\/p>\n\n\n\n<p>Date limite de r\u00e9ception des candidatures&nbsp;: Les listes des candidats s\u00e9lectionn\u00e9s doivent parvenir au MESRS <strong><u>2 mois avant le d\u00e9but de chaque formation<\/u><\/strong><\/p>\n","protected":false},"excerpt":{"rendered":"<p>Offre de dix-sept Formations &#8211; Inde L\u2019universit\u00e9 Abdelhamid Ibn Badis-Mostaganem a l\u2019honneur de vous informer que le Gouvernement Indien offre dix-sept formations dispens\u00e9es en langue anglaise, dans le cadre de &hellip;<\/p>\n","protected":false},"author":15,"featured_media":6172,"comment_status":"closed","ping_status":"closed","sticky":false,"template":"","format":"standard","meta":{"_coblocks_attr":"","_coblocks_dimensions":"","_coblocks_responsive_height":"","_coblocks_accordion_ie_support":"","_EventAllDay":false,"_EventTimezone":"","_EventStartDate":"","_EventEndDate":"","_EventStartDateUTC":"","_EventEndDateUTC":"","_EventShowMap":false,"_EventShowMapLink":false,"_EventURL":"","_EventCost":"","_EventCostDescription":"","_EventCurrencySymbol":"","_EventCurrencyCode":"","_EventCurrencyPosition":"","_EventDateTimeSeparator":"","_EventTimeRangeSeparator":"","_EventOrganizerID":[],"_EventVenueID":[],"_OrganizerEmail":"","_OrganizerPhone":"","_OrganizerWebsite":"","_VenueAddress":"","_VenueCity":"","_VenueCountry":"","_VenueProvince":"","_VenueState":"","_VenueZip":"","_VenuePhone":"","_VenueURL":"","_VenueStateProvince":"","_VenueLat":"","_VenueLng":"","_VenueShowMap":false,"_VenueShowMapLink":false,"footnotes":""},"categories":[3],"tags":[],"class_list":["post-6167","post","type-post","status-publish","format-standard","has-post-thumbnail","hentry","category-actualites"],"_links":{"self":[{"href":"https:\/\/www.univ-mosta.dz\/vrcc\/wp-json\/wp\/v2\/posts\/6167","targetHints":{"allow":["GET"]}}],"collection":[{"href":"https:\/\/www.univ-mosta.dz\/vrcc\/wp-json\/wp\/v2\/posts"}],"about":[{"href":"https:\/\/www.univ-mosta.dz\/vrcc\/wp-json\/wp\/v2\/types\/post"}],"author":[{"embeddable":true,"href":"https:\/\/www.univ-mosta.dz\/vrcc\/wp-json\/wp\/v2\/users\/15"}],"replies":[{"embeddable":true,"href":"https:\/\/www.univ-mosta.dz\/vrcc\/wp-json\/wp\/v2\/comments?post=6167"}],"version-history":[{"count":4,"href":"https:\/\/www.univ-mosta.dz\/vrcc\/wp-json\/wp\/v2\/posts\/6167\/revisions"}],"predecessor-version":[{"id":6193,"href":"https:\/\/www.univ-mosta.dz\/vrcc\/wp-json\/wp\/v2\/posts\/6167\/revisions\/6193"}],"wp:featuredmedia":[{"embeddable":true,"href":"https:\/\/www.univ-mosta.dz\/vrcc\/wp-json\/wp\/v2\/media\/6172"}],"wp:attachment":[{"href":"https:\/\/www.univ-mosta.dz\/vrcc\/wp-json\/wp\/v2\/media?parent=6167"}],"wp:term":[{"taxonomy":"category","embeddable":true,"href":"https:\/\/www.univ-mosta.dz\/vrcc\/wp-json\/wp\/v2\/categories?post=6167"},{"taxonomy":"post_tag","embeddable":true,"href":"https:\/\/www.univ-mosta.dz\/vrcc\/wp-json\/wp\/v2\/tags?post=6167"}],"curies":[{"name":"wp","href":"https:\/\/api.w.org\/{rel}","templated":true}]}}