{"id":5775,"date":"2022-07-03T14:43:21","date_gmt":"2022-07-03T12:43:21","guid":{"rendered":"https:\/\/www.univ-mosta.dz\/vrcc\/?p=5775"},"modified":"2022-07-03T15:15:28","modified_gmt":"2022-07-03T13:15:28","slug":"edition-speciale-de-la-revue-du-departement-de-langue-francaise-cahiers-de-langue-et-de-litterature-en-hommage-au-professeur-hadj-miliani","status":"publish","type":"post","link":"https:\/\/www.univ-mosta.dz\/vrcc\/edition-speciale-de-la-revue-du-departement-de-langue-francaise-cahiers-de-langue-et-de-litterature-en-hommage-au-professeur-hadj-miliani\/","title":{"rendered":"\u00c9dition sp\u00e9ciale de la revue du d\u00e9partement de langue fran\u00e7aise &lsquo; Cahiers de langue et de litt\u00e9rature&rsquo;  en hommage  au Professeur Hadj Miliani"},"content":{"rendered":"<p style=\"text-align: justify\"><span style=\"color: #000000;font-family: 'times new roman', times, serif;font-size: 12pt\">Le d\u00e9partement de Fran\u00e7ais de la Facult\u00e9 des langues \u00e9trang\u00e8res a l&rsquo;immense plaisir de partager avec l&rsquo;ensemble de la communaut\u00e9 universitaire un num\u00e9ro sp\u00e9cial de la revue\u00a0<span class=\"il\">du<\/span> d\u00e9partement de langue fran\u00e7aise <strong>&lsquo;<\/strong><b>Cahiers de langue et de litt\u00e9rature<\/b><strong>&lsquo;<\/strong>. Ce volume est une \u00e9dition sp\u00e9ciale en hommage\u00a0 au <b>Professeur Hadj Miliani,<\/b> qui a tir\u00e9 sa r\u00e9v\u00e9rence \u00e0 Oran le 02 juillet 2021 \u00e0 la suite\u00a0<span class=\"il\">du<\/span>\u00a0COVID 19.<\/span><\/p>\n<a href=\"https:\/\/www.univ-mosta.dz\/vrcc\/wp-content\/uploads\/sites\/13\/2022\/07\/NUMERO-SPECIAL-REVUE-Cahiers-de-langue-et-de-litterature-FLE.pdf\" class=\"pdfemb-viewer\" style=\"\" data-width=\"max\" data-height=\"max\" data-toolbar=\"both\" data-toolbar-fixed=\"on\">NUMERO SPECIAL REVUE - Cahiers de langue et de litt\u00e9rature - FLE<\/a>\n<p><a href=\"http:\/\/www.univ-mosta.dz\/vrcc\/wp-content\/uploads\/sites\/13\/2022\/07\/NUMERO-SPECIAL-REVUE-Cahiers-de-langue-et-de-litterature-FLE.pdf\" target=\"_blank\" rel=\"noopener\"><img loading=\"lazy\" decoding=\"async\" class=\"aligncenter wp-image-5670\" style=\"color: #000000;font-family: 'times new roman', times, serif;text-align: justify\" src=\"http:\/\/www.univ-mosta.dz\/vrcc\/wp-content\/uploads\/sites\/13\/2022\/06\/istockphoto-1256249040-170667a.png\" alt=\"\" width=\"90\" height=\"90\" srcset=\"https:\/\/www.univ-mosta.dz\/vrcc\/wp-content\/uploads\/sites\/13\/2022\/06\/istockphoto-1256249040-170667a.png 289w, https:\/\/www.univ-mosta.dz\/vrcc\/wp-content\/uploads\/sites\/13\/2022\/06\/istockphoto-1256249040-170667a-150x150.png 150w\" sizes=\"auto, (max-width: 90px) 100vw, 90px\" \/><\/a><\/p>\n","protected":false},"excerpt":{"rendered":"<p>Le d\u00e9partement de Fran\u00e7ais de la Facult\u00e9 des langues \u00e9trang\u00e8res a l&rsquo;immense plaisir de partager avec l&rsquo;ensemble de la communaut\u00e9 universitaire un num\u00e9ro sp\u00e9cial de la revue\u00a0du d\u00e9partement de langue &hellip;<\/p>\n","protected":false},"author":15,"featured_media":5777,"comment_status":"closed","ping_status":"closed","sticky":false,"template":"","format":"standard","meta":{"_coblocks_attr":"","_coblocks_dimensions":"","_coblocks_responsive_height":"","_coblocks_accordion_ie_support":"","_EventAllDay":false,"_EventTimezone":"","_EventStartDate":"","_EventEndDate":"","_EventStartDateUTC":"","_EventEndDateUTC":"","_EventShowMap":false,"_EventShowMapLink":false,"_EventURL":"","_EventCost":"","_EventCostDescription":"","_EventCurrencySymbol":"","_EventCurrencyCode":"","_EventCurrencyPosition":"","_EventDateTimeSeparator":"","_EventTimeRangeSeparator":"","_EventOrganizerID":[],"_EventVenueID":[],"_OrganizerEmail":"","_OrganizerPhone":"","_OrganizerWebsite":"","_VenueAddress":"","_VenueCity":"","_VenueCountry":"","_VenueProvince":"","_VenueState":"","_VenueZip":"","_VenuePhone":"","_VenueURL":"","_VenueStateProvince":"","_VenueLat":"","_VenueLng":"","_VenueShowMap":false,"_VenueShowMapLink":false,"footnotes":""},"categories":[3],"tags":[],"class_list":["post-5775","post","type-post","status-publish","format-standard","has-post-thumbnail","hentry","category-actualites"],"_links":{"self":[{"href":"https:\/\/www.univ-mosta.dz\/vrcc\/wp-json\/wp\/v2\/posts\/5775","targetHints":{"allow":["GET"]}}],"collection":[{"href":"https:\/\/www.univ-mosta.dz\/vrcc\/wp-json\/wp\/v2\/posts"}],"about":[{"href":"https:\/\/www.univ-mosta.dz\/vrcc\/wp-json\/wp\/v2\/types\/post"}],"author":[{"embeddable":true,"href":"https:\/\/www.univ-mosta.dz\/vrcc\/wp-json\/wp\/v2\/users\/15"}],"replies":[{"embeddable":true,"href":"https:\/\/www.univ-mosta.dz\/vrcc\/wp-json\/wp\/v2\/comments?post=5775"}],"version-history":[{"count":5,"href":"https:\/\/www.univ-mosta.dz\/vrcc\/wp-json\/wp\/v2\/posts\/5775\/revisions"}],"predecessor-version":[{"id":5795,"href":"https:\/\/www.univ-mosta.dz\/vrcc\/wp-json\/wp\/v2\/posts\/5775\/revisions\/5795"}],"wp:featuredmedia":[{"embeddable":true,"href":"https:\/\/www.univ-mosta.dz\/vrcc\/wp-json\/wp\/v2\/media\/5777"}],"wp:attachment":[{"href":"https:\/\/www.univ-mosta.dz\/vrcc\/wp-json\/wp\/v2\/media?parent=5775"}],"wp:term":[{"taxonomy":"category","embeddable":true,"href":"https:\/\/www.univ-mosta.dz\/vrcc\/wp-json\/wp\/v2\/categories?post=5775"},{"taxonomy":"post_tag","embeddable":true,"href":"https:\/\/www.univ-mosta.dz\/vrcc\/wp-json\/wp\/v2\/tags?post=5775"}],"curies":[{"name":"wp","href":"https:\/\/api.w.org\/{rel}","templated":true}]}}