{"id":5519,"date":"2022-05-17T12:24:46","date_gmt":"2022-05-17T10:24:46","guid":{"rendered":"https:\/\/www.univ-mosta.dz\/vrcc\/?p=5519"},"modified":"2022-05-17T14:52:47","modified_gmt":"2022-05-17T12:52:47","slug":"stand-du-club-bio-espoir-de-lumab-present-a-la-semaine-scientifique-nationale-qui-se-deroule-a-luniversite-de-setif1","status":"publish","type":"post","link":"https:\/\/www.univ-mosta.dz\/vrcc\/stand-du-club-bio-espoir-de-lumab-present-a-la-semaine-scientifique-nationale-qui-se-deroule-a-luniversite-de-setif1\/","title":{"rendered":"Stand du club Bio-Espoir de l\u2019UMAB pr\u00e9sent \u00e0 la semaine scientifique nationale qui se d\u00e9roule \u00e0 l\u2019universit\u00e9 de Setif1"},"content":{"rendered":"<p style=\"text-align: justify\"><span style=\"font-family: 'times new roman', times, serif\">L\u2019UMAB est repr\u00e9sent\u00e9e \u00e0 la semaine scientifique nationale par un stand d\u2019exposition \u00e0 l\u2019initiative du <strong>club Bio-Espoir<\/strong> de la\u00a0<a href=\"https:\/\/www.univ-mosta.dz\/faculte-des-sciences-de-la-nature-et-de-la-vie\/\">Facult\u00e9 des sciences de la nature et de la vie<\/a>. La c\u00e9r\u00e9monie d\u2019ouverture a eu lieu le lundi 16\/5\/2022 \u00e0 <strong>l\u2019universit\u00e9 Ferhat Abbes de Setif<\/strong> avec la Participation de Mr le Recteur, le professeur Belabbas Yagoubi<\/span><\/p>\n<p>[tie_slideshow]<\/p>\n<p>[tie_slide]<img loading=\"lazy\" decoding=\"async\" class=\" wp-image-5520 aligncenter\" src=\"http:\/\/www.univ-mosta.dz\/vrcc\/wp-content\/uploads\/sites\/13\/2022\/05\/umab-stand-setif-1024x576-1-300x225.jpg\" alt=\"\" width=\"815\" height=\"611\" srcset=\"https:\/\/www.univ-mosta.dz\/vrcc\/wp-content\/uploads\/sites\/13\/2022\/05\/umab-stand-setif-1024x576-1-300x225.jpg 300w, https:\/\/www.univ-mosta.dz\/vrcc\/wp-content\/uploads\/sites\/13\/2022\/05\/umab-stand-setif-1024x576-1-768x576.jpg 768w, https:\/\/www.univ-mosta.dz\/vrcc\/wp-content\/uploads\/sites\/13\/2022\/05\/umab-stand-setif-1024x576-1.jpg 1024w\" sizes=\"auto, (max-width: 815px) 100vw, 815px\" \/>[\/tie_slide]<\/p>\n<p>[tie_slide]<img loading=\"lazy\" decoding=\"async\" class=\" wp-image-5521 aligncenter\" src=\"http:\/\/www.univ-mosta.dz\/vrcc\/wp-content\/uploads\/sites\/13\/2022\/05\/umab-stand-setif-1024x576-2-300x169.jpg\" alt=\"\" width=\"850\" height=\"479\" srcset=\"https:\/\/www.univ-mosta.dz\/vrcc\/wp-content\/uploads\/sites\/13\/2022\/05\/umab-stand-setif-1024x576-2-300x169.jpg 300w, https:\/\/www.univ-mosta.dz\/vrcc\/wp-content\/uploads\/sites\/13\/2022\/05\/umab-stand-setif-1024x576-2-768x432.jpg 768w, https:\/\/www.univ-mosta.dz\/vrcc\/wp-content\/uploads\/sites\/13\/2022\/05\/umab-stand-setif-1024x576-2.jpg 1024w\" sizes=\"auto, (max-width: 850px) 100vw, 850px\" \/>[\/tie_slide]<\/p>\n<p>[tie_slide]<img loading=\"lazy\" decoding=\"async\" class=\"wp-image-5537 aligncenter\" src=\"http:\/\/www.univ-mosta.dz\/vrcc\/wp-content\/uploads\/sites\/13\/2022\/05\/281383563_3064204590497739_4177097353235377871_n-300x169.jpg\" alt=\"\" width=\"820\" height=\"462\" srcset=\"https:\/\/www.univ-mosta.dz\/vrcc\/wp-content\/uploads\/sites\/13\/2022\/05\/281383563_3064204590497739_4177097353235377871_n-300x169.jpg 300w, https:\/\/www.univ-mosta.dz\/vrcc\/wp-content\/uploads\/sites\/13\/2022\/05\/281383563_3064204590497739_4177097353235377871_n.jpg 720w\" sizes=\"auto, (max-width: 820px) 100vw, 820px\" \/><\/p>\n<p>[\/tie_slide]<\/p>\n<p>[\/tie_slideshow]<\/p>\n<p>&nbsp;<\/p>\n","protected":false},"excerpt":{"rendered":"<p>L\u2019UMAB est repr\u00e9sent\u00e9e \u00e0 la semaine scientifique nationale par un stand d\u2019exposition \u00e0 l\u2019initiative du club Bio-Espoir de la\u00a0Facult\u00e9 des sciences de la nature et de la vie. La c\u00e9r\u00e9monie &hellip;<\/p>\n","protected":false},"author":15,"featured_media":5520,"comment_status":"closed","ping_status":"closed","sticky":false,"template":"","format":"standard","meta":{"_coblocks_attr":"","_coblocks_dimensions":"","_coblocks_responsive_height":"","_coblocks_accordion_ie_support":"","_EventAllDay":false,"_EventTimezone":"","_EventStartDate":"","_EventEndDate":"","_EventStartDateUTC":"","_EventEndDateUTC":"","_EventShowMap":false,"_EventShowMapLink":false,"_EventURL":"","_EventCost":"","_EventCostDescription":"","_EventCurrencySymbol":"","_EventCurrencyCode":"","_EventCurrencyPosition":"","_EventDateTimeSeparator":"","_EventTimeRangeSeparator":"","_EventOrganizerID":[],"_EventVenueID":[],"_OrganizerEmail":"","_OrganizerPhone":"","_OrganizerWebsite":"","_VenueAddress":"","_VenueCity":"","_VenueCountry":"","_VenueProvince":"","_VenueState":"","_VenueZip":"","_VenuePhone":"","_VenueURL":"","_VenueStateProvince":"","_VenueLat":"","_VenueLng":"","_VenueShowMap":false,"_VenueShowMapLink":false,"footnotes":""},"categories":[320,3],"tags":[],"class_list":["post-5519","post","type-post","status-publish","format-standard","has-post-thumbnail","hentry","category-activites-des-clubs-scientifiques","category-actualites"],"_links":{"self":[{"href":"https:\/\/www.univ-mosta.dz\/vrcc\/wp-json\/wp\/v2\/posts\/5519","targetHints":{"allow":["GET"]}}],"collection":[{"href":"https:\/\/www.univ-mosta.dz\/vrcc\/wp-json\/wp\/v2\/posts"}],"about":[{"href":"https:\/\/www.univ-mosta.dz\/vrcc\/wp-json\/wp\/v2\/types\/post"}],"author":[{"embeddable":true,"href":"https:\/\/www.univ-mosta.dz\/vrcc\/wp-json\/wp\/v2\/users\/15"}],"replies":[{"embeddable":true,"href":"https:\/\/www.univ-mosta.dz\/vrcc\/wp-json\/wp\/v2\/comments?post=5519"}],"version-history":[{"count":5,"href":"https:\/\/www.univ-mosta.dz\/vrcc\/wp-json\/wp\/v2\/posts\/5519\/revisions"}],"predecessor-version":[{"id":5538,"href":"https:\/\/www.univ-mosta.dz\/vrcc\/wp-json\/wp\/v2\/posts\/5519\/revisions\/5538"}],"wp:featuredmedia":[{"embeddable":true,"href":"https:\/\/www.univ-mosta.dz\/vrcc\/wp-json\/wp\/v2\/media\/5520"}],"wp:attachment":[{"href":"https:\/\/www.univ-mosta.dz\/vrcc\/wp-json\/wp\/v2\/media?parent=5519"}],"wp:term":[{"taxonomy":"category","embeddable":true,"href":"https:\/\/www.univ-mosta.dz\/vrcc\/wp-json\/wp\/v2\/categories?post=5519"},{"taxonomy":"post_tag","embeddable":true,"href":"https:\/\/www.univ-mosta.dz\/vrcc\/wp-json\/wp\/v2\/tags?post=5519"}],"curies":[{"name":"wp","href":"https:\/\/api.w.org\/{rel}","templated":true}]}}