{"id":5474,"date":"2022-05-12T16:29:24","date_gmt":"2022-05-12T14:29:24","guid":{"rendered":"https:\/\/www.univ-mosta.dz\/vrcc\/?p=5474"},"modified":"2022-05-12T16:29:37","modified_gmt":"2022-05-12T14:29:37","slug":"ouverture-de-la-candidature-pour-le-prix-ibn-khaldoun-senghor-pour-la-traduction","status":"publish","type":"post","link":"https:\/\/www.univ-mosta.dz\/vrcc\/ouverture-de-la-candidature-pour-le-prix-ibn-khaldoun-senghor-pour-la-traduction\/","title":{"rendered":"Ouverture de la candidature pour le prix Ibn Khaldoun-Senghor pour la traduction"},"content":{"rendered":"<p style=\"text-align: justify\">L&rsquo;Organisation arabe pour l&rsquo;\u00e9ducation, la culture et les sciences (ALESCO) annonce, selon une lettre parvenue \u00e0 la Commission nationale alg\u00e9rienne pour l&rsquo;\u00e9ducation, la culture et la science, l&rsquo;ouverture des candidatures pour le Prix Ibn Khaldoun-Sanghor de traduction en sa quinzi\u00e8me session pour l\u2019ann\u00e9e 2022, qui concerne la traduction de et vers l&rsquo;arabe et le fran\u00e7ais dans les domaines des arts et des sciences humaines et sociales. Pour plus d&rsquo;informations, les chercheurs int\u00e9ress\u00e9s \u00e0 postuler pour le prix doivent visiter le lien suivant\u00a0:<\/p>\n<p style=\"text-align: center\"><strong><a href=\"http:\/\/www.alecso.org\/nsite\/ar\/component\/content\/article\/2324-%D8%AC%D8%A7%D8%A6%D8%B2%D8%A9-%D8%A7%D8%A8%D9%86-%D8%AE%D9%84%D8%AF%D9%88%D9%86-%D8%B3%D9%86%D8%BA%D9%88%D8%B1-%D9%84%D9%84%D8%AA%D8%B1%D8%AC%D9%85%D8%A9-2022?catid=53&amp;Itemid=101\" target=\"_blank\" rel=\"noopener\"><span style=\"font-size: 14pt\">Cliquer ici<\/span><\/a><\/strong><\/p>\n<p><img loading=\"lazy\" decoding=\"async\" class=\" wp-image-5459 aligncenter\" src=\"http:\/\/www.univ-mosta.dz\/vrcc\/wp-content\/uploads\/sites\/13\/2022\/05\/\u062c\u0627\u0626\u0632\u0629-\u0627\u0628\u0646-\u062e\u0644\u062f\u0648\u0646-\u0633\u0646\u063a\u0648\u0631-\u0644\u0644\u062a\u0631\u062c\u0645\u0629-300x199.jpg\" alt=\"\" width=\"808\" height=\"536\" srcset=\"https:\/\/www.univ-mosta.dz\/vrcc\/wp-content\/uploads\/sites\/13\/2022\/05\/\u062c\u0627\u0626\u0632\u0629-\u0627\u0628\u0646-\u062e\u0644\u062f\u0648\u0646-\u0633\u0646\u063a\u0648\u0631-\u0644\u0644\u062a\u0631\u062c\u0645\u0629-300x199.jpg 300w, https:\/\/www.univ-mosta.dz\/vrcc\/wp-content\/uploads\/sites\/13\/2022\/05\/\u062c\u0627\u0626\u0632\u0629-\u0627\u0628\u0646-\u062e\u0644\u062f\u0648\u0646-\u0633\u0646\u063a\u0648\u0631-\u0644\u0644\u062a\u0631\u062c\u0645\u0629-768x510.jpg 768w, https:\/\/www.univ-mosta.dz\/vrcc\/wp-content\/uploads\/sites\/13\/2022\/05\/\u062c\u0627\u0626\u0632\u0629-\u0627\u0628\u0646-\u062e\u0644\u062f\u0648\u0646-\u0633\u0646\u063a\u0648\u0631-\u0644\u0644\u062a\u0631\u062c\u0645\u0629-310x205.jpg 310w, https:\/\/www.univ-mosta.dz\/vrcc\/wp-content\/uploads\/sites\/13\/2022\/05\/\u062c\u0627\u0626\u0632\u0629-\u0627\u0628\u0646-\u062e\u0644\u062f\u0648\u0646-\u0633\u0646\u063a\u0648\u0631-\u0644\u0644\u062a\u0631\u062c\u0645\u0629.jpg 1024w\" sizes=\"auto, (max-width: 808px) 100vw, 808px\" \/><\/p>\n","protected":false},"excerpt":{"rendered":"<p>L&rsquo;Organisation arabe pour l&rsquo;\u00e9ducation, la culture et les sciences (ALESCO) annonce, selon une lettre parvenue \u00e0 la Commission nationale alg\u00e9rienne pour l&rsquo;\u00e9ducation, la culture et la science, l&rsquo;ouverture des candidatures &hellip;<\/p>\n","protected":false},"author":15,"featured_media":5459,"comment_status":"closed","ping_status":"closed","sticky":false,"template":"","format":"standard","meta":{"_coblocks_attr":"","_coblocks_dimensions":"","_coblocks_responsive_height":"","_coblocks_accordion_ie_support":"","_EventAllDay":false,"_EventTimezone":"","_EventStartDate":"","_EventEndDate":"","_EventStartDateUTC":"","_EventEndDateUTC":"","_EventShowMap":false,"_EventShowMapLink":false,"_EventURL":"","_EventCost":"","_EventCostDescription":"","_EventCurrencySymbol":"","_EventCurrencyCode":"","_EventCurrencyPosition":"","_EventDateTimeSeparator":"","_EventTimeRangeSeparator":"","_EventOrganizerID":[],"_EventVenueID":[],"_OrganizerEmail":"","_OrganizerPhone":"","_OrganizerWebsite":"","_VenueAddress":"","_VenueCity":"","_VenueCountry":"","_VenueProvince":"","_VenueState":"","_VenueZip":"","_VenuePhone":"","_VenueURL":"","_VenueStateProvince":"","_VenueLat":"","_VenueLng":"","_VenueShowMap":false,"_VenueShowMapLink":false,"footnotes":""},"categories":[91],"tags":[],"class_list":["post-5474","post","type-post","status-publish","format-standard","has-post-thumbnail","hentry","category-news"],"_links":{"self":[{"href":"https:\/\/www.univ-mosta.dz\/vrcc\/wp-json\/wp\/v2\/posts\/5474","targetHints":{"allow":["GET"]}}],"collection":[{"href":"https:\/\/www.univ-mosta.dz\/vrcc\/wp-json\/wp\/v2\/posts"}],"about":[{"href":"https:\/\/www.univ-mosta.dz\/vrcc\/wp-json\/wp\/v2\/types\/post"}],"author":[{"embeddable":true,"href":"https:\/\/www.univ-mosta.dz\/vrcc\/wp-json\/wp\/v2\/users\/15"}],"replies":[{"embeddable":true,"href":"https:\/\/www.univ-mosta.dz\/vrcc\/wp-json\/wp\/v2\/comments?post=5474"}],"version-history":[{"count":2,"href":"https:\/\/www.univ-mosta.dz\/vrcc\/wp-json\/wp\/v2\/posts\/5474\/revisions"}],"predecessor-version":[{"id":5477,"href":"https:\/\/www.univ-mosta.dz\/vrcc\/wp-json\/wp\/v2\/posts\/5474\/revisions\/5477"}],"wp:featuredmedia":[{"embeddable":true,"href":"https:\/\/www.univ-mosta.dz\/vrcc\/wp-json\/wp\/v2\/media\/5459"}],"wp:attachment":[{"href":"https:\/\/www.univ-mosta.dz\/vrcc\/wp-json\/wp\/v2\/media?parent=5474"}],"wp:term":[{"taxonomy":"category","embeddable":true,"href":"https:\/\/www.univ-mosta.dz\/vrcc\/wp-json\/wp\/v2\/categories?post=5474"},{"taxonomy":"post_tag","embeddable":true,"href":"https:\/\/www.univ-mosta.dz\/vrcc\/wp-json\/wp\/v2\/tags?post=5474"}],"curies":[{"name":"wp","href":"https:\/\/api.w.org\/{rel}","templated":true}]}}