{"id":5105,"date":"2022-03-09T11:01:33","date_gmt":"2022-03-09T10:01:33","guid":{"rendered":"https:\/\/www.univ-mosta.dz\/vrcc\/?p=5105"},"modified":"2022-03-09T11:01:33","modified_gmt":"2022-03-09T10:01:33","slug":"colloque-national-a-distance-sur-le-patrimoine-culturel-entre-la-protection-juridique-et-le-progres-technologique-et-electronique","status":"publish","type":"post","link":"https:\/\/www.univ-mosta.dz\/vrcc\/colloque-national-a-distance-sur-le-patrimoine-culturel-entre-la-protection-juridique-et-le-progres-technologique-et-electronique\/","title":{"rendered":"Colloque national \u00e0 distance sur\u00a0:  \u00ab\u00a0Le Patrimoine Culturel Entre La Protection Juridique Et Le Progr\u00e8s Technologique Et \u00c9lectronique \u00bb"},"content":{"rendered":"<p style=\"text-align: center\"><span style=\"font-family: 'times new roman', times, serif\"><strong>Universit\u00e9 de Abdelhamid Ibn Badis &#8211; Mostaganem<\/strong><\/span><\/p>\n<p style=\"text-align: center\"><span style=\"font-family: 'times new roman', times, serif\"><strong>Facult\u00e9 de Droit et des Sciences Politiques<\/strong><\/span><\/p>\n<p style=\"text-align: center\"><span style=\"font-family: 'times new roman', times, serif\">Sous le patronage du Laboratoire Droit Foncier et Environnement<\/span><\/p>\n<p style=\"text-align: center\"><span style=\"font-family: 'times new roman', times, serif\">\u00c9quipe de projet de recherche<\/span><\/p>\n<p style=\"text-align: center\"><span style=\"font-family: 'times new roman', times, serif\">Les dispositions en mati\u00e8re de responsabilit\u00e9 civile \u00e9mergent des transactions \u00e9lectroniques et les moyens de le prouver dans la l\u00e9gislation alg\u00e9rienne<\/span><\/p>\n<p style=\"text-align: center\"><span style=\"font-family: 'times new roman', times, serif\">Organise\u00a0un colloque national \u00e0 distance sur\u00a0:<\/span><\/p>\n<p style=\"text-align: center\"><span style=\"font-family: 'times new roman', times, serif;font-size: 14pt\"><strong>\u00ab\u00a0Le Patrimoine Culturel Entre La Protection Juridique Et Le Progr\u00e8s Technologique Et \u00c9lectronique \u00bb<\/strong><\/span><\/p>\n<p style=\"text-align: center\"><span style=\"font-family: 'times new roman', times, serif;font-size: 14pt;color: #ff0000\"><strong>Le 18 Avril 2022<\/strong><\/span><\/p>\n<a href=\"https:\/\/www.univ-mosta.dz\/vrcc\/wp-content\/uploads\/sites\/13\/2022\/03\/Patrimoine-culturel-version-francaise.pdf\" class=\"pdfemb-viewer\" style=\"\" data-width=\"max\" data-height=\"max\" data-toolbar=\"both\" data-toolbar-fixed=\"on\">Patrimoine culturel (version fran\u00e7aise)<\/a>\n","protected":false},"excerpt":{"rendered":"<p>Universit\u00e9 de Abdelhamid Ibn Badis &#8211; Mostaganem Facult\u00e9 de Droit et des Sciences Politiques Sous le patronage du Laboratoire Droit Foncier et Environnement \u00c9quipe de projet de recherche Les dispositions &hellip;<\/p>\n","protected":false},"author":15,"featured_media":5107,"comment_status":"closed","ping_status":"closed","sticky":false,"template":"","format":"standard","meta":{"_coblocks_attr":"","_coblocks_dimensions":"","_coblocks_responsive_height":"","_coblocks_accordion_ie_support":"","_EventAllDay":false,"_EventTimezone":"","_EventStartDate":"","_EventEndDate":"","_EventStartDateUTC":"","_EventEndDateUTC":"","_EventShowMap":false,"_EventShowMapLink":false,"_EventURL":"","_EventCost":"","_EventCostDescription":"","_EventCurrencySymbol":"","_EventCurrencyCode":"","_EventCurrencyPosition":"","_EventDateTimeSeparator":"","_EventTimeRangeSeparator":"","_EventOrganizerID":[],"_EventVenueID":[],"_OrganizerEmail":"","_OrganizerPhone":"","_OrganizerWebsite":"","_VenueAddress":"","_VenueCity":"","_VenueCountry":"","_VenueProvince":"","_VenueState":"","_VenueZip":"","_VenuePhone":"","_VenueURL":"","_VenueStateProvince":"","_VenueLat":"","_VenueLng":"","_VenueShowMap":false,"_VenueShowMapLink":false,"footnotes":""},"categories":[3,5],"tags":[],"class_list":["post-5105","post","type-post","status-publish","format-standard","has-post-thumbnail","hentry","category-actualites","category-manifestations-scientifiques"],"_links":{"self":[{"href":"https:\/\/www.univ-mosta.dz\/vrcc\/wp-json\/wp\/v2\/posts\/5105","targetHints":{"allow":["GET"]}}],"collection":[{"href":"https:\/\/www.univ-mosta.dz\/vrcc\/wp-json\/wp\/v2\/posts"}],"about":[{"href":"https:\/\/www.univ-mosta.dz\/vrcc\/wp-json\/wp\/v2\/types\/post"}],"author":[{"embeddable":true,"href":"https:\/\/www.univ-mosta.dz\/vrcc\/wp-json\/wp\/v2\/users\/15"}],"replies":[{"embeddable":true,"href":"https:\/\/www.univ-mosta.dz\/vrcc\/wp-json\/wp\/v2\/comments?post=5105"}],"version-history":[{"count":1,"href":"https:\/\/www.univ-mosta.dz\/vrcc\/wp-json\/wp\/v2\/posts\/5105\/revisions"}],"predecessor-version":[{"id":5108,"href":"https:\/\/www.univ-mosta.dz\/vrcc\/wp-json\/wp\/v2\/posts\/5105\/revisions\/5108"}],"wp:featuredmedia":[{"embeddable":true,"href":"https:\/\/www.univ-mosta.dz\/vrcc\/wp-json\/wp\/v2\/media\/5107"}],"wp:attachment":[{"href":"https:\/\/www.univ-mosta.dz\/vrcc\/wp-json\/wp\/v2\/media?parent=5105"}],"wp:term":[{"taxonomy":"category","embeddable":true,"href":"https:\/\/www.univ-mosta.dz\/vrcc\/wp-json\/wp\/v2\/categories?post=5105"},{"taxonomy":"post_tag","embeddable":true,"href":"https:\/\/www.univ-mosta.dz\/vrcc\/wp-json\/wp\/v2\/tags?post=5105"}],"curies":[{"name":"wp","href":"https:\/\/api.w.org\/{rel}","templated":true}]}}