{"id":5087,"date":"2022-03-01T09:06:18","date_gmt":"2022-03-01T08:06:18","guid":{"rendered":"https:\/\/www.univ-mosta.dz\/vrcc\/?p=5087"},"modified":"2022-03-01T09:21:14","modified_gmt":"2022-03-01T08:21:14","slug":"visite-de-son-excellence-madame-lambassadrice-de-la-turquie-a-luniversite-abdelhamid-ibn-badis-mostaganem","status":"publish","type":"post","link":"https:\/\/www.univ-mosta.dz\/vrcc\/visite-de-son-excellence-madame-lambassadrice-de-la-turquie-a-luniversite-abdelhamid-ibn-badis-mostaganem\/","title":{"rendered":"Visite de son Excellence Madame l&rsquo;Ambassadrice de la Turquie \u00e0 l\u2019universit\u00e9 Abdelhamid Ibn Badis, Mostaganem"},"content":{"rendered":"<p>Monsieur le Recteur de l\u2019universit\u00e9 Abdelhamid Ibn Badis, Mostaganem a re\u00e7u son Excellence Madame Mahinur Ozdemir Ambassadrice de la Turquie\u00a0\u00a0pour une visite de courtoisie au si\u00e8ge du Rectorat. Plusieurs axes de coop\u00e9ration ont \u00e9t\u00e9 discut\u00e9s entre l\u2019universit\u00e9 et les universit\u00e9s Turques.<\/p>\n<p>&nbsp;<\/p>\n<div id='gallery-1' class='gallery galleryid-5087 gallery-columns-1 gallery-size-large'><figure class='gallery-item'>\n\t\t\t<div class='gallery-icon landscape'>\n\t\t\t\t<a href='https:\/\/www.univ-mosta.dz\/vrcc\/visite-de-son-excellence-madame-lambassadrice-de-la-turquie-a-luniversite-abdelhamid-ibn-badis-mostaganem\/visite-de-son-excellence-madame-lambassadrice-de-turquie-5\/'><img loading=\"lazy\" decoding=\"async\" width=\"1024\" height=\"721\" src=\"https:\/\/www.univ-mosta.dz\/vrcc\/wp-content\/uploads\/sites\/13\/2022\/03\/Visite-de-son-Excellence-Madame-lAmbassadrice-de-Turquie-5-1024x721.jpg\" class=\"attachment-large size-large\" alt=\"\" srcset=\"https:\/\/www.univ-mosta.dz\/vrcc\/wp-content\/uploads\/sites\/13\/2022\/03\/Visite-de-son-Excellence-Madame-lAmbassadrice-de-Turquie-5-1024x721.jpg 1024w, https:\/\/www.univ-mosta.dz\/vrcc\/wp-content\/uploads\/sites\/13\/2022\/03\/Visite-de-son-Excellence-Madame-lAmbassadrice-de-Turquie-5-300x211.jpg 300w, https:\/\/www.univ-mosta.dz\/vrcc\/wp-content\/uploads\/sites\/13\/2022\/03\/Visite-de-son-Excellence-Madame-lAmbassadrice-de-Turquie-5-768x541.jpg 768w, https:\/\/www.univ-mosta.dz\/vrcc\/wp-content\/uploads\/sites\/13\/2022\/03\/Visite-de-son-Excellence-Madame-lAmbassadrice-de-Turquie-5-1536x1081.jpg 1536w, https:\/\/www.univ-mosta.dz\/vrcc\/wp-content\/uploads\/sites\/13\/2022\/03\/Visite-de-son-Excellence-Madame-lAmbassadrice-de-Turquie-5-2048x1442.jpg 2048w\" sizes=\"auto, (max-width: 1024px) 100vw, 1024px\" \/><\/a>\n\t\t\t<\/div><\/figure><figure class='gallery-item'>\n\t\t\t<div class='gallery-icon landscape'>\n\t\t\t\t<a href='https:\/\/www.univ-mosta.dz\/vrcc\/visite-de-son-excellence-madame-lambassadrice-de-la-turquie-a-luniversite-abdelhamid-ibn-badis-mostaganem\/visite-de-son-excellence-madame-lambassadrice-de-turquie-8\/'><img loading=\"lazy\" decoding=\"async\" width=\"1024\" height=\"730\" src=\"https:\/\/www.univ-mosta.dz\/vrcc\/wp-content\/uploads\/sites\/13\/2022\/03\/Visite-de-son-Excellence-Madame-lAmbassadrice-de-Turquie-8-1024x730.jpg\" class=\"attachment-large size-large\" alt=\"\" srcset=\"https:\/\/www.univ-mosta.dz\/vrcc\/wp-content\/uploads\/sites\/13\/2022\/03\/Visite-de-son-Excellence-Madame-lAmbassadrice-de-Turquie-8-1024x730.jpg 1024w, https:\/\/www.univ-mosta.dz\/vrcc\/wp-content\/uploads\/sites\/13\/2022\/03\/Visite-de-son-Excellence-Madame-lAmbassadrice-de-Turquie-8-300x214.jpg 300w, https:\/\/www.univ-mosta.dz\/vrcc\/wp-content\/uploads\/sites\/13\/2022\/03\/Visite-de-son-Excellence-Madame-lAmbassadrice-de-Turquie-8-768x547.jpg 768w, https:\/\/www.univ-mosta.dz\/vrcc\/wp-content\/uploads\/sites\/13\/2022\/03\/Visite-de-son-Excellence-Madame-lAmbassadrice-de-Turquie-8-1536x1095.jpg 1536w, https:\/\/www.univ-mosta.dz\/vrcc\/wp-content\/uploads\/sites\/13\/2022\/03\/Visite-de-son-Excellence-Madame-lAmbassadrice-de-Turquie-8-2048x1460.jpg 2048w\" sizes=\"auto, (max-width: 1024px) 100vw, 1024px\" \/><\/a>\n\t\t\t<\/div><\/figure><figure class='gallery-item'>\n\t\t\t<div class='gallery-icon landscape'>\n\t\t\t\t<a href='https:\/\/www.univ-mosta.dz\/vrcc\/visite-de-son-excellence-madame-lambassadrice-de-la-turquie-a-luniversite-abdelhamid-ibn-badis-mostaganem\/visite-de-son-excellence-madame-lambassadrice-de-turquie-10\/'><img loading=\"lazy\" decoding=\"async\" width=\"1024\" height=\"678\" src=\"https:\/\/www.univ-mosta.dz\/vrcc\/wp-content\/uploads\/sites\/13\/2022\/03\/Visite-de-son-Excellence-Madame-lAmbassadrice-de-Turquie-10-1024x678.jpg\" class=\"attachment-large size-large\" alt=\"\" srcset=\"https:\/\/www.univ-mosta.dz\/vrcc\/wp-content\/uploads\/sites\/13\/2022\/03\/Visite-de-son-Excellence-Madame-lAmbassadrice-de-Turquie-10-1024x678.jpg 1024w, https:\/\/www.univ-mosta.dz\/vrcc\/wp-content\/uploads\/sites\/13\/2022\/03\/Visite-de-son-Excellence-Madame-lAmbassadrice-de-Turquie-10-300x199.jpg 300w, https:\/\/www.univ-mosta.dz\/vrcc\/wp-content\/uploads\/sites\/13\/2022\/03\/Visite-de-son-Excellence-Madame-lAmbassadrice-de-Turquie-10-768x509.jpg 768w, https:\/\/www.univ-mosta.dz\/vrcc\/wp-content\/uploads\/sites\/13\/2022\/03\/Visite-de-son-Excellence-Madame-lAmbassadrice-de-Turquie-10-1536x1017.jpg 1536w, https:\/\/www.univ-mosta.dz\/vrcc\/wp-content\/uploads\/sites\/13\/2022\/03\/Visite-de-son-Excellence-Madame-lAmbassadrice-de-Turquie-10-2048x1356.jpg 2048w, https:\/\/www.univ-mosta.dz\/vrcc\/wp-content\/uploads\/sites\/13\/2022\/03\/Visite-de-son-Excellence-Madame-lAmbassadrice-de-Turquie-10-310x205.jpg 310w\" sizes=\"auto, (max-width: 1024px) 100vw, 1024px\" \/><\/a>\n\t\t\t<\/div><\/figure><figure class='gallery-item'>\n\t\t\t<div class='gallery-icon landscape'>\n\t\t\t\t<a href='https:\/\/www.univ-mosta.dz\/vrcc\/visite-de-son-excellence-madame-lambassadrice-de-la-turquie-a-luniversite-abdelhamid-ibn-badis-mostaganem\/visite-de-son-excellence-madame-lambassadrice-de-turquie-17\/'><img loading=\"lazy\" decoding=\"async\" width=\"1024\" height=\"678\" src=\"https:\/\/www.univ-mosta.dz\/vrcc\/wp-content\/uploads\/sites\/13\/2022\/03\/Visite-de-son-Excellence-Madame-lAmbassadrice-de-Turquie-17-1024x678.jpg\" class=\"attachment-large size-large\" alt=\"\" srcset=\"https:\/\/www.univ-mosta.dz\/vrcc\/wp-content\/uploads\/sites\/13\/2022\/03\/Visite-de-son-Excellence-Madame-lAmbassadrice-de-Turquie-17-1024x678.jpg 1024w, https:\/\/www.univ-mosta.dz\/vrcc\/wp-content\/uploads\/sites\/13\/2022\/03\/Visite-de-son-Excellence-Madame-lAmbassadrice-de-Turquie-17-300x199.jpg 300w, https:\/\/www.univ-mosta.dz\/vrcc\/wp-content\/uploads\/sites\/13\/2022\/03\/Visite-de-son-Excellence-Madame-lAmbassadrice-de-Turquie-17-768x509.jpg 768w, https:\/\/www.univ-mosta.dz\/vrcc\/wp-content\/uploads\/sites\/13\/2022\/03\/Visite-de-son-Excellence-Madame-lAmbassadrice-de-Turquie-17-1536x1017.jpg 1536w, https:\/\/www.univ-mosta.dz\/vrcc\/wp-content\/uploads\/sites\/13\/2022\/03\/Visite-de-son-Excellence-Madame-lAmbassadrice-de-Turquie-17-2048x1356.jpg 2048w, https:\/\/www.univ-mosta.dz\/vrcc\/wp-content\/uploads\/sites\/13\/2022\/03\/Visite-de-son-Excellence-Madame-lAmbassadrice-de-Turquie-17-310x205.jpg 310w\" sizes=\"auto, (max-width: 1024px) 100vw, 1024px\" \/><\/a>\n\t\t\t<\/div><\/figure><figure class='gallery-item'>\n\t\t\t<div class='gallery-icon landscape'>\n\t\t\t\t<a href='https:\/\/www.univ-mosta.dz\/vrcc\/visite-de-son-excellence-madame-lambassadrice-de-la-turquie-a-luniversite-abdelhamid-ibn-badis-mostaganem\/visite-de-son-excellence-madame-lambassadrice-de-turquie-18\/'><img loading=\"lazy\" decoding=\"async\" width=\"1024\" height=\"710\" src=\"https:\/\/www.univ-mosta.dz\/vrcc\/wp-content\/uploads\/sites\/13\/2022\/03\/Visite-de-son-Excellence-Madame-lAmbassadrice-de-Turquie-18-1024x710.jpg\" class=\"attachment-large size-large\" alt=\"\" srcset=\"https:\/\/www.univ-mosta.dz\/vrcc\/wp-content\/uploads\/sites\/13\/2022\/03\/Visite-de-son-Excellence-Madame-lAmbassadrice-de-Turquie-18-1024x710.jpg 1024w, https:\/\/www.univ-mosta.dz\/vrcc\/wp-content\/uploads\/sites\/13\/2022\/03\/Visite-de-son-Excellence-Madame-lAmbassadrice-de-Turquie-18-300x208.jpg 300w, https:\/\/www.univ-mosta.dz\/vrcc\/wp-content\/uploads\/sites\/13\/2022\/03\/Visite-de-son-Excellence-Madame-lAmbassadrice-de-Turquie-18-768x533.jpg 768w, https:\/\/www.univ-mosta.dz\/vrcc\/wp-content\/uploads\/sites\/13\/2022\/03\/Visite-de-son-Excellence-Madame-lAmbassadrice-de-Turquie-18-1536x1065.jpg 1536w, https:\/\/www.univ-mosta.dz\/vrcc\/wp-content\/uploads\/sites\/13\/2022\/03\/Visite-de-son-Excellence-Madame-lAmbassadrice-de-Turquie-18-2048x1420.jpg 2048w, https:\/\/www.univ-mosta.dz\/vrcc\/wp-content\/uploads\/sites\/13\/2022\/03\/Visite-de-son-Excellence-Madame-lAmbassadrice-de-Turquie-18-110x75.jpg 110w\" sizes=\"auto, (max-width: 1024px) 100vw, 1024px\" \/><\/a>\n\t\t\t<\/div><\/figure><figure class='gallery-item'>\n\t\t\t<div class='gallery-icon landscape'>\n\t\t\t\t<a href='https:\/\/www.univ-mosta.dz\/vrcc\/visite-de-son-excellence-madame-lambassadrice-de-la-turquie-a-luniversite-abdelhamid-ibn-badis-mostaganem\/visite-de-son-excellence-madame-lambassadrice-de-turquie-22\/'><img loading=\"lazy\" decoding=\"async\" width=\"1024\" height=\"678\" src=\"https:\/\/www.univ-mosta.dz\/vrcc\/wp-content\/uploads\/sites\/13\/2022\/03\/Visite-de-son-Excellence-Madame-lAmbassadrice-de-Turquie-22-1024x678.jpg\" class=\"attachment-large size-large\" alt=\"\" srcset=\"https:\/\/www.univ-mosta.dz\/vrcc\/wp-content\/uploads\/sites\/13\/2022\/03\/Visite-de-son-Excellence-Madame-lAmbassadrice-de-Turquie-22-1024x678.jpg 1024w, https:\/\/www.univ-mosta.dz\/vrcc\/wp-content\/uploads\/sites\/13\/2022\/03\/Visite-de-son-Excellence-Madame-lAmbassadrice-de-Turquie-22-300x199.jpg 300w, https:\/\/www.univ-mosta.dz\/vrcc\/wp-content\/uploads\/sites\/13\/2022\/03\/Visite-de-son-Excellence-Madame-lAmbassadrice-de-Turquie-22-768x509.jpg 768w, https:\/\/www.univ-mosta.dz\/vrcc\/wp-content\/uploads\/sites\/13\/2022\/03\/Visite-de-son-Excellence-Madame-lAmbassadrice-de-Turquie-22-1536x1017.jpg 1536w, https:\/\/www.univ-mosta.dz\/vrcc\/wp-content\/uploads\/sites\/13\/2022\/03\/Visite-de-son-Excellence-Madame-lAmbassadrice-de-Turquie-22-2048x1356.jpg 2048w, https:\/\/www.univ-mosta.dz\/vrcc\/wp-content\/uploads\/sites\/13\/2022\/03\/Visite-de-son-Excellence-Madame-lAmbassadrice-de-Turquie-22-310x205.jpg 310w\" sizes=\"auto, (max-width: 1024px) 100vw, 1024px\" \/><\/a>\n\t\t\t<\/div><\/figure><figure class='gallery-item'>\n\t\t\t<div class='gallery-icon landscape'>\n\t\t\t\t<a href='https:\/\/www.univ-mosta.dz\/vrcc\/visite-de-son-excellence-madame-lambassadrice-de-la-turquie-a-luniversite-abdelhamid-ibn-badis-mostaganem\/visite-de-son-excellence-madame-lambassadrice-de-turquie-23\/'><img loading=\"lazy\" decoding=\"async\" width=\"1024\" height=\"678\" src=\"https:\/\/www.univ-mosta.dz\/vrcc\/wp-content\/uploads\/sites\/13\/2022\/03\/Visite-de-son-Excellence-Madame-lAmbassadrice-de-Turquie-23-1024x678.jpg\" class=\"attachment-large size-large\" alt=\"\" srcset=\"https:\/\/www.univ-mosta.dz\/vrcc\/wp-content\/uploads\/sites\/13\/2022\/03\/Visite-de-son-Excellence-Madame-lAmbassadrice-de-Turquie-23-1024x678.jpg 1024w, https:\/\/www.univ-mosta.dz\/vrcc\/wp-content\/uploads\/sites\/13\/2022\/03\/Visite-de-son-Excellence-Madame-lAmbassadrice-de-Turquie-23-300x199.jpg 300w, https:\/\/www.univ-mosta.dz\/vrcc\/wp-content\/uploads\/sites\/13\/2022\/03\/Visite-de-son-Excellence-Madame-lAmbassadrice-de-Turquie-23-768x509.jpg 768w, https:\/\/www.univ-mosta.dz\/vrcc\/wp-content\/uploads\/sites\/13\/2022\/03\/Visite-de-son-Excellence-Madame-lAmbassadrice-de-Turquie-23-1536x1017.jpg 1536w, https:\/\/www.univ-mosta.dz\/vrcc\/wp-content\/uploads\/sites\/13\/2022\/03\/Visite-de-son-Excellence-Madame-lAmbassadrice-de-Turquie-23-2048x1356.jpg 2048w, https:\/\/www.univ-mosta.dz\/vrcc\/wp-content\/uploads\/sites\/13\/2022\/03\/Visite-de-son-Excellence-Madame-lAmbassadrice-de-Turquie-23-310x205.jpg 310w\" sizes=\"auto, (max-width: 1024px) 100vw, 1024px\" \/><\/a>\n\t\t\t<\/div><\/figure><figure class='gallery-item'>\n\t\t\t<div class='gallery-icon landscape'>\n\t\t\t\t<a href='https:\/\/www.univ-mosta.dz\/vrcc\/visite-de-son-excellence-madame-lambassadrice-de-la-turquie-a-luniversite-abdelhamid-ibn-badis-mostaganem\/visite-de-son-excellence-madame-lambassadrice-de-turquie-24\/'><img loading=\"lazy\" decoding=\"async\" width=\"1024\" height=\"678\" src=\"https:\/\/www.univ-mosta.dz\/vrcc\/wp-content\/uploads\/sites\/13\/2022\/03\/Visite-de-son-Excellence-Madame-lAmbassadrice-de-Turquie-24-1024x678.jpg\" class=\"attachment-large size-large\" alt=\"\" srcset=\"https:\/\/www.univ-mosta.dz\/vrcc\/wp-content\/uploads\/sites\/13\/2022\/03\/Visite-de-son-Excellence-Madame-lAmbassadrice-de-Turquie-24-1024x678.jpg 1024w, https:\/\/www.univ-mosta.dz\/vrcc\/wp-content\/uploads\/sites\/13\/2022\/03\/Visite-de-son-Excellence-Madame-lAmbassadrice-de-Turquie-24-300x199.jpg 300w, https:\/\/www.univ-mosta.dz\/vrcc\/wp-content\/uploads\/sites\/13\/2022\/03\/Visite-de-son-Excellence-Madame-lAmbassadrice-de-Turquie-24-768x509.jpg 768w, https:\/\/www.univ-mosta.dz\/vrcc\/wp-content\/uploads\/sites\/13\/2022\/03\/Visite-de-son-Excellence-Madame-lAmbassadrice-de-Turquie-24-1536x1017.jpg 1536w, https:\/\/www.univ-mosta.dz\/vrcc\/wp-content\/uploads\/sites\/13\/2022\/03\/Visite-de-son-Excellence-Madame-lAmbassadrice-de-Turquie-24-2048x1356.jpg 2048w, https:\/\/www.univ-mosta.dz\/vrcc\/wp-content\/uploads\/sites\/13\/2022\/03\/Visite-de-son-Excellence-Madame-lAmbassadrice-de-Turquie-24-310x205.jpg 310w\" sizes=\"auto, (max-width: 1024px) 100vw, 1024px\" \/><\/a>\n\t\t\t<\/div><\/figure><figure class='gallery-item'>\n\t\t\t<div class='gallery-icon landscape'>\n\t\t\t\t<a href='https:\/\/www.univ-mosta.dz\/vrcc\/visite-de-son-excellence-madame-lambassadrice-de-la-turquie-a-luniversite-abdelhamid-ibn-badis-mostaganem\/visite-de-son-excellence-madame-lambassadrice-de-turquie-27\/'><img loading=\"lazy\" decoding=\"async\" width=\"1024\" height=\"712\" src=\"https:\/\/www.univ-mosta.dz\/vrcc\/wp-content\/uploads\/sites\/13\/2022\/03\/Visite-de-son-Excellence-Madame-lAmbassadrice-de-Turquie-27-1024x712.jpg\" class=\"attachment-large size-large\" alt=\"\" srcset=\"https:\/\/www.univ-mosta.dz\/vrcc\/wp-content\/uploads\/sites\/13\/2022\/03\/Visite-de-son-Excellence-Madame-lAmbassadrice-de-Turquie-27-1024x712.jpg 1024w, https:\/\/www.univ-mosta.dz\/vrcc\/wp-content\/uploads\/sites\/13\/2022\/03\/Visite-de-son-Excellence-Madame-lAmbassadrice-de-Turquie-27-300x209.jpg 300w, https:\/\/www.univ-mosta.dz\/vrcc\/wp-content\/uploads\/sites\/13\/2022\/03\/Visite-de-son-Excellence-Madame-lAmbassadrice-de-Turquie-27-768x534.jpg 768w, https:\/\/www.univ-mosta.dz\/vrcc\/wp-content\/uploads\/sites\/13\/2022\/03\/Visite-de-son-Excellence-Madame-lAmbassadrice-de-Turquie-27-1536x1069.jpg 1536w, https:\/\/www.univ-mosta.dz\/vrcc\/wp-content\/uploads\/sites\/13\/2022\/03\/Visite-de-son-Excellence-Madame-lAmbassadrice-de-Turquie-27-2048x1425.jpg 2048w, https:\/\/www.univ-mosta.dz\/vrcc\/wp-content\/uploads\/sites\/13\/2022\/03\/Visite-de-son-Excellence-Madame-lAmbassadrice-de-Turquie-27-110x75.jpg 110w\" sizes=\"auto, (max-width: 1024px) 100vw, 1024px\" \/><\/a>\n\t\t\t<\/div><\/figure><figure class='gallery-item'>\n\t\t\t<div class='gallery-icon landscape'>\n\t\t\t\t<a href='https:\/\/www.univ-mosta.dz\/vrcc\/visite-de-son-excellence-madame-lambassadrice-de-la-turquie-a-luniversite-abdelhamid-ibn-badis-mostaganem\/visite-de-son-excellence-madame-lambassadrice-de-turquie-29\/'><img loading=\"lazy\" decoding=\"async\" width=\"1024\" height=\"678\" src=\"https:\/\/www.univ-mosta.dz\/vrcc\/wp-content\/uploads\/sites\/13\/2022\/03\/Visite-de-son-Excellence-Madame-lAmbassadrice-de-Turquie-29-1024x678.jpg\" class=\"attachment-large size-large\" alt=\"\" srcset=\"https:\/\/www.univ-mosta.dz\/vrcc\/wp-content\/uploads\/sites\/13\/2022\/03\/Visite-de-son-Excellence-Madame-lAmbassadrice-de-Turquie-29-1024x678.jpg 1024w, https:\/\/www.univ-mosta.dz\/vrcc\/wp-content\/uploads\/sites\/13\/2022\/03\/Visite-de-son-Excellence-Madame-lAmbassadrice-de-Turquie-29-300x199.jpg 300w, https:\/\/www.univ-mosta.dz\/vrcc\/wp-content\/uploads\/sites\/13\/2022\/03\/Visite-de-son-Excellence-Madame-lAmbassadrice-de-Turquie-29-768x509.jpg 768w, https:\/\/www.univ-mosta.dz\/vrcc\/wp-content\/uploads\/sites\/13\/2022\/03\/Visite-de-son-Excellence-Madame-lAmbassadrice-de-Turquie-29-1536x1017.jpg 1536w, https:\/\/www.univ-mosta.dz\/vrcc\/wp-content\/uploads\/sites\/13\/2022\/03\/Visite-de-son-Excellence-Madame-lAmbassadrice-de-Turquie-29-2048x1356.jpg 2048w, https:\/\/www.univ-mosta.dz\/vrcc\/wp-content\/uploads\/sites\/13\/2022\/03\/Visite-de-son-Excellence-Madame-lAmbassadrice-de-Turquie-29-310x205.jpg 310w\" sizes=\"auto, (max-width: 1024px) 100vw, 1024px\" \/><\/a>\n\t\t\t<\/div><\/figure><figure class='gallery-item'>\n\t\t\t<div class='gallery-icon portrait'>\n\t\t\t\t<a href='https:\/\/www.univ-mosta.dz\/vrcc\/visite-de-son-excellence-madame-lambassadrice-de-la-turquie-a-luniversite-abdelhamid-ibn-badis-mostaganem\/visite-de-son-excellence-madame-lambassadrice-de-turquie-3\/'><img loading=\"lazy\" decoding=\"async\" width=\"943\" height=\"1024\" src=\"https:\/\/www.univ-mosta.dz\/vrcc\/wp-content\/uploads\/sites\/13\/2022\/03\/Visite-de-son-Excellence-Madame-lAmbassadrice-de-Turquie-3-943x1024.jpg\" class=\"attachment-large size-large\" alt=\"\" srcset=\"https:\/\/www.univ-mosta.dz\/vrcc\/wp-content\/uploads\/sites\/13\/2022\/03\/Visite-de-son-Excellence-Madame-lAmbassadrice-de-Turquie-3-943x1024.jpg 943w, https:\/\/www.univ-mosta.dz\/vrcc\/wp-content\/uploads\/sites\/13\/2022\/03\/Visite-de-son-Excellence-Madame-lAmbassadrice-de-Turquie-3-276x300.jpg 276w, https:\/\/www.univ-mosta.dz\/vrcc\/wp-content\/uploads\/sites\/13\/2022\/03\/Visite-de-son-Excellence-Madame-lAmbassadrice-de-Turquie-3-768x834.jpg 768w, https:\/\/www.univ-mosta.dz\/vrcc\/wp-content\/uploads\/sites\/13\/2022\/03\/Visite-de-son-Excellence-Madame-lAmbassadrice-de-Turquie-3-1414x1536.jpg 1414w, https:\/\/www.univ-mosta.dz\/vrcc\/wp-content\/uploads\/sites\/13\/2022\/03\/Visite-de-son-Excellence-Madame-lAmbassadrice-de-Turquie-3-1885x2048.jpg 1885w\" sizes=\"auto, (max-width: 943px) 100vw, 943px\" \/><\/a>\n\t\t\t<\/div><\/figure>\n\t\t<\/div>\n\n","protected":false},"excerpt":{"rendered":"<p>Monsieur le Recteur de l\u2019universit\u00e9 Abdelhamid Ibn Badis, Mostaganem a re\u00e7u son Excellence Madame Mahinur Ozdemir Ambassadrice de la Turquie\u00a0\u00a0pour une visite de courtoisie au si\u00e8ge du Rectorat. Plusieurs axes &hellip;<\/p>\n","protected":false},"author":15,"featured_media":5089,"comment_status":"closed","ping_status":"closed","sticky":false,"template":"","format":"standard","meta":{"_coblocks_attr":"","_coblocks_dimensions":"","_coblocks_responsive_height":"","_coblocks_accordion_ie_support":"","_EventAllDay":false,"_EventTimezone":"","_EventStartDate":"","_EventEndDate":"","_EventStartDateUTC":"","_EventEndDateUTC":"","_EventShowMap":false,"_EventShowMapLink":false,"_EventURL":"","_EventCost":"","_EventCostDescription":"","_EventCurrencySymbol":"","_EventCurrencyCode":"","_EventCurrencyPosition":"","_EventDateTimeSeparator":"","_EventTimeRangeSeparator":"","_EventOrganizerID":[],"_EventVenueID":[],"_OrganizerEmail":"","_OrganizerPhone":"","_OrganizerWebsite":"","_VenueAddress":"","_VenueCity":"","_VenueCountry":"","_VenueProvince":"","_VenueState":"","_VenueZip":"","_VenuePhone":"","_VenueURL":"","_VenueStateProvince":"","_VenueLat":"","_VenueLng":"","_VenueShowMap":false,"_VenueShowMapLink":false,"footnotes":""},"categories":[3],"tags":[],"class_list":["post-5087","post","type-post","status-publish","format-standard","has-post-thumbnail","hentry","category-actualites"],"_links":{"self":[{"href":"https:\/\/www.univ-mosta.dz\/vrcc\/wp-json\/wp\/v2\/posts\/5087","targetHints":{"allow":["GET"]}}],"collection":[{"href":"https:\/\/www.univ-mosta.dz\/vrcc\/wp-json\/wp\/v2\/posts"}],"about":[{"href":"https:\/\/www.univ-mosta.dz\/vrcc\/wp-json\/wp\/v2\/types\/post"}],"author":[{"embeddable":true,"href":"https:\/\/www.univ-mosta.dz\/vrcc\/wp-json\/wp\/v2\/users\/15"}],"replies":[{"embeddable":true,"href":"https:\/\/www.univ-mosta.dz\/vrcc\/wp-json\/wp\/v2\/comments?post=5087"}],"version-history":[{"count":5,"href":"https:\/\/www.univ-mosta.dz\/vrcc\/wp-json\/wp\/v2\/posts\/5087\/revisions"}],"predecessor-version":[{"id":5103,"href":"https:\/\/www.univ-mosta.dz\/vrcc\/wp-json\/wp\/v2\/posts\/5087\/revisions\/5103"}],"wp:featuredmedia":[{"embeddable":true,"href":"https:\/\/www.univ-mosta.dz\/vrcc\/wp-json\/wp\/v2\/media\/5089"}],"wp:attachment":[{"href":"https:\/\/www.univ-mosta.dz\/vrcc\/wp-json\/wp\/v2\/media?parent=5087"}],"wp:term":[{"taxonomy":"category","embeddable":true,"href":"https:\/\/www.univ-mosta.dz\/vrcc\/wp-json\/wp\/v2\/categories?post=5087"},{"taxonomy":"post_tag","embeddable":true,"href":"https:\/\/www.univ-mosta.dz\/vrcc\/wp-json\/wp\/v2\/tags?post=5087"}],"curies":[{"name":"wp","href":"https:\/\/api.w.org\/{rel}","templated":true}]}}