{"id":4767,"date":"2022-01-11T16:43:18","date_gmt":"2022-01-11T15:43:18","guid":{"rendered":"https:\/\/www.univ-mosta.dz\/vrcc\/?p=4767"},"modified":"2022-01-11T16:59:45","modified_gmt":"2022-01-11T15:59:45","slug":"organisation-de-la-premiere-edition-du-salon-regional-des-microentreprises-15-16-17-janvier-2022","status":"publish","type":"post","link":"https:\/\/www.univ-mosta.dz\/vrcc\/organisation-de-la-premiere-edition-du-salon-regional-des-microentreprises-15-16-17-janvier-2022\/","title":{"rendered":"Organisation de la premi\u00e8re \u00e9dition du Salon r\u00e9gional des microentreprises  15-16-17 janvier 2022"},"content":{"rendered":"<p style=\"text-align: center\"><span style=\"font-size: 14pt\"><strong>Invitation<\/strong><\/span><\/p>\n<p style=\"text-align: center\"><strong><span style=\"color: #003366\">Organisation de la premi\u00e8re \u00e9dition du Salon r\u00e9gional des microentreprises<\/span><\/strong><\/p>\n<p style=\"text-align: center\"><strong><span style=\"color: #ff6600\">15-16-17 janvier 2022<\/span><\/strong><\/p>\n<p style=\"text-align: center\">Salle Multisports du Complexe sportif 05 Juillet Mostaganem<\/p>\n<p style=\"text-align: center\">L&rsquo;Agence nationale d\u2019appui et de d\u00e9veloppement des entreprises de la wilaya de Mostaganem a l&rsquo;honneur de vous informer de son intention d&rsquo;organiser un salon r\u00e9gional des microentreprises regroupant 11 wilayas (Mostaganem, A\u00efn Defla, Relizane, Chlef, Oran, Sidi Bel Abbes, A\u00efn Temouchent, Tlemcen, Tissemsilt et Mascara-Tiaret), qui se tiendra les 15 et 16 janvier 2022.<\/p>\n<p style=\"text-align: center\">L\u2019Universit\u00e9 Abdelhamid Ibn Badis-Mostaganem invite tous ses \u00e9tudiants \u00e0 visiter l&rsquo;exposition qui se d\u00e9roulera dans la salle multisports du Complexe sportif 05 Juillet Mostaganem<\/p>\n","protected":false},"excerpt":{"rendered":"<p>Invitation Organisation de la premi\u00e8re \u00e9dition du Salon r\u00e9gional des microentreprises 15-16-17 janvier 2022 Salle Multisports du Complexe sportif 05 Juillet Mostaganem L&rsquo;Agence nationale d\u2019appui et de d\u00e9veloppement des entreprises &hellip;<\/p>\n","protected":false},"author":15,"featured_media":4779,"comment_status":"closed","ping_status":"closed","sticky":false,"template":"","format":"standard","meta":{"_coblocks_attr":"","_coblocks_dimensions":"","_coblocks_responsive_height":"","_coblocks_accordion_ie_support":"","_EventAllDay":false,"_EventTimezone":"","_EventStartDate":"","_EventEndDate":"","_EventStartDateUTC":"","_EventEndDateUTC":"","_EventShowMap":false,"_EventShowMapLink":false,"_EventURL":"","_EventCost":"","_EventCostDescription":"","_EventCurrencySymbol":"","_EventCurrencyCode":"","_EventCurrencyPosition":"","_EventDateTimeSeparator":"","_EventTimeRangeSeparator":"","_EventOrganizerID":[],"_EventVenueID":[],"_OrganizerEmail":"","_OrganizerPhone":"","_OrganizerWebsite":"","_VenueAddress":"","_VenueCity":"","_VenueCountry":"","_VenueProvince":"","_VenueState":"","_VenueZip":"","_VenuePhone":"","_VenueURL":"","_VenueStateProvince":"","_VenueLat":"","_VenueLng":"","_VenueShowMap":false,"_VenueShowMapLink":false,"footnotes":""},"categories":[3],"tags":[],"class_list":["post-4767","post","type-post","status-publish","format-standard","has-post-thumbnail","hentry","category-actualites"],"_links":{"self":[{"href":"https:\/\/www.univ-mosta.dz\/vrcc\/wp-json\/wp\/v2\/posts\/4767","targetHints":{"allow":["GET"]}}],"collection":[{"href":"https:\/\/www.univ-mosta.dz\/vrcc\/wp-json\/wp\/v2\/posts"}],"about":[{"href":"https:\/\/www.univ-mosta.dz\/vrcc\/wp-json\/wp\/v2\/types\/post"}],"author":[{"embeddable":true,"href":"https:\/\/www.univ-mosta.dz\/vrcc\/wp-json\/wp\/v2\/users\/15"}],"replies":[{"embeddable":true,"href":"https:\/\/www.univ-mosta.dz\/vrcc\/wp-json\/wp\/v2\/comments?post=4767"}],"version-history":[{"count":2,"href":"https:\/\/www.univ-mosta.dz\/vrcc\/wp-json\/wp\/v2\/posts\/4767\/revisions"}],"predecessor-version":[{"id":4780,"href":"https:\/\/www.univ-mosta.dz\/vrcc\/wp-json\/wp\/v2\/posts\/4767\/revisions\/4780"}],"wp:featuredmedia":[{"embeddable":true,"href":"https:\/\/www.univ-mosta.dz\/vrcc\/wp-json\/wp\/v2\/media\/4779"}],"wp:attachment":[{"href":"https:\/\/www.univ-mosta.dz\/vrcc\/wp-json\/wp\/v2\/media?parent=4767"}],"wp:term":[{"taxonomy":"category","embeddable":true,"href":"https:\/\/www.univ-mosta.dz\/vrcc\/wp-json\/wp\/v2\/categories?post=4767"},{"taxonomy":"post_tag","embeddable":true,"href":"https:\/\/www.univ-mosta.dz\/vrcc\/wp-json\/wp\/v2\/tags?post=4767"}],"curies":[{"name":"wp","href":"https:\/\/api.w.org\/{rel}","templated":true}]}}