{"id":4240,"date":"2021-12-03T18:21:36","date_gmt":"2021-12-03T17:21:36","guid":{"rendered":"https:\/\/www.univ-mosta.dz\/vrcc\/?p=4240"},"modified":"2021-12-03T18:32:08","modified_gmt":"2021-12-03T17:32:08","slug":"programme-du-colloque-international-intitule-%d8%a3%d9%85%d8%ad%d9%85%d8%af-%d8%b5%d8%a7%d9%81%d9%8a-%d8%a7%d9%84%d9%85%d8%b3%d8%aa%d8%ba%d8%a7%d9%86%d9%85%d9%8a-%d9%85%d8%b3%d8%a7%d8%b1","status":"publish","type":"post","link":"https:\/\/www.univ-mosta.dz\/vrcc\/programme-du-colloque-international-intitule-%d8%a3%d9%85%d8%ad%d9%85%d8%af-%d8%b5%d8%a7%d9%81%d9%8a-%d8%a7%d9%84%d9%85%d8%b3%d8%aa%d8%ba%d8%a7%d9%86%d9%85%d9%8a-%d9%85%d8%b3%d8%a7%d8%b1\/","title":{"rendered":"Programme du colloque international intitul\u00e9: \u201d\u0623\u0645\u062d\u0645\u062f \u0635\u0627\u0641\u064a \u0627\u0644\u0645\u0633\u062a\u063a\u0627\u0646\u0645\u064a: \u0645\u0633\u0627\u0631 \u0648\u0645\u0646\u062c\u0632\u0627\u062a\u201d"},"content":{"rendered":"<p><img loading=\"lazy\" decoding=\"async\" class=\"wp-image-4242 alignleft\" src=\"http:\/\/www.univ-mosta.dz\/vrcc\/wp-content\/uploads\/sites\/13\/2021\/12\/263152100_6504731452935384_8115999441707544938_n-225x300.jpg\" alt=\"\" width=\"348\" height=\"464\" srcset=\"https:\/\/www.univ-mosta.dz\/vrcc\/wp-content\/uploads\/sites\/13\/2021\/12\/263152100_6504731452935384_8115999441707544938_n-225x300.jpg 225w, https:\/\/www.univ-mosta.dz\/vrcc\/wp-content\/uploads\/sites\/13\/2021\/12\/263152100_6504731452935384_8115999441707544938_n.jpg 526w\" sizes=\"auto, (max-width: 348px) 100vw, 348px\" \/><\/p>\n<div style=\"text-align: center\">Le laboratoire des Etudes Linguistiques et Litt\u00e9raires en Alg\u00e9rie, de la Facult\u00e9 des Lettres Arabes et des Arts &#8211;<\/div>\n<div style=\"text-align: center\">Universit\u00e9 de Mostaganem, organise en partenariat avec le Haut Conseil de la Langue Arabe en Alg\u00e9rie, le Conseil\u00a0 de la Langues Arabes \u00e0 Sharjah, un colloque international intitul\u00e9:<\/div>\n<div style=\"text-align: center\"><span style=\"font-size: 14pt\"><strong>\u00a0&lsquo;\u0623\u0645\u062d\u0645\u062f \u0635\u0627\u0641\u064a \u0627\u0644\u0645\u0633\u062a\u063a\u0627\u0646\u0645\u064a: \u0645\u0633\u0627\u0631 \u0648\u0645\u0646\u062c\u0632\u0627\u062a&rsquo;<\/strong><\/span><\/div>\n<div style=\"text-align: center\">qui se tiendra le <b>05\u00a0<\/b><strong>et<\/strong><b>\u00a006\u00a0<\/b><strong>D\u00e9cembre<\/strong><b>\u00a02021,<\/b><\/div>\n<div style=\"text-align: center\">\u00e0 l&rsquo;Auditorium Mohamed BENCHEHIDA &#8211; Campus Kharouba &#8211; Universit\u00e9 de Mostaganem Abdelhamid Ibn Badis<span style=\"color: #888888\"><br \/>\n<\/span><\/div>\n<div>\n<p style=\"text-align: center\"><a href=\"https:\/\/www.univ-mosta.dz\/vrcc\/wp-content\/uploads\/sites\/13\/2021\/12\/4-et-5-Decembre-2021.pdf\" class=\"pdfemb-viewer\" style=\"\" data-width=\"max\" data-height=\"max\" data-toolbar=\"both\" data-toolbar-fixed=\"on\">4 et 5 D\u00e9cembre 2021<\/a><\/p>\n<p><a href=\"http:\/\/www.univ-mosta.dz\/vrcc\/wp-content\/uploads\/sites\/13\/2021\/12\/4-et-5-Decembre-2021.pdf\" target=\"_blank\" rel=\"noopener\"><img loading=\"lazy\" decoding=\"async\" class=\"aligncenter wp-image-1608\" src=\"http:\/\/www.univ-mosta.dz\/vrcc\/wp-content\/uploads\/sites\/13\/2021\/01\/telecharger-icone.png\" alt=\"T\u00e9l\u00e9charger le Programme du colloque international intitul\u00e9: \u201d \u0623\u0645\u062d\u0645\u062f \u0635\u0627\u0641\u064a \u0627\u0644\u0645\u0633\u062a\u063a\u0627\u0646\u0645\u064a: \u0645\u0633\u0627\u0631 \u0648\u0645\u0646\u062c\u0632\u0627\u062a\u201d\" width=\"102\" height=\"99\" \/><\/a><\/p>\n<\/div>\n","protected":false},"excerpt":{"rendered":"<p>Le laboratoire des Etudes Linguistiques et Litt\u00e9raires en Alg\u00e9rie, de la Facult\u00e9 des Lettres Arabes et des Arts &#8211; Universit\u00e9 de Mostaganem, organise en partenariat avec le Haut Conseil de &hellip;<\/p>\n","protected":false},"author":15,"featured_media":4237,"comment_status":"closed","ping_status":"closed","sticky":false,"template":"","format":"standard","meta":{"_coblocks_attr":"","_coblocks_dimensions":"","_coblocks_responsive_height":"","_coblocks_accordion_ie_support":"","_EventAllDay":false,"_EventTimezone":"","_EventStartDate":"","_EventEndDate":"","_EventStartDateUTC":"","_EventEndDateUTC":"","_EventShowMap":false,"_EventShowMapLink":false,"_EventURL":"","_EventCost":"","_EventCostDescription":"","_EventCurrencySymbol":"","_EventCurrencyCode":"","_EventCurrencyPosition":"","_EventDateTimeSeparator":"","_EventTimeRangeSeparator":"","_EventOrganizerID":[],"_EventVenueID":[],"_OrganizerEmail":"","_OrganizerPhone":"","_OrganizerWebsite":"","_VenueAddress":"","_VenueCity":"","_VenueCountry":"","_VenueProvince":"","_VenueState":"","_VenueZip":"","_VenuePhone":"","_VenueURL":"","_VenueStateProvince":"","_VenueLat":"","_VenueLng":"","_VenueShowMap":false,"_VenueShowMapLink":false,"footnotes":""},"categories":[3,5],"tags":[],"class_list":["post-4240","post","type-post","status-publish","format-standard","has-post-thumbnail","hentry","category-actualites","category-manifestations-scientifiques"],"_links":{"self":[{"href":"https:\/\/www.univ-mosta.dz\/vrcc\/wp-json\/wp\/v2\/posts\/4240","targetHints":{"allow":["GET"]}}],"collection":[{"href":"https:\/\/www.univ-mosta.dz\/vrcc\/wp-json\/wp\/v2\/posts"}],"about":[{"href":"https:\/\/www.univ-mosta.dz\/vrcc\/wp-json\/wp\/v2\/types\/post"}],"author":[{"embeddable":true,"href":"https:\/\/www.univ-mosta.dz\/vrcc\/wp-json\/wp\/v2\/users\/15"}],"replies":[{"embeddable":true,"href":"https:\/\/www.univ-mosta.dz\/vrcc\/wp-json\/wp\/v2\/comments?post=4240"}],"version-history":[{"count":4,"href":"https:\/\/www.univ-mosta.dz\/vrcc\/wp-json\/wp\/v2\/posts\/4240\/revisions"}],"predecessor-version":[{"id":4246,"href":"https:\/\/www.univ-mosta.dz\/vrcc\/wp-json\/wp\/v2\/posts\/4240\/revisions\/4246"}],"wp:featuredmedia":[{"embeddable":true,"href":"https:\/\/www.univ-mosta.dz\/vrcc\/wp-json\/wp\/v2\/media\/4237"}],"wp:attachment":[{"href":"https:\/\/www.univ-mosta.dz\/vrcc\/wp-json\/wp\/v2\/media?parent=4240"}],"wp:term":[{"taxonomy":"category","embeddable":true,"href":"https:\/\/www.univ-mosta.dz\/vrcc\/wp-json\/wp\/v2\/categories?post=4240"},{"taxonomy":"post_tag","embeddable":true,"href":"https:\/\/www.univ-mosta.dz\/vrcc\/wp-json\/wp\/v2\/tags?post=4240"}],"curies":[{"name":"wp","href":"https:\/\/api.w.org\/{rel}","templated":true}]}}