{"id":4215,"date":"2021-12-02T09:30:13","date_gmt":"2021-12-02T08:30:13","guid":{"rendered":"https:\/\/www.univ-mosta.dz\/vrcc\/?p=4215"},"modified":"2021-12-02T09:39:57","modified_gmt":"2021-12-02T08:39:57","slug":"questionnaire-pour-les-enseignants","status":"publish","type":"post","link":"https:\/\/www.univ-mosta.dz\/vrcc\/questionnaire-pour-les-enseignants\/","title":{"rendered":"Questionnaire pour les enseignants"},"content":{"rendered":"<p style=\"text-align: justify\">Chers enseignants, nous avons l\u2019honneur de partager avec vous le pr\u00e9sent questionnaire pour r\u00e9colter des donn\u00e9es dans le cadre du projet <span style=\"color: #0000ff\"><a style=\"color: #0000ff\" href=\"https:\/\/www.facebook.com\/Projet-Safir-Universit%C3%A9-de-Mostaganem-111295741324098\/\">Safir<\/a> <\/span>qui est un programme en faveur de la r\u00e9alisation des Objectifs de d\u00e9veloppement durable (ODD) et de l\u2019inclusion \u00e9conomique de la jeunesse dans 9 pays (Alg\u00e9rie, \u00c9gypte, Jordanie, Liban, Libye, Maroc, Palestine, Syrie et la Tunisie).<\/p>\n<table style=\"border-collapse: collapse;width: 100%\">\n<tbody>\n<tr>\n<td style=\"width: 100%;background-color: #f5821f;text-align: center\"><strong><span style=\"color: #0000ff;font-size: 14pt\"><a style=\"color: #0000ff\" href=\"https:\/\/forms.gle\/VTmtQXX2zY6xGp2X9\" target=\"_blank\" rel=\"noopener\">https:\/\/forms.gle\/VTmtQXX2zY6xGp2X9<\/a><\/span><\/strong><\/td>\n<\/tr>\n<\/tbody>\n<\/table>\n<p style=\"text-align: center\"><img loading=\"lazy\" decoding=\"async\" class=\"wp-image-4216 aligncenter\" src=\"http:\/\/www.univ-mosta.dz\/vrcc\/wp-content\/uploads\/sites\/13\/2021\/12\/Image2-300x151.png\" alt=\"\" width=\"326\" height=\"164\" srcset=\"https:\/\/www.univ-mosta.dz\/vrcc\/wp-content\/uploads\/sites\/13\/2021\/12\/Image2-300x151.png 300w, https:\/\/www.univ-mosta.dz\/vrcc\/wp-content\/uploads\/sites\/13\/2021\/12\/Image2-660x330.png 660w, https:\/\/www.univ-mosta.dz\/vrcc\/wp-content\/uploads\/sites\/13\/2021\/12\/Image2.png 673w\" sizes=\"auto, (max-width: 326px) 100vw, 326px\" \/><\/p>\n","protected":false},"excerpt":{"rendered":"<p>Chers enseignants, nous avons l\u2019honneur de partager avec vous le pr\u00e9sent questionnaire pour r\u00e9colter des donn\u00e9es dans le cadre du projet Safir qui est un programme en faveur de la &hellip;<\/p>\n","protected":false},"author":15,"featured_media":4218,"comment_status":"closed","ping_status":"closed","sticky":false,"template":"","format":"standard","meta":{"_coblocks_attr":"","_coblocks_dimensions":"","_coblocks_responsive_height":"","_coblocks_accordion_ie_support":"","_EventAllDay":false,"_EventTimezone":"","_EventStartDate":"","_EventEndDate":"","_EventStartDateUTC":"","_EventEndDateUTC":"","_EventShowMap":false,"_EventShowMapLink":false,"_EventURL":"","_EventCost":"","_EventCostDescription":"","_EventCurrencySymbol":"","_EventCurrencyCode":"","_EventCurrencyPosition":"","_EventDateTimeSeparator":"","_EventTimeRangeSeparator":"","_EventOrganizerID":[],"_EventVenueID":[],"_OrganizerEmail":"","_OrganizerPhone":"","_OrganizerWebsite":"","_VenueAddress":"","_VenueCity":"","_VenueCountry":"","_VenueProvince":"","_VenueState":"","_VenueZip":"","_VenuePhone":"","_VenueURL":"","_VenueStateProvince":"","_VenueLat":"","_VenueLng":"","_VenueShowMap":false,"_VenueShowMapLink":false,"footnotes":""},"categories":[3],"tags":[],"class_list":["post-4215","post","type-post","status-publish","format-standard","has-post-thumbnail","hentry","category-actualites"],"_links":{"self":[{"href":"https:\/\/www.univ-mosta.dz\/vrcc\/wp-json\/wp\/v2\/posts\/4215","targetHints":{"allow":["GET"]}}],"collection":[{"href":"https:\/\/www.univ-mosta.dz\/vrcc\/wp-json\/wp\/v2\/posts"}],"about":[{"href":"https:\/\/www.univ-mosta.dz\/vrcc\/wp-json\/wp\/v2\/types\/post"}],"author":[{"embeddable":true,"href":"https:\/\/www.univ-mosta.dz\/vrcc\/wp-json\/wp\/v2\/users\/15"}],"replies":[{"embeddable":true,"href":"https:\/\/www.univ-mosta.dz\/vrcc\/wp-json\/wp\/v2\/comments?post=4215"}],"version-history":[{"count":3,"href":"https:\/\/www.univ-mosta.dz\/vrcc\/wp-json\/wp\/v2\/posts\/4215\/revisions"}],"predecessor-version":[{"id":4220,"href":"https:\/\/www.univ-mosta.dz\/vrcc\/wp-json\/wp\/v2\/posts\/4215\/revisions\/4220"}],"wp:featuredmedia":[{"embeddable":true,"href":"https:\/\/www.univ-mosta.dz\/vrcc\/wp-json\/wp\/v2\/media\/4218"}],"wp:attachment":[{"href":"https:\/\/www.univ-mosta.dz\/vrcc\/wp-json\/wp\/v2\/media?parent=4215"}],"wp:term":[{"taxonomy":"category","embeddable":true,"href":"https:\/\/www.univ-mosta.dz\/vrcc\/wp-json\/wp\/v2\/categories?post=4215"},{"taxonomy":"post_tag","embeddable":true,"href":"https:\/\/www.univ-mosta.dz\/vrcc\/wp-json\/wp\/v2\/tags?post=4215"}],"curies":[{"name":"wp","href":"https:\/\/api.w.org\/{rel}","templated":true}]}}