{"id":4065,"date":"2021-11-21T11:25:37","date_gmt":"2021-11-21T10:25:37","guid":{"rendered":"https:\/\/www.univ-mosta.dz\/vrcc\/?p=4065"},"modified":"2021-11-22T12:22:37","modified_gmt":"2021-11-22T11:22:37","slug":"visite-de-travail-de-madame-la-ministre-plenipotentiaire-chargee-daffaires-ai-et-madame-lattache-culturelle-de-lambassade-de-madagascar","status":"publish","type":"post","link":"https:\/\/www.univ-mosta.dz\/vrcc\/visite-de-travail-de-madame-la-ministre-plenipotentiaire-chargee-daffaires-ai-et-madame-lattache-culturelle-de-lambassade-de-madagascar\/","title":{"rendered":"Visite de Travail de  Madame la Ministre Pl\u00e9nipotentiaire charg\u00e9e d\u2019Affaires AI et Madame l\u2019attach\u00e9 Culturelle de l\u2019Ambassade de Madagascar"},"content":{"rendered":"<p style=\"text-align: justify\">Madame la vice-rectrice des Relations Ext\u00e9rieures,\u00a0 la Coop\u00e9ration,\u00a0\u00a0l&rsquo;Animation, la Communication et les Manifestations Scientifiques, Professeur BENOUNINE Hadjira et Monsieur le Vice-recteur de la Formation Sup\u00e9rieure du Premier et Deuxi\u00e8me Cycle, la Formation Continue et les Dipl\u00f4mes, et la Formation Sup\u00e9rieure de Graduation, Dr YAHLA Houari \u00a0ont re\u00e7us Madame\u00a0 Jeannie Berthina RAFALIMANANA, Ministre Pl\u00e9nipotentiaire et charg\u00e9e d\u2019Affaires AI \u00a0et Madame l\u2019attach\u00e9 Culturelle de l\u2019Ambassade de Madagascar \u00a0le Mardi 16 d\u00e9cembre 2021 au si\u00e8ge du Rectorat.<\/p>\n<p style=\"font-weight: 400;text-align: justify\">Cette visite rentre dans le cadre de l\u2019accompagnement des \u00e9tudiants Malgache inscrits \u00e0 l\u2019universit\u00e9 Abdelhamid Ibn Badis, Mostaganem. Les deux parties ont pass\u00e9 en revue les diff\u00e9rents domaines possibles de coop\u00e9ration et d\u2019\u00e9change interuniversitaire.<\/p>\n<p>[tie_slideshow]<\/p>\n<p>[tie_slide]\u00a0<img loading=\"lazy\" decoding=\"async\" class=\" wp-image-4067 aligncenter\" src=\"http:\/\/www.univ-mosta.dz\/vrcc\/wp-content\/uploads\/sites\/13\/2021\/11\/20211116_142828-300x225.jpg\" alt=\"\" width=\"894\" height=\"671\" srcset=\"https:\/\/www.univ-mosta.dz\/vrcc\/wp-content\/uploads\/sites\/13\/2021\/11\/20211116_142828-300x225.jpg 300w, https:\/\/www.univ-mosta.dz\/vrcc\/wp-content\/uploads\/sites\/13\/2021\/11\/20211116_142828-1024x768.jpg 1024w, https:\/\/www.univ-mosta.dz\/vrcc\/wp-content\/uploads\/sites\/13\/2021\/11\/20211116_142828-768x576.jpg 768w, https:\/\/www.univ-mosta.dz\/vrcc\/wp-content\/uploads\/sites\/13\/2021\/11\/20211116_142828-1536x1152.jpg 1536w, https:\/\/www.univ-mosta.dz\/vrcc\/wp-content\/uploads\/sites\/13\/2021\/11\/20211116_142828-2048x1536.jpg 2048w\" sizes=\"auto, (max-width: 894px) 100vw, 894px\" \/>[\/tie_slide]<\/p>\n<p>[tie_slide]<img loading=\"lazy\" decoding=\"async\" class=\" wp-image-4066 aligncenter\" src=\"http:\/\/www.univ-mosta.dz\/vrcc\/wp-content\/uploads\/sites\/13\/2021\/11\/20211116_133918-300x225.jpg\" alt=\"\" width=\"868\" height=\"651\" srcset=\"https:\/\/www.univ-mosta.dz\/vrcc\/wp-content\/uploads\/sites\/13\/2021\/11\/20211116_133918-300x225.jpg 300w, https:\/\/www.univ-mosta.dz\/vrcc\/wp-content\/uploads\/sites\/13\/2021\/11\/20211116_133918-1024x768.jpg 1024w, https:\/\/www.univ-mosta.dz\/vrcc\/wp-content\/uploads\/sites\/13\/2021\/11\/20211116_133918-768x576.jpg 768w, https:\/\/www.univ-mosta.dz\/vrcc\/wp-content\/uploads\/sites\/13\/2021\/11\/20211116_133918-1536x1152.jpg 1536w, https:\/\/www.univ-mosta.dz\/vrcc\/wp-content\/uploads\/sites\/13\/2021\/11\/20211116_133918-2048x1536.jpg 2048w\" sizes=\"auto, (max-width: 868px) 100vw, 868px\" \/>[\/tie_slide]<\/p>\n<p>[\/tie_slideshow]<\/p>\n","protected":false},"excerpt":{"rendered":"<p>Madame la vice-rectrice des Relations Ext\u00e9rieures,\u00a0 la Coop\u00e9ration,\u00a0\u00a0l&rsquo;Animation, la Communication et les Manifestations Scientifiques, Professeur BENOUNINE Hadjira et Monsieur le Vice-recteur de la Formation Sup\u00e9rieure du Premier et Deuxi\u00e8me Cycle, &hellip;<\/p>\n","protected":false},"author":15,"featured_media":4067,"comment_status":"closed","ping_status":"closed","sticky":false,"template":"","format":"standard","meta":{"_coblocks_attr":"","_coblocks_dimensions":"","_coblocks_responsive_height":"","_coblocks_accordion_ie_support":"","_EventAllDay":false,"_EventTimezone":"","_EventStartDate":"","_EventEndDate":"","_EventStartDateUTC":"","_EventEndDateUTC":"","_EventShowMap":false,"_EventShowMapLink":false,"_EventURL":"","_EventCost":"","_EventCostDescription":"","_EventCurrencySymbol":"","_EventCurrencyCode":"","_EventCurrencyPosition":"","_EventDateTimeSeparator":"","_EventTimeRangeSeparator":"","_EventOrganizerID":[],"_EventVenueID":[],"_OrganizerEmail":"","_OrganizerPhone":"","_OrganizerWebsite":"","_VenueAddress":"","_VenueCity":"","_VenueCountry":"","_VenueProvince":"","_VenueState":"","_VenueZip":"","_VenuePhone":"","_VenueURL":"","_VenueStateProvince":"","_VenueLat":"","_VenueLng":"","_VenueShowMap":false,"_VenueShowMapLink":false,"footnotes":""},"categories":[3,188],"tags":[],"class_list":["post-4065","post","type-post","status-publish","format-standard","has-post-thumbnail","hentry","category-actualites","category-cooperation"],"_links":{"self":[{"href":"https:\/\/www.univ-mosta.dz\/vrcc\/wp-json\/wp\/v2\/posts\/4065","targetHints":{"allow":["GET"]}}],"collection":[{"href":"https:\/\/www.univ-mosta.dz\/vrcc\/wp-json\/wp\/v2\/posts"}],"about":[{"href":"https:\/\/www.univ-mosta.dz\/vrcc\/wp-json\/wp\/v2\/types\/post"}],"author":[{"embeddable":true,"href":"https:\/\/www.univ-mosta.dz\/vrcc\/wp-json\/wp\/v2\/users\/15"}],"replies":[{"embeddable":true,"href":"https:\/\/www.univ-mosta.dz\/vrcc\/wp-json\/wp\/v2\/comments?post=4065"}],"version-history":[{"count":2,"href":"https:\/\/www.univ-mosta.dz\/vrcc\/wp-json\/wp\/v2\/posts\/4065\/revisions"}],"predecessor-version":[{"id":4096,"href":"https:\/\/www.univ-mosta.dz\/vrcc\/wp-json\/wp\/v2\/posts\/4065\/revisions\/4096"}],"wp:featuredmedia":[{"embeddable":true,"href":"https:\/\/www.univ-mosta.dz\/vrcc\/wp-json\/wp\/v2\/media\/4067"}],"wp:attachment":[{"href":"https:\/\/www.univ-mosta.dz\/vrcc\/wp-json\/wp\/v2\/media?parent=4065"}],"wp:term":[{"taxonomy":"category","embeddable":true,"href":"https:\/\/www.univ-mosta.dz\/vrcc\/wp-json\/wp\/v2\/categories?post=4065"},{"taxonomy":"post_tag","embeddable":true,"href":"https:\/\/www.univ-mosta.dz\/vrcc\/wp-json\/wp\/v2\/tags?post=4065"}],"curies":[{"name":"wp","href":"https:\/\/api.w.org\/{rel}","templated":true}]}}