{"id":3808,"date":"2021-11-04T09:56:03","date_gmt":"2021-11-04T08:56:03","guid":{"rendered":"https:\/\/www.univ-mosta.dz\/vrcc\/?p=3808"},"modified":"2021-11-04T09:56:03","modified_gmt":"2021-11-04T08:56:03","slug":"appel-a-candidature-pour-des-residences-de-recherche-a-limera-aix-marseille-universite","status":"publish","type":"post","link":"https:\/\/www.univ-mosta.dz\/vrcc\/appel-a-candidature-pour-des-residences-de-recherche-a-limera-aix-marseille-universite\/","title":{"rendered":"Appel \u00e0 candidature pour des r\u00e9sidences de recherche \u00e0 l\u2019IM\u00e9RA, Aix-Marseille Universit\u00e9"},"content":{"rendered":"<div>\n<div style=\"text-align: justify\"><span style=\"font-size: 12pt\">L\u2019appel annuel \u00e0 candidature de<strong><span style=\"color: #ffcc00\"> l\u2019Institut d\u2019\u00e9tudes avanc\u00e9es d\u2019Aix Marseille Universit\u00e9 (IM\u00e9RA)<\/span><\/strong>, pour des r\u00e9sidences en 2022-23, a \u00e9t\u00e9 lanc\u00e9 et sera ouvert jusqu\u2019au <strong><span style=\"color: #ff0000\">15 novembre 2021<\/span><\/strong>.<\/span><\/div>\n<p style=\"text-align: justify\">\n<\/div>\n<div>\n<ul>\n<li style=\"text-align: justify\"><span style=\"font-size: 12pt\">La plateforme de candidatures est accessible via le lien suivant\u00a0:\u00a0<span style=\"color: #0000ff\"><a style=\"color: #0000ff\" href=\"https:\/\/candidatures-imera.univ-amu.fr\/fr\" target=\"_blank\" rel=\"nofollow noopener\" data-saferedirecturl=\"https:\/\/www.google.com\/url?q=https:\/\/candidatures-imera.univ-amu.fr\/fr&amp;source=gmail&amp;ust=1636032641702000&amp;usg=AFQjCNFLTSQ-z7V5XQYhbnlWy60AU0twcQ\">Fondation IM\u00e9RA \u2013 Appels \u00e0 candidatures<\/a><\/span><\/span><\/li>\n<li style=\"text-align: justify\"><span style=\"font-size: 12pt\">Pour plus d\u2019information il faut cliquer sur le lien suivant : <\/span><span style=\"color: #0000ff\"><a style=\"font-size: 12pt;color: #0000ff\" href=\"https:\/\/imera.univ-amu.fr\/\" target=\"_blank\" rel=\"nofollow noopener\" data-saferedirecturl=\"https:\/\/www.google.com\/url?q=https:\/\/imera.univ-amu.fr\/&amp;source=gmail&amp;ust=1636032641702000&amp;usg=AFQjCNEwaTm620wNnEq4v0hFuyxEzemZdg\">Fondation IM\u00e9RA \u2013 Institut d\u2019\u00e9tudes avanc\u00e9es \u2013 Aix Marseille Universit\u00e9<\/a><\/span><span style=\"font-size: 12pt\">\u00a0<\/span><\/li>\n<\/ul>\n<p><img loading=\"lazy\" decoding=\"async\" class=\"wp-image-3809 aligncenter\" src=\"http:\/\/www.univ-mosta.dz\/vrcc\/wp-content\/uploads\/sites\/13\/2021\/11\/IMeRA-Aix-Marseille-300x300.png\" alt=\"\" width=\"1002\" height=\"1002\" srcset=\"https:\/\/www.univ-mosta.dz\/vrcc\/wp-content\/uploads\/sites\/13\/2021\/11\/IMeRA-Aix-Marseille-300x300.png 300w, https:\/\/www.univ-mosta.dz\/vrcc\/wp-content\/uploads\/sites\/13\/2021\/11\/IMeRA-Aix-Marseille-150x150.png 150w, https:\/\/www.univ-mosta.dz\/vrcc\/wp-content\/uploads\/sites\/13\/2021\/11\/IMeRA-Aix-Marseille.png 356w\" sizes=\"auto, (max-width: 1002px) 100vw, 1002px\" \/><\/p>\n<\/div>\n","protected":false},"excerpt":{"rendered":"<p>L\u2019appel annuel \u00e0 candidature de l\u2019Institut d\u2019\u00e9tudes avanc\u00e9es d\u2019Aix Marseille Universit\u00e9 (IM\u00e9RA), pour des r\u00e9sidences en 2022-23, a \u00e9t\u00e9 lanc\u00e9 et sera ouvert jusqu\u2019au 15 novembre 2021. La plateforme de &hellip;<\/p>\n","protected":false},"author":15,"featured_media":3809,"comment_status":"closed","ping_status":"closed","sticky":false,"template":"","format":"standard","meta":{"_coblocks_attr":"","_coblocks_dimensions":"","_coblocks_responsive_height":"","_coblocks_accordion_ie_support":"","_EventAllDay":false,"_EventTimezone":"","_EventStartDate":"","_EventEndDate":"","_EventStartDateUTC":"","_EventEndDateUTC":"","_EventShowMap":false,"_EventShowMapLink":false,"_EventURL":"","_EventCost":"","_EventCostDescription":"","_EventCurrencySymbol":"","_EventCurrencyCode":"","_EventCurrencyPosition":"","_EventDateTimeSeparator":"","_EventTimeRangeSeparator":"","_EventOrganizerID":[],"_EventVenueID":[],"_OrganizerEmail":"","_OrganizerPhone":"","_OrganizerWebsite":"","_VenueAddress":"","_VenueCity":"","_VenueCountry":"","_VenueProvince":"","_VenueState":"","_VenueZip":"","_VenuePhone":"","_VenueURL":"","_VenueStateProvince":"","_VenueLat":"","_VenueLng":"","_VenueShowMap":false,"_VenueShowMapLink":false,"footnotes":""},"categories":[3],"tags":[],"class_list":["post-3808","post","type-post","status-publish","format-standard","has-post-thumbnail","hentry","category-actualites"],"_links":{"self":[{"href":"https:\/\/www.univ-mosta.dz\/vrcc\/wp-json\/wp\/v2\/posts\/3808","targetHints":{"allow":["GET"]}}],"collection":[{"href":"https:\/\/www.univ-mosta.dz\/vrcc\/wp-json\/wp\/v2\/posts"}],"about":[{"href":"https:\/\/www.univ-mosta.dz\/vrcc\/wp-json\/wp\/v2\/types\/post"}],"author":[{"embeddable":true,"href":"https:\/\/www.univ-mosta.dz\/vrcc\/wp-json\/wp\/v2\/users\/15"}],"replies":[{"embeddable":true,"href":"https:\/\/www.univ-mosta.dz\/vrcc\/wp-json\/wp\/v2\/comments?post=3808"}],"version-history":[{"count":1,"href":"https:\/\/www.univ-mosta.dz\/vrcc\/wp-json\/wp\/v2\/posts\/3808\/revisions"}],"predecessor-version":[{"id":3810,"href":"https:\/\/www.univ-mosta.dz\/vrcc\/wp-json\/wp\/v2\/posts\/3808\/revisions\/3810"}],"wp:featuredmedia":[{"embeddable":true,"href":"https:\/\/www.univ-mosta.dz\/vrcc\/wp-json\/wp\/v2\/media\/3809"}],"wp:attachment":[{"href":"https:\/\/www.univ-mosta.dz\/vrcc\/wp-json\/wp\/v2\/media?parent=3808"}],"wp:term":[{"taxonomy":"category","embeddable":true,"href":"https:\/\/www.univ-mosta.dz\/vrcc\/wp-json\/wp\/v2\/categories?post=3808"},{"taxonomy":"post_tag","embeddable":true,"href":"https:\/\/www.univ-mosta.dz\/vrcc\/wp-json\/wp\/v2\/tags?post=3808"}],"curies":[{"name":"wp","href":"https:\/\/api.w.org\/{rel}","templated":true}]}}