{"id":3578,"date":"2021-10-14T12:15:00","date_gmt":"2021-10-14T10:15:00","guid":{"rendered":"https:\/\/www.univ-mosta.dz\/vrcc\/?p=3578"},"modified":"2021-10-14T12:55:25","modified_gmt":"2021-10-14T10:55:25","slug":"luniversite-de-mostaganem-prend-part-aux-journees-de-celebration-des-erasmus-days","status":"publish","type":"post","link":"https:\/\/www.univ-mosta.dz\/vrcc\/luniversite-de-mostaganem-prend-part-aux-journees-de-celebration-des-erasmus-days\/","title":{"rendered":"L\u2019universit\u00e9 de Mostaganem prend part aux journ\u00e9es de c\u00e9l\u00e9bration des Erasmus days"},"content":{"rendered":"\n<p class=\"has-medium-font-size\">Dans le cadre des <strong>Erasmus Days 2021<\/strong>,\u00a0le vice rectorat des relations\u00a0 internationales et de la coop\u00e9ration de l&rsquo;universit\u00e9 de Mostaganem\u00a0 marque sa pr\u00e9sence durant ces journ\u00e9es de c\u00e9l\u00e9bration avec un programme riche \u00e0 savoir<\/p>\n\n\n\n<p class=\"has-medium-font-size\"><strong>1.<\/strong> <strong>Boosting students&rsquo; employability skills through Erasmus+ :<\/strong><\/p>\n\n\n\n<p class=\"has-medium-font-size\">    Qui se tiendra le <strong><span style=\"color:#cf2e2e\" class=\"tadv-color\">samedi 16 octobre 2021<\/span><\/strong> \u00e0 <span style=\"color:#cf2e2e\" class=\"tadv-color\"><strong>14 heure<\/strong><\/span> via le lien zoom Suivant :<\/p>\n\n\n\n<ul class=\"wp-block-list\" style=\"font-size:18px\"><li><strong>Lien Zoom :<\/strong> <br><a href=\"https:\/\/us06web.zoom.us\/j\/88531695197?pwd=WnZ4OG5vcTZCbjhEVjF0V3pCUUlFdz09\" target=\"_blank\" rel=\"noreferrer noopener\"><kbd><span class=\"has-inline-color has-vivid-cyan-blue-color\">https:\/\/us06web.zoom.us\/j\/88531695197?pwd=WnZ4OG5vcTZCbjhEVjF0V3pCUUlFdz09<\/span><\/kbd><\/a><\/li><li><strong>ID de r\u00e9union\u00a0:<\/strong> 885 3169 5197<\/li><li><strong>Code secret\u00a0:<\/strong> 107093<\/li><\/ul>\n\n\n\n<p><\/p>\n\n\n\n<div class=\"wp-block-image\"><figure class=\"aligncenter size-full is-resized\"><a href=\"https:\/\/us06web.zoom.us\/j\/88531695197?pwd=WnZ4OG5vcTZCbjhEVjF0V3pCUUlFdz09\" target=\"_blank\" rel=\"noopener\"><img loading=\"lazy\" decoding=\"async\" src=\"https:\/\/www.univ-mosta.dz\/vrcc\/wp-content\/uploads\/sites\/13\/2021\/10\/Boosting-students-employability-skills.jpg.png\" alt=\"\" class=\"wp-image-3580\" width=\"398\" height=\"687\" srcset=\"https:\/\/www.univ-mosta.dz\/vrcc\/wp-content\/uploads\/sites\/13\/2021\/10\/Boosting-students-employability-skills.jpg.png 250w, https:\/\/www.univ-mosta.dz\/vrcc\/wp-content\/uploads\/sites\/13\/2021\/10\/Boosting-students-employability-skills.jpg-174x300.png 174w\" sizes=\"auto, (max-width: 398px) 100vw, 398px\" \/><\/a><figcaption><strong>Boosting students&rsquo; employability skills through Erasmus+<\/strong><\/figcaption><\/figure><\/div>\n\n\n\n<p><\/p>\n\n\n\n<p><\/p>\n\n\n\n<p class=\"has-medium-font-size\"><strong>2. Jean Monnet Actions in the field of higher education :<\/strong><\/p>\n\n\n\n<p class=\"has-medium-font-size\">Qui se tiendra le <strong><strong><span style=\"color:#cf2e2e\" class=\"tadv-color\">samedi 16 octobre 2021<\/span><\/strong><\/strong> \u00e0<strong> <\/strong><span style=\"color:#cf2e2e\" class=\"tadv-color\"><span style=\"color:#cf2e2e\" class=\"tadv-color\"><strong>16 heure<\/strong><\/span><\/span><strong><span style=\"color:#cf2e2e\" class=\"tadv-color\"><strong><span style=\"color:#cf2e2e\" class=\"tadv-color\"><strong> <\/strong><\/span><\/strong><\/span><\/strong>via le lien zoom suivant :<\/p>\n\n\n\n<div class=\"wp-block-group\"><div class=\"wp-block-group__inner-container is-layout-flow wp-block-group-is-layout-flow\">\n<ul class=\"wp-block-list\" style=\"font-size:18px\"><li><strong>Lien Zoom :<\/strong> <br><a href=\"https:\/\/us06web.zoom.us\/j\/82646476642?pwd=bUJ1TnM4SUNvMFVvMTd5SDc3NlZpQT09\" rel=\"noreferrer noopener\" target=\"_blank\"><span class=\"has-inline-color has-vivid-cyan-blue-color\"><kbd>https:\/\/us06web.zoom.us\/j\/82646476642?pwd=bUJ1TnM4SUNvMFVvMTd5SDc3NlZpQT09<\/kbd><\/span><\/a><\/li><\/ul>\n\n\n\n<ul class=\"wp-block-list\" style=\"font-size:18px\"><li><strong>ID de r\u00e9union&nbsp;:<\/strong> 826 4647 6642<\/li><\/ul>\n\n\n\n<ul class=\"wp-block-list\" style=\"font-size:18px\"><li><strong>Code secret\u00a0:<\/strong> 682257<\/li><\/ul>\n<\/div><\/div>\n\n\n\n<p><\/p>\n\n\n\n<div class=\"wp-block-image\"><figure class=\"aligncenter size-large is-resized\"><a href=\"https:\/\/us06web.zoom.us\/j\/82646476642?pwd=bUJ1TnM4SUNvMFVvMTd5SDc3NlZpQT09\" target=\"_blank\" rel=\"noopener\"><img loading=\"lazy\" decoding=\"async\" src=\"https:\/\/www.univ-mosta.dz\/vrcc\/wp-content\/uploads\/sites\/13\/2021\/10\/Jean-Monnet-Actions-in-the-field-of-higher-education-1-1024x512.jpg\" alt=\"\" class=\"wp-image-3579\" width=\"626\" height=\"313\" srcset=\"https:\/\/www.univ-mosta.dz\/vrcc\/wp-content\/uploads\/sites\/13\/2021\/10\/Jean-Monnet-Actions-in-the-field-of-higher-education-1-1024x512.jpg 1024w, https:\/\/www.univ-mosta.dz\/vrcc\/wp-content\/uploads\/sites\/13\/2021\/10\/Jean-Monnet-Actions-in-the-field-of-higher-education-1-300x150.jpg 300w, https:\/\/www.univ-mosta.dz\/vrcc\/wp-content\/uploads\/sites\/13\/2021\/10\/Jean-Monnet-Actions-in-the-field-of-higher-education-1-768x384.jpg 768w, https:\/\/www.univ-mosta.dz\/vrcc\/wp-content\/uploads\/sites\/13\/2021\/10\/Jean-Monnet-Actions-in-the-field-of-higher-education-1-1536x768.jpg 1536w, https:\/\/www.univ-mosta.dz\/vrcc\/wp-content\/uploads\/sites\/13\/2021\/10\/Jean-Monnet-Actions-in-the-field-of-higher-education-1-2048x1024.jpg 2048w, https:\/\/www.univ-mosta.dz\/vrcc\/wp-content\/uploads\/sites\/13\/2021\/10\/Jean-Monnet-Actions-in-the-field-of-higher-education-1-660x330.jpg 660w, https:\/\/www.univ-mosta.dz\/vrcc\/wp-content\/uploads\/sites\/13\/2021\/10\/Jean-Monnet-Actions-in-the-field-of-higher-education-1-1050x525.jpg 1050w\" sizes=\"auto, (max-width: 626px) 100vw, 626px\" \/><\/a><figcaption> <strong>Jean Monnet Actions in the field of higher education<\/strong> <\/figcaption><\/figure><\/div>\n\n\n\n<h4 class=\"has-text-align-center wp-block-heading\"><strong>Toute la communaut\u00e9 universitaire est invit\u00e9e \u00e0 suivre les activit\u00e9s des Erasmus Days en ligne via l\u2019application ZOOM<\/strong><\/h4>\n\n\n\n<h4 class=\"has-text-align-center wp-block-heading\"><strong>Soyez nombreux \u00e0 suivre nos activit\u00e9s<\/strong>.<\/h4>\n","protected":false},"excerpt":{"rendered":"<p>Dans le cadre des Erasmus Days 2021,\u00a0le vice rectorat des relations\u00a0 internationales et de la coop\u00e9ration de l&rsquo;universit\u00e9 de Mostaganem\u00a0 marque sa pr\u00e9sence durant ces journ\u00e9es de c\u00e9l\u00e9bration avec un &hellip;<\/p>\n","protected":false},"author":15,"featured_media":3598,"comment_status":"closed","ping_status":"closed","sticky":false,"template":"","format":"standard","meta":{"_coblocks_attr":"","_coblocks_dimensions":"","_coblocks_responsive_height":"","_coblocks_accordion_ie_support":"","_EventAllDay":false,"_EventTimezone":"","_EventStartDate":"","_EventEndDate":"","_EventStartDateUTC":"","_EventEndDateUTC":"","_EventShowMap":false,"_EventShowMapLink":false,"_EventURL":"","_EventCost":"","_EventCostDescription":"","_EventCurrencySymbol":"","_EventCurrencyCode":"","_EventCurrencyPosition":"","_EventDateTimeSeparator":"","_EventTimeRangeSeparator":"","_EventOrganizerID":[],"_EventVenueID":[],"_OrganizerEmail":"","_OrganizerPhone":"","_OrganizerWebsite":"","_VenueAddress":"","_VenueCity":"","_VenueCountry":"","_VenueProvince":"","_VenueState":"","_VenueZip":"","_VenuePhone":"","_VenueURL":"","_VenueStateProvince":"","_VenueLat":"","_VenueLng":"","_VenueShowMap":false,"_VenueShowMapLink":false,"footnotes":""},"categories":[3],"tags":[],"class_list":["post-3578","post","type-post","status-publish","format-standard","has-post-thumbnail","hentry","category-actualites"],"_links":{"self":[{"href":"https:\/\/www.univ-mosta.dz\/vrcc\/wp-json\/wp\/v2\/posts\/3578","targetHints":{"allow":["GET"]}}],"collection":[{"href":"https:\/\/www.univ-mosta.dz\/vrcc\/wp-json\/wp\/v2\/posts"}],"about":[{"href":"https:\/\/www.univ-mosta.dz\/vrcc\/wp-json\/wp\/v2\/types\/post"}],"author":[{"embeddable":true,"href":"https:\/\/www.univ-mosta.dz\/vrcc\/wp-json\/wp\/v2\/users\/15"}],"replies":[{"embeddable":true,"href":"https:\/\/www.univ-mosta.dz\/vrcc\/wp-json\/wp\/v2\/comments?post=3578"}],"version-history":[{"count":10,"href":"https:\/\/www.univ-mosta.dz\/vrcc\/wp-json\/wp\/v2\/posts\/3578\/revisions"}],"predecessor-version":[{"id":3597,"href":"https:\/\/www.univ-mosta.dz\/vrcc\/wp-json\/wp\/v2\/posts\/3578\/revisions\/3597"}],"wp:featuredmedia":[{"embeddable":true,"href":"https:\/\/www.univ-mosta.dz\/vrcc\/wp-json\/wp\/v2\/media\/3598"}],"wp:attachment":[{"href":"https:\/\/www.univ-mosta.dz\/vrcc\/wp-json\/wp\/v2\/media?parent=3578"}],"wp:term":[{"taxonomy":"category","embeddable":true,"href":"https:\/\/www.univ-mosta.dz\/vrcc\/wp-json\/wp\/v2\/categories?post=3578"},{"taxonomy":"post_tag","embeddable":true,"href":"https:\/\/www.univ-mosta.dz\/vrcc\/wp-json\/wp\/v2\/tags?post=3578"}],"curies":[{"name":"wp","href":"https:\/\/api.w.org\/{rel}","templated":true}]}}