{"id":2813,"date":"2021-06-24T12:33:51","date_gmt":"2021-06-24T10:33:51","guid":{"rendered":"https:\/\/www.univ-mosta.dz\/vrcc\/?p=2813"},"modified":"2021-06-24T12:33:51","modified_gmt":"2021-06-24T10:33:51","slug":"programme-de-mobilites-sud-sud-doctorant%c2%b7e%c2%b7s-et-post-doctorant%c2%b7e%c2%b7s-en-sciences-environnementales","status":"publish","type":"post","link":"https:\/\/www.univ-mosta.dz\/vrcc\/programme-de-mobilites-sud-sud-doctorant%c2%b7e%c2%b7s-et-post-doctorant%c2%b7e%c2%b7s-en-sciences-environnementales\/","title":{"rendered":"Programme De Mobilit\u00e9s Sud-Sud : Doctorant\u00b7e\u00b7s Et Post-Doctorant\u00b7e\u00b7s En Sciences Environnementales"},"content":{"rendered":"<p style=\"text-align: justify\"><span style=\"font-family: tahoma, arial, helvetica, sans-serif\">L\u2019AUF lance un appel \u00e0 candidatures dans le cadre de son nouveau programme de mobilit\u00e9s doctorales et postdoctorales Sud-Sud. Ce dispositif permet aux doctorants et post-doctorants de b\u00e9n\u00e9ficier d\u2019une allocation financi\u00e8re pour une mobilit\u00e9 de recherche de 2 \u00e0 3 mois dans un domaine li\u00e9 \u00e0 la protection de l\u2019environnement. L\u2019appel est ouvert jusqu\u2019au\u00a0<span style=\"color: #ff0000\"><strong>15 juillet<\/strong>.<\/span><\/span><\/p>\n<p style=\"text-align: left\"><span style=\"font-family: tahoma, arial, helvetica, sans-serif\"><strong>Pour plus de d\u00e9tails, veuillez\u00a0 consulter le lien suivant :\u00a0<\/strong><\/span><\/p>\n<p style=\"text-align: center\"><span style=\"font-family: tahoma, arial, helvetica, sans-serif\"> <span style=\"color: #0000ff\"><a style=\"color: #0000ff\" href=\"https:\/\/www.auf.org\/nouvelles\/appels-a-candidatures\/programme-de-mobilites-sud-sud-doctorants-post-doctorants-sciences-environnementales\/?fbclid=IwAR2vNfTLtGPf2QCTT9KD9FqeigbQ-hKPBkcEGbI-Uit2jaHDpl5JCHw6J2k\" target=\"_blank\" rel=\"noopener\">https:\/\/www.auf.org\/nouvelles\/appels-a-candidatures\/programme-de-mobilites-sud-sud-doctorants-post-doctorants-sciences-environnementales\/?fbclid=IwAR2vNfTLtGPf2QCTT9KD9FqeigbQ-hKPBkcEGbI-Uit2jaHDpl5JCHw6J2k<\/a><\/span><\/span><\/p>\n<p><a href=\"https:\/\/www.auf.org\/nouvelles\/appels-a-candidatures\/programme-de-mobilites-sud-sud-doctorants-post-doctorants-sciences-environnementales\/?fbclid=IwAR2vNfTLtGPf2QCTT9KD9FqeigbQ-hKPBkcEGbI-Uit2jaHDpl5JCHw6J2k\"><img loading=\"lazy\" decoding=\"async\" class=\"aligncenter wp-image-2814\" src=\"http:\/\/www.univ-mosta.dz\/vrcc\/wp-content\/uploads\/sites\/13\/2021\/06\/Bannie\u0300re-AUF-ok-700x467-1.jpg\" alt=\"\" width=\"684\" height=\"456\" srcset=\"https:\/\/www.univ-mosta.dz\/vrcc\/wp-content\/uploads\/sites\/13\/2021\/06\/Bannie\u0300re-AUF-ok-700x467-1.jpg 700w, https:\/\/www.univ-mosta.dz\/vrcc\/wp-content\/uploads\/sites\/13\/2021\/06\/Bannie\u0300re-AUF-ok-700x467-1-300x200.jpg 300w\" sizes=\"auto, (max-width: 684px) 100vw, 684px\" \/><\/a><\/p>\n","protected":false},"excerpt":{"rendered":"<p>L\u2019AUF lance un appel \u00e0 candidatures dans le cadre de son nouveau programme de mobilit\u00e9s doctorales et postdoctorales Sud-Sud. Ce dispositif permet aux doctorants et post-doctorants de b\u00e9n\u00e9ficier d\u2019une allocation &hellip;<\/p>\n","protected":false},"author":15,"featured_media":2814,"comment_status":"closed","ping_status":"closed","sticky":false,"template":"","format":"standard","meta":{"_coblocks_attr":"","_coblocks_dimensions":"","_coblocks_responsive_height":"","_coblocks_accordion_ie_support":"","_EventAllDay":false,"_EventTimezone":"","_EventStartDate":"","_EventEndDate":"","_EventStartDateUTC":"","_EventEndDateUTC":"","_EventShowMap":false,"_EventShowMapLink":false,"_EventURL":"","_EventCost":"","_EventCostDescription":"","_EventCurrencySymbol":"","_EventCurrencyCode":"","_EventCurrencyPosition":"","_EventDateTimeSeparator":"","_EventTimeRangeSeparator":"","_EventOrganizerID":[],"_EventVenueID":[],"_OrganizerEmail":"","_OrganizerPhone":"","_OrganizerWebsite":"","_VenueAddress":"","_VenueCity":"","_VenueCountry":"","_VenueProvince":"","_VenueState":"","_VenueZip":"","_VenuePhone":"","_VenueURL":"","_VenueStateProvince":"","_VenueLat":"","_VenueLng":"","_VenueShowMap":false,"_VenueShowMapLink":false,"footnotes":""},"categories":[3],"tags":[],"class_list":["post-2813","post","type-post","status-publish","format-standard","has-post-thumbnail","hentry","category-actualites"],"_links":{"self":[{"href":"https:\/\/www.univ-mosta.dz\/vrcc\/wp-json\/wp\/v2\/posts\/2813","targetHints":{"allow":["GET"]}}],"collection":[{"href":"https:\/\/www.univ-mosta.dz\/vrcc\/wp-json\/wp\/v2\/posts"}],"about":[{"href":"https:\/\/www.univ-mosta.dz\/vrcc\/wp-json\/wp\/v2\/types\/post"}],"author":[{"embeddable":true,"href":"https:\/\/www.univ-mosta.dz\/vrcc\/wp-json\/wp\/v2\/users\/15"}],"replies":[{"embeddable":true,"href":"https:\/\/www.univ-mosta.dz\/vrcc\/wp-json\/wp\/v2\/comments?post=2813"}],"version-history":[{"count":1,"href":"https:\/\/www.univ-mosta.dz\/vrcc\/wp-json\/wp\/v2\/posts\/2813\/revisions"}],"predecessor-version":[{"id":2815,"href":"https:\/\/www.univ-mosta.dz\/vrcc\/wp-json\/wp\/v2\/posts\/2813\/revisions\/2815"}],"wp:featuredmedia":[{"embeddable":true,"href":"https:\/\/www.univ-mosta.dz\/vrcc\/wp-json\/wp\/v2\/media\/2814"}],"wp:attachment":[{"href":"https:\/\/www.univ-mosta.dz\/vrcc\/wp-json\/wp\/v2\/media?parent=2813"}],"wp:term":[{"taxonomy":"category","embeddable":true,"href":"https:\/\/www.univ-mosta.dz\/vrcc\/wp-json\/wp\/v2\/categories?post=2813"},{"taxonomy":"post_tag","embeddable":true,"href":"https:\/\/www.univ-mosta.dz\/vrcc\/wp-json\/wp\/v2\/tags?post=2813"}],"curies":[{"name":"wp","href":"https:\/\/api.w.org\/{rel}","templated":true}]}}