{"id":2809,"date":"2021-06-24T11:37:47","date_gmt":"2021-06-24T09:37:47","guid":{"rendered":"https:\/\/www.univ-mosta.dz\/vrcc\/?p=2809"},"modified":"2021-06-24T12:20:22","modified_gmt":"2021-06-24T10:20:22","slug":"premieres-assises-de-la-francophonie-scientifique-appel-a-communications","status":"publish","type":"post","link":"https:\/\/www.univ-mosta.dz\/vrcc\/premieres-assises-de-la-francophonie-scientifique-appel-a-communications\/","title":{"rendered":"Premi\u00e8res Assises De La Francophonie Scientifique : Appel \u00c0 Communications"},"content":{"rendered":"<p style=\"text-align: justify\"><span style=\"font-family: tahoma, arial, helvetica, sans-serif\">L\u2019Universit\u00e9 de Mostaganem Abdelhamid Ibn Badis est destinataire d\u2019un appel \u00e0 communications lanc\u00e9 par l\u2019<strong>Agence Universitaire de la Francophonie\u00a0<\/strong>dans le cadre des Premi\u00e8res Assises de la Francophonie Scientifique. Cet appel invite les enseignant-e-s, les chercheur-e-s, les sp\u00e9cialistes ou les expert-e-s \u00e0 se manifester pour partager leurs exp\u00e9riences et proposer des actions concr\u00e8tes et novatrices dans la th\u00e9matique de leur choix.\u00a0L\u2018appel est ouvert jusqu\u2019au<strong>\u00a0<span style=\"color: #ff0000\">30 juin 2021.<\/span><\/strong><\/span><\/p>\n<p style=\"text-align: justify\"><span style=\"font-family: tahoma, arial, helvetica, sans-serif\">Les\u00a0<strong>Premi\u00e8res Assises de la Francophonie Scientifique<\/strong>\u00a0se d\u00e9rouleront les\u00a0<strong>22 et 23 septembre 2021<\/strong>\u00a0pendant l\u2019Assembl\u00e9e g\u00e9n\u00e9rale de l\u2019AUF. Elles proposeront un cadre d\u2019\u00e9changes et de r\u00e9flexions \u00a0autour des enjeux majeurs de la Francophonie scientifique.<\/span><\/p>\n<p style=\"text-align: justify\"><span style=\"font-family: tahoma, arial, helvetica, sans-serif\">Elles seront organis\u00e9es en\u00a0<strong>10 ateliers th\u00e9matiques<\/strong>\u00a0interactifs et parall\u00e8les\u00a0:<\/span><\/p>\n<ul style=\"text-align: justify\">\n<li><span style=\"font-family: tahoma, arial, helvetica, sans-serif\">5 ateliers\u00a0<strong>disciplinaires<\/strong>: les sciences de la sant\u00e9, les sciences et techniques, les sciences humaines, les sciences sociales et sciences de gestion ;<\/span><\/li>\n<li><span style=\"font-family: tahoma, arial, helvetica, sans-serif\">5 ateliers\u00a0<strong>strat\u00e9giques<\/strong>: \u00a0la coop\u00e9ration internationale, la transformation num\u00e9rique, l\u2019employabilit\u00e9, l\u2019innovation p\u00e9dagogique et la valorisation de la recherche.<br \/>\n<\/span><\/li>\n<\/ul>\n<p style=\"text-align: left\"><span style=\"font-family: tahoma, arial, helvetica, sans-serif\"><strong>Pour plus de d\u00e9tails, veuillez\u00a0 consulter le lien suivant :<\/strong><\/span><\/p>\n<p style=\"text-align: center\"><span style=\"font-family: tahoma, arial, helvetica, sans-serif\"><span style=\"color: #0000ff\"><a style=\"color: #0000ff\" href=\"https:\/\/www.auf.org\/nouvelles\/appels-a-candidatures\/premieres-assises-de-francophonie-scientifique-appel-a-communications\/\" target=\"_blank\" rel=\"noopener\">https:\/\/www.auf.org\/nouvelles\/appels-a-candidatures\/premieres-assises-de-francophonie-scientifique-appel-a-communications\/<\/a><\/span><\/span><\/p>\n","protected":false},"excerpt":{"rendered":"<p>L\u2019Universit\u00e9 de Mostaganem Abdelhamid Ibn Badis est destinataire d\u2019un appel \u00e0 communications lanc\u00e9 par l\u2019Agence Universitaire de la Francophonie\u00a0dans le cadre des Premi\u00e8res Assises de la Francophonie Scientifique. Cet appel &hellip;<\/p>\n","protected":false},"author":15,"featured_media":2810,"comment_status":"closed","ping_status":"closed","sticky":false,"template":"","format":"standard","meta":{"_coblocks_attr":"","_coblocks_dimensions":"","_coblocks_responsive_height":"","_coblocks_accordion_ie_support":"","_EventAllDay":false,"_EventTimezone":"","_EventStartDate":"","_EventEndDate":"","_EventStartDateUTC":"","_EventEndDateUTC":"","_EventShowMap":false,"_EventShowMapLink":false,"_EventURL":"","_EventCost":"","_EventCostDescription":"","_EventCurrencySymbol":"","_EventCurrencyCode":"","_EventCurrencyPosition":"","_EventDateTimeSeparator":"","_EventTimeRangeSeparator":"","_EventOrganizerID":[],"_EventVenueID":[],"_OrganizerEmail":"","_OrganizerPhone":"","_OrganizerWebsite":"","_VenueAddress":"","_VenueCity":"","_VenueCountry":"","_VenueProvince":"","_VenueState":"","_VenueZip":"","_VenuePhone":"","_VenueURL":"","_VenueStateProvince":"","_VenueLat":"","_VenueLng":"","_VenueShowMap":false,"_VenueShowMapLink":false,"footnotes":""},"categories":[3],"tags":[],"class_list":["post-2809","post","type-post","status-publish","format-standard","has-post-thumbnail","hentry","category-actualites"],"_links":{"self":[{"href":"https:\/\/www.univ-mosta.dz\/vrcc\/wp-json\/wp\/v2\/posts\/2809","targetHints":{"allow":["GET"]}}],"collection":[{"href":"https:\/\/www.univ-mosta.dz\/vrcc\/wp-json\/wp\/v2\/posts"}],"about":[{"href":"https:\/\/www.univ-mosta.dz\/vrcc\/wp-json\/wp\/v2\/types\/post"}],"author":[{"embeddable":true,"href":"https:\/\/www.univ-mosta.dz\/vrcc\/wp-json\/wp\/v2\/users\/15"}],"replies":[{"embeddable":true,"href":"https:\/\/www.univ-mosta.dz\/vrcc\/wp-json\/wp\/v2\/comments?post=2809"}],"version-history":[{"count":2,"href":"https:\/\/www.univ-mosta.dz\/vrcc\/wp-json\/wp\/v2\/posts\/2809\/revisions"}],"predecessor-version":[{"id":2812,"href":"https:\/\/www.univ-mosta.dz\/vrcc\/wp-json\/wp\/v2\/posts\/2809\/revisions\/2812"}],"wp:featuredmedia":[{"embeddable":true,"href":"https:\/\/www.univ-mosta.dz\/vrcc\/wp-json\/wp\/v2\/media\/2810"}],"wp:attachment":[{"href":"https:\/\/www.univ-mosta.dz\/vrcc\/wp-json\/wp\/v2\/media?parent=2809"}],"wp:term":[{"taxonomy":"category","embeddable":true,"href":"https:\/\/www.univ-mosta.dz\/vrcc\/wp-json\/wp\/v2\/categories?post=2809"},{"taxonomy":"post_tag","embeddable":true,"href":"https:\/\/www.univ-mosta.dz\/vrcc\/wp-json\/wp\/v2\/tags?post=2809"}],"curies":[{"name":"wp","href":"https:\/\/api.w.org\/{rel}","templated":true}]}}