{"id":2804,"date":"2021-06-24T11:17:51","date_gmt":"2021-06-24T09:17:51","guid":{"rendered":"https:\/\/www.univ-mosta.dz\/vrcc\/?p=2804"},"modified":"2021-06-24T11:17:51","modified_gmt":"2021-06-24T09:17:51","slug":"appel-a-projets-international-auf-covid-19-2","status":"publish","type":"post","link":"https:\/\/www.univ-mosta.dz\/vrcc\/appel-a-projets-international-auf-covid-19-2\/","title":{"rendered":"Appel \u00c0 Projets International AUF COVID-19.2"},"content":{"rendered":"<p style=\"text-align: justify\"><span style=\"font-family: tahoma, arial, helvetica, sans-serif\">Dans le cadre de son plan COVID-19 <strong>l\u2019AUF<\/strong> a lanc\u00e9 du 10 avril au 5 mai 2020, un premier appel \u00e0 projets international pour soutenir, au sein de ses \u00e9tablissements membres, des initiatives d\u2019\u00e9tudiant\u00b7e\u00b7s, d\u2019\u00e9l\u00e8ves-ing\u00e9nieur\u00b7e\u00b7s et de jeunes chercheur\u00b7e\u00b7s li\u00e9es \u00e0 la pand\u00e9mie. Un montant d\u2019un million d\u2019euros a \u00e9t\u00e9 d\u00e9bloqu\u00e9 pour financer 92 projets issus de 87 \u00e9tablissements membres dans 44 pays. L\u2019AUF, attentive et sensible \u00e0 l\u2019\u00e9volution de la pand\u00e9mie qui continue \u00e0 s\u00e9vir lance un nouvel appel international \u00ab AUF-COVID-19.2 \u00bb en \u00e9largissant la typologie des projets \u00e9ligibles. L\u2019appel est ouvert jusqu\u2019au\u00a0<span style=\"color: #ff0000\"><strong>15 juillet 2021.<\/strong><\/span><\/span><\/p>\n<p><span style=\"font-family: tahoma, arial, helvetica, sans-serif\"><strong>Pour plus de d\u00e9tails, veuillez\u00a0 consulter le lien suivant :<\/strong><\/span><\/p>\n<p><span style=\"color: #0000ff;font-family: tahoma, arial, helvetica, sans-serif\"><a style=\"color: #0000ff\" href=\"https:\/\/www.auf.org\/nouvelles\/appels-a-candidatures\/appel-a-projets-international-auf-covid-19-2\/\" target=\"_blank\" rel=\"noopener\">https:\/\/www.auf.org\/nouvelles\/appels-a-candidatures\/appel-a-projets-international-auf-covid-19-2\/<\/a><\/span><\/p>\n<p><a href=\"https:\/\/www.auf.org\/nouvelles\/appels-a-candidatures\/appel-a-projets-international-auf-covid-19-2\/\"><img loading=\"lazy\" decoding=\"async\" class=\"aligncenter wp-image-2805\" src=\"http:\/\/www.univ-mosta.dz\/vrcc\/wp-content\/uploads\/sites\/13\/2021\/06\/Appel-a-projet-mobilisation-Twitter-700x404-1.jpg\" alt=\"\" width=\"681\" height=\"393\" srcset=\"https:\/\/www.univ-mosta.dz\/vrcc\/wp-content\/uploads\/sites\/13\/2021\/06\/Appel-a-projet-mobilisation-Twitter-700x404-1.jpg 700w, https:\/\/www.univ-mosta.dz\/vrcc\/wp-content\/uploads\/sites\/13\/2021\/06\/Appel-a-projet-mobilisation-Twitter-700x404-1-300x173.jpg 300w\" sizes=\"auto, (max-width: 681px) 100vw, 681px\" \/><\/a><\/p>\n","protected":false},"excerpt":{"rendered":"<p>Dans le cadre de son plan COVID-19 l\u2019AUF a lanc\u00e9 du 10 avril au 5 mai 2020, un premier appel \u00e0 projets international pour soutenir, au sein de ses \u00e9tablissements &hellip;<\/p>\n","protected":false},"author":15,"featured_media":2805,"comment_status":"closed","ping_status":"closed","sticky":false,"template":"","format":"standard","meta":{"_coblocks_attr":"","_coblocks_dimensions":"","_coblocks_responsive_height":"","_coblocks_accordion_ie_support":"","_EventAllDay":false,"_EventTimezone":"","_EventStartDate":"","_EventEndDate":"","_EventStartDateUTC":"","_EventEndDateUTC":"","_EventShowMap":false,"_EventShowMapLink":false,"_EventURL":"","_EventCost":"","_EventCostDescription":"","_EventCurrencySymbol":"","_EventCurrencyCode":"","_EventCurrencyPosition":"","_EventDateTimeSeparator":"","_EventTimeRangeSeparator":"","_EventOrganizerID":[],"_EventVenueID":[],"_OrganizerEmail":"","_OrganizerPhone":"","_OrganizerWebsite":"","_VenueAddress":"","_VenueCity":"","_VenueCountry":"","_VenueProvince":"","_VenueState":"","_VenueZip":"","_VenuePhone":"","_VenueURL":"","_VenueStateProvince":"","_VenueLat":"","_VenueLng":"","_VenueShowMap":false,"_VenueShowMapLink":false,"footnotes":""},"categories":[3,9],"tags":[],"class_list":["post-2804","post","type-post","status-publish","format-standard","has-post-thumbnail","hentry","category-actualites","category-projets-internationaux"],"_links":{"self":[{"href":"https:\/\/www.univ-mosta.dz\/vrcc\/wp-json\/wp\/v2\/posts\/2804","targetHints":{"allow":["GET"]}}],"collection":[{"href":"https:\/\/www.univ-mosta.dz\/vrcc\/wp-json\/wp\/v2\/posts"}],"about":[{"href":"https:\/\/www.univ-mosta.dz\/vrcc\/wp-json\/wp\/v2\/types\/post"}],"author":[{"embeddable":true,"href":"https:\/\/www.univ-mosta.dz\/vrcc\/wp-json\/wp\/v2\/users\/15"}],"replies":[{"embeddable":true,"href":"https:\/\/www.univ-mosta.dz\/vrcc\/wp-json\/wp\/v2\/comments?post=2804"}],"version-history":[{"count":1,"href":"https:\/\/www.univ-mosta.dz\/vrcc\/wp-json\/wp\/v2\/posts\/2804\/revisions"}],"predecessor-version":[{"id":2806,"href":"https:\/\/www.univ-mosta.dz\/vrcc\/wp-json\/wp\/v2\/posts\/2804\/revisions\/2806"}],"wp:featuredmedia":[{"embeddable":true,"href":"https:\/\/www.univ-mosta.dz\/vrcc\/wp-json\/wp\/v2\/media\/2805"}],"wp:attachment":[{"href":"https:\/\/www.univ-mosta.dz\/vrcc\/wp-json\/wp\/v2\/media?parent=2804"}],"wp:term":[{"taxonomy":"category","embeddable":true,"href":"https:\/\/www.univ-mosta.dz\/vrcc\/wp-json\/wp\/v2\/categories?post=2804"},{"taxonomy":"post_tag","embeddable":true,"href":"https:\/\/www.univ-mosta.dz\/vrcc\/wp-json\/wp\/v2\/tags?post=2804"}],"curies":[{"name":"wp","href":"https:\/\/api.w.org\/{rel}","templated":true}]}}