{"id":2782,"date":"2021-06-10T15:05:00","date_gmt":"2021-06-10T13:05:00","guid":{"rendered":"https:\/\/www.univ-mosta.dz\/vrcc\/?p=2782"},"modified":"2021-06-10T15:06:14","modified_gmt":"2021-06-10T13:06:14","slug":"appel-a-candidature-au-prix-unesco-juan-bosch-pour-la-promotion-de-la-recherche-en-sciences-sociales-en-amerique-latine-et-dans-les-caraibes-edition-2021","status":"publish","type":"post","link":"https:\/\/www.univ-mosta.dz\/vrcc\/appel-a-candidature-au-prix-unesco-juan-bosch-pour-la-promotion-de-la-recherche-en-sciences-sociales-en-amerique-latine-et-dans-les-caraibes-edition-2021\/","title":{"rendered":"Appel \u00c0 Candidature Au Prix UNESCO\/Juan Bosch Pour La Promotion De La Recherche En Sciences Sociales En Am\u00e9rique Latine Et Dans Les Cara\u00efbes, \u00c9dition 2021"},"content":{"rendered":"<p style=\"text-align: justify\">L\u2019universit\u00e9 Abdelhamid Ibn Badis-Mostaganem a le plaisir de vous informer que L\u2019UNISCO vient de lancer un appel \u00e0 candidature au prix\u00a0<strong>UNESCO\/Juan Bosch<\/strong>\u00a0pour la promotion de la recherche en sciences sociales en Am\u00e9rique latine et dans les cara\u00efbes, \u00e9dition 2021<\/p>\n<ul class=\"bs-shortcode-list list-style-check\" style=\"text-align: justify\">\n<li>Candidatures \u00e0 envoyer sur : <span style=\"color: #333399\"><a style=\"color: #333399\" href=\"mailto:premio.juan.bosch@unesco.org\">premio.juan.bosch@unesco.org<\/a><\/span><\/li>\n<li>Date limite de candidature :\u00a0<span style=\"color: #ff0000\"><strong>31 Juillet 2021<\/strong><\/span><\/li>\n<\/ul>\n<p style=\"text-align: justify\">Pour plus de d\u00e9tails, veuillez\u00a0 consulter le lien suivant :<\/p>\n<p style=\"text-align: justify\"><a href=\"https:\/\/en.unesco.org\/news\/unesco-seeks-nominations-juan-bosch-prize-2021\" target=\"_blank\" rel=\"noopener\"><span style=\"color: #0000ff\">https:\/\/en.unesco.org\/news\/unesco-seeks-nominations-juan-bosch-prize-2021<\/span><\/a><\/p>\n","protected":false},"excerpt":{"rendered":"<p>L\u2019universit\u00e9 Abdelhamid Ibn Badis-Mostaganem a le plaisir de vous informer que L\u2019UNISCO vient de lancer un appel \u00e0 candidature au prix\u00a0UNESCO\/Juan Bosch\u00a0pour la promotion de la recherche en sciences sociales &hellip;<\/p>\n","protected":false},"author":15,"featured_media":2783,"comment_status":"closed","ping_status":"closed","sticky":false,"template":"","format":"standard","meta":{"_coblocks_attr":"","_coblocks_dimensions":"","_coblocks_responsive_height":"","_coblocks_accordion_ie_support":"","_EventAllDay":false,"_EventTimezone":"","_EventStartDate":"","_EventEndDate":"","_EventStartDateUTC":"","_EventEndDateUTC":"","_EventShowMap":false,"_EventShowMapLink":false,"_EventURL":"","_EventCost":"","_EventCostDescription":"","_EventCurrencySymbol":"","_EventCurrencyCode":"","_EventCurrencyPosition":"","_EventDateTimeSeparator":"","_EventTimeRangeSeparator":"","_EventOrganizerID":[],"_EventVenueID":[],"_OrganizerEmail":"","_OrganizerPhone":"","_OrganizerWebsite":"","_VenueAddress":"","_VenueCity":"","_VenueCountry":"","_VenueProvince":"","_VenueState":"","_VenueZip":"","_VenuePhone":"","_VenueURL":"","_VenueStateProvince":"","_VenueLat":"","_VenueLng":"","_VenueShowMap":false,"_VenueShowMapLink":false,"footnotes":""},"categories":[3],"tags":[],"class_list":["post-2782","post","type-post","status-publish","format-standard","has-post-thumbnail","hentry","category-actualites"],"_links":{"self":[{"href":"https:\/\/www.univ-mosta.dz\/vrcc\/wp-json\/wp\/v2\/posts\/2782","targetHints":{"allow":["GET"]}}],"collection":[{"href":"https:\/\/www.univ-mosta.dz\/vrcc\/wp-json\/wp\/v2\/posts"}],"about":[{"href":"https:\/\/www.univ-mosta.dz\/vrcc\/wp-json\/wp\/v2\/types\/post"}],"author":[{"embeddable":true,"href":"https:\/\/www.univ-mosta.dz\/vrcc\/wp-json\/wp\/v2\/users\/15"}],"replies":[{"embeddable":true,"href":"https:\/\/www.univ-mosta.dz\/vrcc\/wp-json\/wp\/v2\/comments?post=2782"}],"version-history":[{"count":3,"href":"https:\/\/www.univ-mosta.dz\/vrcc\/wp-json\/wp\/v2\/posts\/2782\/revisions"}],"predecessor-version":[{"id":2786,"href":"https:\/\/www.univ-mosta.dz\/vrcc\/wp-json\/wp\/v2\/posts\/2782\/revisions\/2786"}],"wp:featuredmedia":[{"embeddable":true,"href":"https:\/\/www.univ-mosta.dz\/vrcc\/wp-json\/wp\/v2\/media\/2783"}],"wp:attachment":[{"href":"https:\/\/www.univ-mosta.dz\/vrcc\/wp-json\/wp\/v2\/media?parent=2782"}],"wp:term":[{"taxonomy":"category","embeddable":true,"href":"https:\/\/www.univ-mosta.dz\/vrcc\/wp-json\/wp\/v2\/categories?post=2782"},{"taxonomy":"post_tag","embeddable":true,"href":"https:\/\/www.univ-mosta.dz\/vrcc\/wp-json\/wp\/v2\/tags?post=2782"}],"curies":[{"name":"wp","href":"https:\/\/api.w.org\/{rel}","templated":true}]}}