{"id":2673,"date":"2021-06-01T10:47:21","date_gmt":"2021-06-01T08:47:21","guid":{"rendered":"https:\/\/www.univ-mosta.dz\/vrcc\/?p=2673"},"modified":"2021-06-01T16:52:31","modified_gmt":"2021-06-01T14:52:31","slug":"deuxieme-journee-detude-sur-levaluation-et-la-valorisation-des-ressources-marines-littorales-jeevrml-2","status":"publish","type":"post","link":"https:\/\/www.univ-mosta.dz\/vrcc\/deuxieme-journee-detude-sur-levaluation-et-la-valorisation-des-ressources-marines-littorales-jeevrml-2\/","title":{"rendered":"Deuxi\u00e8me Journ\u00e9e d\u2019Etude sur l\u2019Evaluation et la Valorisation des Ressources Marines Littorales (JEEVRML-2)"},"content":{"rendered":"<p style=\"text-align: center\"><span style=\"font-size: 12pt;font-family: tahoma, arial, helvetica, sans-serif\">A l\u2019occasion de la journ\u00e9e mondiale de l\u2019oc\u00e9an ayant pour th\u00e8me cette ann\u00e9e :<\/span><\/p>\n<p style=\"text-align: center\"><span style=\"font-size: 14pt;font-family: tahoma, arial, helvetica, sans-serif;color: #3366ff\"><strong>\u00ab<\/strong> <strong>L&rsquo;oc\u00e9an : vie et subsistance \u00bb<\/strong><\/span><\/p>\n<p style=\"text-align: justify\"><span style=\"font-size: 12pt;font-family: tahoma, arial, helvetica, sans-serif\"> L&rsquo;Universit\u00e9 Abdelhamid Ibn Badis Mostaganem a le plaisir de vous informer que le <em>laboratoire de protection, valorisation des ressources marines littorales et syst\u00e9matique mol\u00e9culaires (LPVRMLSM)<\/em> de la <em>facult\u00e9 des sciences de la nature et de la vie<\/em> <strong>organise <span style=\"color: #ff0000\">le 08 juin 2021<\/span> au site III :<\/strong><\/span><\/p>\n<blockquote>\n<p style=\"text-align: center\"><span style=\"font-size: 12pt;font-family: tahoma, arial, helvetica, sans-serif\"><strong>la Deuxi\u00e8me Journ\u00e9e d\u2019Etude sur <\/strong><\/span><span style=\"font-size: 12pt;font-family: tahoma, arial, helvetica, sans-serif\"><strong>l\u2019Evaluation et la Valorisation des Ressources Marines Littorales (JEEVRML-2)<\/strong><\/span><\/p>\n<\/blockquote>\n<p style=\"text-align: justify\"><span style=\"font-size: 12pt;font-family: tahoma, arial, helvetica, sans-serif\"><strong>\u232a<\/strong> Appel \u00e0 communication et format de l\u2019article : <strong><span style=\"color: #0000ff\"><a style=\"color: #0000ff\" href=\"http:\/\/www.univ-mosta.dz\/vrcc\/wp-content\/uploads\/sites\/13\/2021\/06\/Annonce_Journee_JNEVRML.pdf\">T\u00e9l\u00e9chargement<\/a><\/span><\/strong><\/span><\/p>\n<p><span style=\"font-size: 12pt;font-family: tahoma, arial, helvetica, sans-serif\"><strong>\u232a<\/strong> Flyer de la journ\u00e9e JNEVRML : <strong><span style=\"color: #0000ff\"><a style=\"color: #0000ff\" href=\"http:\/\/www.univ-mosta.dz\/vrcc\/wp-content\/uploads\/sites\/13\/2021\/06\/Flayer_Journee_JNEVRML-2_24-05-2021.pdf\">T\u00e9l\u00e9chargement<\/a><\/span><\/strong> <\/span><\/p>\n<p><strong style=\"font-family: tahoma, arial, helvetica, sans-serif;font-size: 12pt;text-align: justify\">\u232a<\/strong><span style=\"font-family: tahoma, arial, helvetica, sans-serif;font-size: 12pt;text-align: justify\"> Formulaire d&rsquo;inscription\u00a0:<\/span><strong style=\"font-family: tahoma, arial, helvetica, sans-serif;font-size: 12pt;text-align: justify\"> <span style=\"color: #0000ff\"><a style=\"color: #0000ff\" href=\"http:\/\/www.univ-mosta.dz\/vrcc\/wp-content\/uploads\/sites\/13\/2021\/06\/Fiche-dInscription_SNV.pdf\" target=\"_blank\" rel=\"noopener\">T\u00e9l\u00e9chargement<\/a><\/span><\/strong><\/p>\n<p><img loading=\"lazy\" decoding=\"async\" class=\"wp-image-2685 aligncenter\" src=\"http:\/\/www.univ-mosta.dz\/vrcc\/wp-content\/uploads\/sites\/13\/2021\/06\/3-scaled.jpg\" alt=\"\" width=\"618\" height=\"437\" srcset=\"https:\/\/www.univ-mosta.dz\/vrcc\/wp-content\/uploads\/sites\/13\/2021\/06\/3-scaled.jpg 2560w, https:\/\/www.univ-mosta.dz\/vrcc\/wp-content\/uploads\/sites\/13\/2021\/06\/3-300x212.jpg 300w, https:\/\/www.univ-mosta.dz\/vrcc\/wp-content\/uploads\/sites\/13\/2021\/06\/3-1024x724.jpg 1024w, https:\/\/www.univ-mosta.dz\/vrcc\/wp-content\/uploads\/sites\/13\/2021\/06\/3-768x543.jpg 768w, https:\/\/www.univ-mosta.dz\/vrcc\/wp-content\/uploads\/sites\/13\/2021\/06\/3-1536x1086.jpg 1536w, https:\/\/www.univ-mosta.dz\/vrcc\/wp-content\/uploads\/sites\/13\/2021\/06\/3-2048x1448.jpg 2048w\" sizes=\"auto, (max-width: 618px) 100vw, 618px\" \/><\/p>\n<p style=\"text-align: justify\">[box type=\u00a0\u00bbinfo\u00a0\u00bb align=\u00a0\u00bbaligncenter\u00a0\u00bb class=\u00a0\u00bb\u00a0\u00bb width=\u00a0\u00bb\u00a0\u00bb]<span style=\"font-size: 12pt;font-family: tahoma, arial, helvetica, sans-serif\">Date limite de r\u00e9ception des r\u00e9sum\u00e9s\u00a0: <strong>02 Juin 2021<\/strong><\/span><\/p>\n<p style=\"text-align: justify\"><span style=\"font-size: 12pt;font-family: tahoma, arial, helvetica, sans-serif\">Confirmation de la participation\u00a0: <strong>04 Juin 2021<\/strong><\/span>[\/box]<\/p>\n<p>[box type=\u00a0\u00bbshadow\u00a0\u00bb align=\u00a0\u00bb\u00a0\u00bb class=\u00a0\u00bb\u00a0\u00bb width=\u00a0\u00bb\u00a0\u00bb]<span style=\"font-family: tahoma, arial, helvetica, sans-serif;font-size: 12pt\">L\u2019inscription et la soumission des r\u00e9sum\u00e9s doivent se faire par adresse E-mail suivante : <span style=\"color: #000080\"><a style=\"color: #000080\" href=\"jnevrml.2.2021@gmail.com\">jnevrml.2.2021@gmail.com<\/a><\/span><\/span>[\/box]<\/p>\n<p style=\"text-align: justify\"><span style=\"font-size: 12pt;font-family: tahoma, arial, helvetica, sans-serif\"><strong>\u232a <u>Frais d\u2019inscription<\/u>\u00a0:<\/strong><\/span><\/p>\n<ul>\n<li style=\"text-align: justify\"><span style=\"font-size: 12pt;font-family: tahoma, arial, helvetica, sans-serif\">Etudiants\u00a0<strong>: 1500 DA,<\/strong><\/span><\/li>\n<li style=\"text-align: justify\"><span style=\"font-size: 12pt;font-family: tahoma, arial, helvetica, sans-serif\">Chercheurs &#8211; Enseignants <strong>: 2000 DA,<\/strong><\/span><\/li>\n<li style=\"text-align: justify\"><span style=\"font-size: 12pt;font-family: tahoma, arial, helvetica, sans-serif;color: #ff0000\">Payable le jour de la journ\u00e9e d\u2019\u00e9tude.<\/span><\/li>\n<\/ul>\n","protected":false},"excerpt":{"rendered":"<p>A l\u2019occasion de la journ\u00e9e mondiale de l\u2019oc\u00e9an ayant pour th\u00e8me cette ann\u00e9e : \u00ab L&rsquo;oc\u00e9an : vie et subsistance \u00bb L&rsquo;Universit\u00e9 Abdelhamid Ibn Badis Mostaganem a le plaisir de &hellip;<\/p>\n","protected":false},"author":15,"featured_media":2679,"comment_status":"closed","ping_status":"closed","sticky":false,"template":"","format":"standard","meta":{"_coblocks_attr":"","_coblocks_dimensions":"","_coblocks_responsive_height":"","_coblocks_accordion_ie_support":"","_EventAllDay":false,"_EventTimezone":"","_EventStartDate":"","_EventEndDate":"","_EventStartDateUTC":"","_EventEndDateUTC":"","_EventShowMap":false,"_EventShowMapLink":false,"_EventURL":"","_EventCost":"","_EventCostDescription":"","_EventCurrencySymbol":"","_EventCurrencyCode":"","_EventCurrencyPosition":"","_EventDateTimeSeparator":"","_EventTimeRangeSeparator":"","_EventOrganizerID":[],"_EventVenueID":[],"_OrganizerEmail":"","_OrganizerPhone":"","_OrganizerWebsite":"","_VenueAddress":"","_VenueCity":"","_VenueCountry":"","_VenueProvince":"","_VenueState":"","_VenueZip":"","_VenuePhone":"","_VenueURL":"","_VenueStateProvince":"","_VenueLat":"","_VenueLng":"","_VenueShowMap":false,"_VenueShowMapLink":false,"footnotes":""},"categories":[3,119,5],"tags":[],"class_list":["post-2673","post","type-post","status-publish","format-standard","has-post-thumbnail","hentry","category-actualites","category-journees-detudes","category-manifestations-scientifiques"],"_links":{"self":[{"href":"https:\/\/www.univ-mosta.dz\/vrcc\/wp-json\/wp\/v2\/posts\/2673","targetHints":{"allow":["GET"]}}],"collection":[{"href":"https:\/\/www.univ-mosta.dz\/vrcc\/wp-json\/wp\/v2\/posts"}],"about":[{"href":"https:\/\/www.univ-mosta.dz\/vrcc\/wp-json\/wp\/v2\/types\/post"}],"author":[{"embeddable":true,"href":"https:\/\/www.univ-mosta.dz\/vrcc\/wp-json\/wp\/v2\/users\/15"}],"replies":[{"embeddable":true,"href":"https:\/\/www.univ-mosta.dz\/vrcc\/wp-json\/wp\/v2\/comments?post=2673"}],"version-history":[{"count":11,"href":"https:\/\/www.univ-mosta.dz\/vrcc\/wp-json\/wp\/v2\/posts\/2673\/revisions"}],"predecessor-version":[{"id":2756,"href":"https:\/\/www.univ-mosta.dz\/vrcc\/wp-json\/wp\/v2\/posts\/2673\/revisions\/2756"}],"wp:featuredmedia":[{"embeddable":true,"href":"https:\/\/www.univ-mosta.dz\/vrcc\/wp-json\/wp\/v2\/media\/2679"}],"wp:attachment":[{"href":"https:\/\/www.univ-mosta.dz\/vrcc\/wp-json\/wp\/v2\/media?parent=2673"}],"wp:term":[{"taxonomy":"category","embeddable":true,"href":"https:\/\/www.univ-mosta.dz\/vrcc\/wp-json\/wp\/v2\/categories?post=2673"},{"taxonomy":"post_tag","embeddable":true,"href":"https:\/\/www.univ-mosta.dz\/vrcc\/wp-json\/wp\/v2\/tags?post=2673"}],"curies":[{"name":"wp","href":"https:\/\/api.w.org\/{rel}","templated":true}]}}