{"id":2442,"date":"2021-04-27T15:27:10","date_gmt":"2021-04-27T13:27:10","guid":{"rendered":"https:\/\/www.univ-mosta.dz\/vrcc\/?p=2442"},"modified":"2021-04-29T10:29:46","modified_gmt":"2021-04-29T08:29:46","slug":"appel-a-candidature-pour-des-cycles-de-formation-au-centre-de-developpement-de-carriere-de-luniversite-abdelhamid-ibn-badis-mostaganem","status":"publish","type":"post","link":"https:\/\/www.univ-mosta.dz\/vrcc\/appel-a-candidature-pour-des-cycles-de-formation-au-centre-de-developpement-de-carriere-de-luniversite-abdelhamid-ibn-badis-mostaganem\/","title":{"rendered":"Appel \u00e0 candidature pour des cycles de formation au Centre de D\u00e9veloppement de Carri\u00e8re UMAB"},"content":{"rendered":"<p style=\"text-align: center\"><strong>Appel \u00e0 candidature pour des cycles de formation au Centre de D\u00e9veloppement de Carri\u00e8re de l&rsquo;Universit\u00e9 Abdelhamid Ibn Badis &#8211; Mostaganem<\/strong><\/p>\n<p>&nbsp;<\/p>\n<p style=\"font-weight: 400;text-align: justify\">Le Centre de d\u00e9veloppement de carri\u00e8re de l&rsquo;Universit\u00e9 de Mostaganem annonce l&rsquo;organisation de plusieurs cycles de formation destin\u00e9s aux\u00a0\u00a0\u00e9tudiants de l&rsquo;universit\u00e9 de Mostaganem.<\/p>\n<p style=\"font-weight: 400;text-align: justify\">Nous invitons tous les \u00e9tudiants souhaitant s&rsquo;inscrire dans\u00a0ces cycles de formation \u00a0qui ont pour objectifs \u00a0le d\u00e9veloppement des \u00a0connaissances et\u00a0comp\u00e9tences des \u00e9tudiants professionnelles pour une meilleure insertion professionnelle \u00a0dans le\u00a0futur.<\/p>\n<p style=\"font-weight: 400;text-align: justify\">Les \u00e9tudiants souhaitant participer \u00e0 ces formations doivent s&rsquo;inscrire sur la plateforme \u00e9lectronique de l&rsquo;universit\u00e9 \u00e0 compter de la date de publication de cette annonce.<\/p>\n<ul>\n<li style=\"font-weight: 400;text-align: left\"><strong>Lien de la plateforme :<\/strong>\u00a0<span style=\"color: #0000ff\"><a style=\"color: #0000ff\" href=\"http:\/\/demande.univ-mosta.dz\/index.php?r=survey\/index&amp;sid=737387&amp;lang=fr\">http:\/\/demande.univ-mosta.dz\/index.php?r=survey\/index&amp;sid=737387&amp;lang=fr<\/a><\/span><\/li>\n<\/ul>\n<p style=\"font-weight: 400;text-align: justify\">Nous vous informons que les dates \u00a0des \u00a0diff\u00e9rents cycles de formations seront \u00a0annonc\u00e9es ult\u00e9rieurement via le site web de l\u2019universit\u00e9.<\/p>\n","protected":false},"excerpt":{"rendered":"<p>Appel \u00e0 candidature pour des cycles de formation au Centre de D\u00e9veloppement de Carri\u00e8re de l&rsquo;Universit\u00e9 Abdelhamid Ibn Badis &#8211; Mostaganem &nbsp; Le Centre de d\u00e9veloppement de carri\u00e8re de l&rsquo;Universit\u00e9 &hellip;<\/p>\n","protected":false},"author":15,"featured_media":2462,"comment_status":"closed","ping_status":"closed","sticky":false,"template":"","format":"standard","meta":{"_coblocks_attr":"","_coblocks_dimensions":"","_coblocks_responsive_height":"","_coblocks_accordion_ie_support":"","_EventAllDay":false,"_EventTimezone":"","_EventStartDate":"","_EventEndDate":"","_EventStartDateUTC":"","_EventEndDateUTC":"","_EventShowMap":false,"_EventShowMapLink":false,"_EventURL":"","_EventCost":"","_EventCostDescription":"","_EventCurrencySymbol":"","_EventCurrencyCode":"","_EventCurrencyPosition":"","_EventDateTimeSeparator":"","_EventTimeRangeSeparator":"","_EventOrganizerID":[],"_EventVenueID":[],"_OrganizerEmail":"","_OrganizerPhone":"","_OrganizerWebsite":"","_VenueAddress":"","_VenueCity":"","_VenueCountry":"","_VenueProvince":"","_VenueState":"","_VenueZip":"","_VenuePhone":"","_VenueURL":"","_VenueStateProvince":"","_VenueLat":"","_VenueLng":"","_VenueShowMap":false,"_VenueShowMapLink":false,"footnotes":""},"categories":[3],"tags":[],"class_list":["post-2442","post","type-post","status-publish","format-standard","has-post-thumbnail","hentry","category-actualites"],"_links":{"self":[{"href":"https:\/\/www.univ-mosta.dz\/vrcc\/wp-json\/wp\/v2\/posts\/2442","targetHints":{"allow":["GET"]}}],"collection":[{"href":"https:\/\/www.univ-mosta.dz\/vrcc\/wp-json\/wp\/v2\/posts"}],"about":[{"href":"https:\/\/www.univ-mosta.dz\/vrcc\/wp-json\/wp\/v2\/types\/post"}],"author":[{"embeddable":true,"href":"https:\/\/www.univ-mosta.dz\/vrcc\/wp-json\/wp\/v2\/users\/15"}],"replies":[{"embeddable":true,"href":"https:\/\/www.univ-mosta.dz\/vrcc\/wp-json\/wp\/v2\/comments?post=2442"}],"version-history":[{"count":5,"href":"https:\/\/www.univ-mosta.dz\/vrcc\/wp-json\/wp\/v2\/posts\/2442\/revisions"}],"predecessor-version":[{"id":2454,"href":"https:\/\/www.univ-mosta.dz\/vrcc\/wp-json\/wp\/v2\/posts\/2442\/revisions\/2454"}],"wp:featuredmedia":[{"embeddable":true,"href":"https:\/\/www.univ-mosta.dz\/vrcc\/wp-json\/wp\/v2\/media\/2462"}],"wp:attachment":[{"href":"https:\/\/www.univ-mosta.dz\/vrcc\/wp-json\/wp\/v2\/media?parent=2442"}],"wp:term":[{"taxonomy":"category","embeddable":true,"href":"https:\/\/www.univ-mosta.dz\/vrcc\/wp-json\/wp\/v2\/categories?post=2442"},{"taxonomy":"post_tag","embeddable":true,"href":"https:\/\/www.univ-mosta.dz\/vrcc\/wp-json\/wp\/v2\/tags?post=2442"}],"curies":[{"name":"wp","href":"https:\/\/api.w.org\/{rel}","templated":true}]}}