{"id":2194,"date":"2021-03-26T18:56:13","date_gmt":"2021-03-26T17:56:13","guid":{"rendered":"http:\/\/www.univ-mosta.dz\/vrcc\/?p=2194"},"modified":"2021-03-28T10:54:52","modified_gmt":"2021-03-28T08:54:52","slug":"lancement-de-lappel-a-propositions-et-le-guide-erasmus-2021","status":"publish","type":"post","link":"https:\/\/www.univ-mosta.dz\/vrcc\/lancement-de-lappel-a-propositions-et-le-guide-erasmus-2021\/","title":{"rendered":"Lancement de l\u2019appel \u00e0 propositions et le guide Erasmus+ 2021"},"content":{"rendered":"<p><img loading=\"lazy\" decoding=\"async\" class=\"size-full wp-image-2196 aligncenter\" src=\"http:\/\/www.univ-mosta.dz\/vrcc\/wp-content\/uploads\/sites\/13\/2021\/03\/logo-fr.png\" alt=\"\" width=\"290\" height=\"72\" \/><\/p>\n<p>La Commission europ\u00e9enne a lanc\u00e9 le 25 Mars 2021, le nouvel appel \u00e0 propositions et le guide Erasmus+ 2021.<\/p>\n<p>Les \u00e9tablissements d\u2019enseignement sup\u00e9rieur alg\u00e9riens sont \u00e9ligibles dans les actions Erasmus Mundus et les activit\u00e9s Jean Monnet.<\/p>\n<p>Le calendrier des appels \u00e0 propositions sont comme suit:<\/p>\n<ul>\n<li>Action Erasmus Mundus :<span style=\"color: #ff0000\"> 26 Mai 2021<\/span> \u00e0 <span style=\"color: #ff0000\">17h<\/span> ( Heure de Bruxelles)<\/li>\n<li>Action Jean Monnet : <span style=\"color: #ff0000\">2 Juin 2021<\/span> \u00e0 <span style=\"color: #ff0000\">17h<\/span> ( Heure de Bruxelles)<\/li>\n<\/ul>\n<p>En savoir plus :<span style=\"color: #0000ff\"><strong>\u00a0<\/strong><\/span><span style=\"color: #0000ff\"><a style=\"color: #0000ff\" href=\"https:\/\/erasmusplus.dz\/fr\/2021\/03\/25\/lancement-de-lappel-a-propositions-et-le-guide-erasmus-2021\/\">https:\/\/erasmusplus.dz\/fr\/2021\/03\/25\/lancement-de-lappel-a-propositions-et-le-guide-erasmus-2021\/<\/a><\/span><\/p>\n<p><span style=\"color: #333333\">Une session nationale d&rsquo;information ainsi que des sessions de formations d\u00e9di\u00e9es au\u00a0 montage des projets\u00a0seront incessamment\u00a0organis\u00e9es\u00a0 par\u00a0 l&rsquo;\u00e9quipe du Bureau National Erasmus+ Alg\u00e9rie.<\/span><\/p>\n","protected":false},"excerpt":{"rendered":"<p>La Commission europ\u00e9enne a lanc\u00e9 le 25 Mars 2021, le nouvel appel \u00e0 propositions et le guide Erasmus+ 2021. Les \u00e9tablissements d\u2019enseignement sup\u00e9rieur alg\u00e9riens sont \u00e9ligibles dans les actions Erasmus &hellip;<\/p>\n","protected":false},"author":15,"featured_media":2195,"comment_status":"closed","ping_status":"closed","sticky":false,"template":"","format":"standard","meta":{"_coblocks_attr":"","_coblocks_dimensions":"","_coblocks_responsive_height":"","_coblocks_accordion_ie_support":"","_EventAllDay":false,"_EventTimezone":"","_EventStartDate":"","_EventEndDate":"","_EventStartDateUTC":"","_EventEndDateUTC":"","_EventShowMap":false,"_EventShowMapLink":false,"_EventURL":"","_EventCost":"","_EventCostDescription":"","_EventCurrencySymbol":"","_EventCurrencyCode":"","_EventCurrencyPosition":"","_EventDateTimeSeparator":"","_EventTimeRangeSeparator":"","_EventOrganizerID":[],"_EventVenueID":[],"_OrganizerEmail":"","_OrganizerPhone":"","_OrganizerWebsite":"","_VenueAddress":"","_VenueCity":"","_VenueCountry":"","_VenueProvince":"","_VenueState":"","_VenueZip":"","_VenuePhone":"","_VenueURL":"","_VenueStateProvince":"","_VenueLat":"","_VenueLng":"","_VenueShowMap":false,"_VenueShowMapLink":false,"footnotes":""},"categories":[3],"tags":[],"class_list":["post-2194","post","type-post","status-publish","format-standard","has-post-thumbnail","hentry","category-actualites"],"_links":{"self":[{"href":"https:\/\/www.univ-mosta.dz\/vrcc\/wp-json\/wp\/v2\/posts\/2194","targetHints":{"allow":["GET"]}}],"collection":[{"href":"https:\/\/www.univ-mosta.dz\/vrcc\/wp-json\/wp\/v2\/posts"}],"about":[{"href":"https:\/\/www.univ-mosta.dz\/vrcc\/wp-json\/wp\/v2\/types\/post"}],"author":[{"embeddable":true,"href":"https:\/\/www.univ-mosta.dz\/vrcc\/wp-json\/wp\/v2\/users\/15"}],"replies":[{"embeddable":true,"href":"https:\/\/www.univ-mosta.dz\/vrcc\/wp-json\/wp\/v2\/comments?post=2194"}],"version-history":[{"count":4,"href":"https:\/\/www.univ-mosta.dz\/vrcc\/wp-json\/wp\/v2\/posts\/2194\/revisions"}],"predecessor-version":[{"id":2464,"href":"https:\/\/www.univ-mosta.dz\/vrcc\/wp-json\/wp\/v2\/posts\/2194\/revisions\/2464"}],"wp:featuredmedia":[{"embeddable":true,"href":"https:\/\/www.univ-mosta.dz\/vrcc\/wp-json\/wp\/v2\/media\/2195"}],"wp:attachment":[{"href":"https:\/\/www.univ-mosta.dz\/vrcc\/wp-json\/wp\/v2\/media?parent=2194"}],"wp:term":[{"taxonomy":"category","embeddable":true,"href":"https:\/\/www.univ-mosta.dz\/vrcc\/wp-json\/wp\/v2\/categories?post=2194"},{"taxonomy":"post_tag","embeddable":true,"href":"https:\/\/www.univ-mosta.dz\/vrcc\/wp-json\/wp\/v2\/tags?post=2194"}],"curies":[{"name":"wp","href":"https:\/\/api.w.org\/{rel}","templated":true}]}}