{"id":2105,"date":"2021-03-15T12:29:21","date_gmt":"2021-03-15T11:29:21","guid":{"rendered":"http:\/\/www.univ-mosta.dz\/vrcc\/?p=2105"},"modified":"2021-03-15T15:31:14","modified_gmt":"2021-03-15T14:31:14","slug":"visioconference-sur-le-programme-international-dechange-du-gouvernement-americain","status":"publish","type":"post","link":"https:\/\/www.univ-mosta.dz\/vrcc\/visioconference-sur-le-programme-international-dechange-du-gouvernement-americain\/","title":{"rendered":"Visioconf\u00e9rence Sur Le Programme International D&rsquo;\u00c9change Du Gouvernement Am\u00e9ricain"},"content":{"rendered":"<p>Dans le cadre de la strat\u00e9gie d&rsquo;ouverture de l&rsquo;Universit\u00e9 Alg\u00e9rienne sur l&rsquo;international d\u00e9velopp\u00e9e par le Minist\u00e8re de l&rsquo;Enseignement Sup\u00e9rieur et de la Recherche Scientifique, <b>Monsieur\u00a0Adam SIEGELEM<\/b>, Attach\u00e9 Culturel de l\u2019Ambassade des \u00c9tats-Unis en Alg\u00e9rie, pr\u00e9sentera en visioconf\u00e9rence les diff\u00e9rents<span style=\"color: #003366\"><strong><em> Programmes Internationaux d&rsquo;\u00c9changes du Gouvernement Am\u00e9ricain<\/em><\/strong>.<\/span><\/p>\n<p>L\u2019Universit\u00e9 Abdelhamid Ibn Badis, Mostaganem, invite\u00a0 l\u2019ensemble des <em>\u00e9tudiants<\/em> et des <em>enseignants<\/em> int\u00e9ress\u00e9s \u00e0 une visioconf\u00e9rence qui se tiendra \u00e0 <em><strong>l\u2019auditorium<\/strong> de la facult\u00e9 des sciences exactes et informatique<\/em> <em>&#8211;<b>FSEI<\/b>&#8211; <\/em><span style=\"color: #ff0000\"><span style=\"color: #000000\">le<\/span><b><span style=\"color: #000000\"> :<\/span><\/b><\/span><\/p>\n<h3 style=\"text-align: center\"><span style=\"color: #ff0000\"><b><span style=\"color: #ff6600\">Lundi 29 Mars 2021<\/span> <\/b><\/span><span style=\"color: #ff0000\"><b><span style=\"color: #000000\">\u00e0<\/span> <span style=\"color: #ff6600\">10:00h<\/span><\/b><\/span><\/h3>\n","protected":false},"excerpt":{"rendered":"<p>Dans le cadre de la strat\u00e9gie d&rsquo;ouverture de l&rsquo;Universit\u00e9 Alg\u00e9rienne sur l&rsquo;international d\u00e9velopp\u00e9e par le Minist\u00e8re de l&rsquo;Enseignement Sup\u00e9rieur et de la Recherche Scientifique, Monsieur\u00a0Adam SIEGELEM, Attach\u00e9 Culturel de l\u2019Ambassade &hellip;<\/p>\n","protected":false},"author":15,"featured_media":2106,"comment_status":"closed","ping_status":"closed","sticky":false,"template":"","format":"standard","meta":{"_coblocks_attr":"","_coblocks_dimensions":"","_coblocks_responsive_height":"","_coblocks_accordion_ie_support":"","_EventAllDay":false,"_EventTimezone":"","_EventStartDate":"","_EventEndDate":"","_EventStartDateUTC":"","_EventEndDateUTC":"","_EventShowMap":false,"_EventShowMapLink":false,"_EventURL":"","_EventCost":"","_EventCostDescription":"","_EventCurrencySymbol":"","_EventCurrencyCode":"","_EventCurrencyPosition":"","_EventDateTimeSeparator":"","_EventTimeRangeSeparator":"","_EventOrganizerID":[],"_EventVenueID":[],"_OrganizerEmail":"","_OrganizerPhone":"","_OrganizerWebsite":"","_VenueAddress":"","_VenueCity":"","_VenueCountry":"","_VenueProvince":"","_VenueState":"","_VenueZip":"","_VenuePhone":"","_VenueURL":"","_VenueStateProvince":"","_VenueLat":"","_VenueLng":"","_VenueShowMap":false,"_VenueShowMapLink":false,"footnotes":""},"categories":[3,5],"tags":[],"class_list":["post-2105","post","type-post","status-publish","format-standard","has-post-thumbnail","hentry","category-actualites","category-manifestations-scientifiques"],"_links":{"self":[{"href":"https:\/\/www.univ-mosta.dz\/vrcc\/wp-json\/wp\/v2\/posts\/2105","targetHints":{"allow":["GET"]}}],"collection":[{"href":"https:\/\/www.univ-mosta.dz\/vrcc\/wp-json\/wp\/v2\/posts"}],"about":[{"href":"https:\/\/www.univ-mosta.dz\/vrcc\/wp-json\/wp\/v2\/types\/post"}],"author":[{"embeddable":true,"href":"https:\/\/www.univ-mosta.dz\/vrcc\/wp-json\/wp\/v2\/users\/15"}],"replies":[{"embeddable":true,"href":"https:\/\/www.univ-mosta.dz\/vrcc\/wp-json\/wp\/v2\/comments?post=2105"}],"version-history":[{"count":6,"href":"https:\/\/www.univ-mosta.dz\/vrcc\/wp-json\/wp\/v2\/posts\/2105\/revisions"}],"predecessor-version":[{"id":2124,"href":"https:\/\/www.univ-mosta.dz\/vrcc\/wp-json\/wp\/v2\/posts\/2105\/revisions\/2124"}],"wp:featuredmedia":[{"embeddable":true,"href":"https:\/\/www.univ-mosta.dz\/vrcc\/wp-json\/wp\/v2\/media\/2106"}],"wp:attachment":[{"href":"https:\/\/www.univ-mosta.dz\/vrcc\/wp-json\/wp\/v2\/media?parent=2105"}],"wp:term":[{"taxonomy":"category","embeddable":true,"href":"https:\/\/www.univ-mosta.dz\/vrcc\/wp-json\/wp\/v2\/categories?post=2105"},{"taxonomy":"post_tag","embeddable":true,"href":"https:\/\/www.univ-mosta.dz\/vrcc\/wp-json\/wp\/v2\/tags?post=2105"}],"curies":[{"name":"wp","href":"https:\/\/api.w.org\/{rel}","templated":true}]}}