{"id":1869,"date":"2021-02-16T10:50:11","date_gmt":"2021-02-16T09:50:11","guid":{"rendered":"http:\/\/www.univ-mosta.dz\/vrcc\/?p=1869"},"modified":"2021-02-16T10:52:29","modified_gmt":"2021-02-16T09:52:29","slug":"cours-despagnol-en-ligne-a-luniversite-de-grenade-clm","status":"publish","type":"post","link":"https:\/\/www.univ-mosta.dz\/vrcc\/cours-despagnol-en-ligne-a-luniversite-de-grenade-clm\/","title":{"rendered":"COURS D&rsquo;ESPAGNOL EN LIGNE \u00c0 L&rsquo;UNIVERSIT\u00c9 DE GRENADE CLM"},"content":{"rendered":"<p>Le <em>Centre de langues modernes<\/em><span style=\"color: #ff6600\"><strong> (CLM)<\/strong><\/span> de <em>l&rsquo;Universit\u00e9 de Grenade<\/em> \u00a0propose de vous renseigner sur <span style=\"color: #ff6600\"><em>les cours<\/em><\/span> <span style=\"color: #ff6600\"><em>d&rsquo;espagnol en ligne.<\/em><\/span><\/p>\n<p>La situation actuelle du affecte le d\u00e9roulement normal des \u00e9tudes \u00e0 l&rsquo;\u00e9tranger et les programmes de mobilit\u00e9 internationale. En tant que centre leader dans la prestation de programmes de langue et de culture espagnoles, le <span style=\"color: #ff6600\"><strong>CLM <\/strong><\/span>est d\u00e9termin\u00e9 \u00e0 offrir une alternative viable \u00e0 tous les \u00e9tudiants internationaux d&rsquo;espagnol ainsi qu&rsquo;aux programmes et universit\u00e9s partenaires de <em>l&rsquo;Universit\u00e9 de Grenade<\/em>.<\/p>\n<p style=\"text-align: center\">[box type=\u00a0\u00bbshadow\u00a0\u00bb align=\u00a0\u00bb\u00a0\u00bb class=\u00a0\u00bb\u00a0\u00bb width=\u00a0\u00bb\u00a0\u00bb]<\/p>\n<p style=\"text-align: center\">Weblink :<\/p>\n<p style=\"text-align: center\"><span style=\"color: #0000ff\"><strong><a style=\"color: #0000ff\" href=\"https:\/\/formacion.clm-granada.com\/online-spanish-course-for-different-time-zones\/\">https:\/\/formacion.clm-granada.com\/online-spanish-course-for-different-time-zones\/<\/a><\/strong><\/span>[\/box]<\/p>\n<div style=\"width: 1280px;\" class=\"wp-video\"><video class=\"wp-video-shortcode\" id=\"video-1869-1\" width=\"1280\" height=\"720\" preload=\"metadata\" controls=\"controls\"><source type=\"video\/mp4\" src=\"http:\/\/www.univ-mosta.dz\/vrcc\/wp-content\/uploads\/sites\/13\/2021\/02\/ONLINE-SPANISH-LANGUAGE-AND-CULTURE-COURSES-US.mp4?_=1\" \/><a href=\"http:\/\/www.univ-mosta.dz\/vrcc\/wp-content\/uploads\/sites\/13\/2021\/02\/ONLINE-SPANISH-LANGUAGE-AND-CULTURE-COURSES-US.mp4\">http:\/\/www.univ-mosta.dz\/vrcc\/wp-content\/uploads\/sites\/13\/2021\/02\/ONLINE-SPANISH-LANGUAGE-AND-CULTURE-COURSES-US.mp4<\/a><\/video><\/div>\n<div style=\"width: 1280px;\" class=\"wp-video\"><video class=\"wp-video-shortcode\" id=\"video-1869-2\" width=\"1280\" height=\"720\" preload=\"metadata\" controls=\"controls\"><source type=\"video\/mp4\" src=\"http:\/\/www.univ-mosta.dz\/vrcc\/wp-content\/uploads\/sites\/13\/2021\/02\/ONLINE-SPANISH-LANGUAGES-COURSES-US.mp4?_=2\" \/><a href=\"http:\/\/www.univ-mosta.dz\/vrcc\/wp-content\/uploads\/sites\/13\/2021\/02\/ONLINE-SPANISH-LANGUAGES-COURSES-US.mp4\">http:\/\/www.univ-mosta.dz\/vrcc\/wp-content\/uploads\/sites\/13\/2021\/02\/ONLINE-SPANISH-LANGUAGES-COURSES-US.mp4<\/a><\/video><\/div>\n<p>&nbsp;<\/p>\n<p>&nbsp;<\/p>\n","protected":false},"excerpt":{"rendered":"<p>Le Centre de langues modernes (CLM) de l&rsquo;Universit\u00e9 de Grenade \u00a0propose de vous renseigner sur les cours d&rsquo;espagnol en ligne. La situation actuelle du affecte le d\u00e9roulement normal des \u00e9tudes &hellip;<\/p>\n","protected":false},"author":15,"featured_media":1870,"comment_status":"closed","ping_status":"closed","sticky":false,"template":"","format":"standard","meta":{"_coblocks_attr":"","_coblocks_dimensions":"","_coblocks_responsive_height":"","_coblocks_accordion_ie_support":"","_EventAllDay":false,"_EventTimezone":"","_EventStartDate":"","_EventEndDate":"","_EventStartDateUTC":"","_EventEndDateUTC":"","_EventShowMap":false,"_EventShowMapLink":false,"_EventURL":"","_EventCost":"","_EventCostDescription":"","_EventCurrencySymbol":"","_EventCurrencyCode":"","_EventCurrencyPosition":"","_EventDateTimeSeparator":"","_EventTimeRangeSeparator":"","_EventOrganizerID":[],"_EventVenueID":[],"_OrganizerEmail":"","_OrganizerPhone":"","_OrganizerWebsite":"","_VenueAddress":"","_VenueCity":"","_VenueCountry":"","_VenueProvince":"","_VenueState":"","_VenueZip":"","_VenuePhone":"","_VenueURL":"","_VenueStateProvince":"","_VenueLat":"","_VenueLng":"","_VenueShowMap":false,"_VenueShowMapLink":false,"footnotes":""},"categories":[3],"tags":[],"class_list":["post-1869","post","type-post","status-publish","format-standard","has-post-thumbnail","hentry","category-actualites"],"_links":{"self":[{"href":"https:\/\/www.univ-mosta.dz\/vrcc\/wp-json\/wp\/v2\/posts\/1869","targetHints":{"allow":["GET"]}}],"collection":[{"href":"https:\/\/www.univ-mosta.dz\/vrcc\/wp-json\/wp\/v2\/posts"}],"about":[{"href":"https:\/\/www.univ-mosta.dz\/vrcc\/wp-json\/wp\/v2\/types\/post"}],"author":[{"embeddable":true,"href":"https:\/\/www.univ-mosta.dz\/vrcc\/wp-json\/wp\/v2\/users\/15"}],"replies":[{"embeddable":true,"href":"https:\/\/www.univ-mosta.dz\/vrcc\/wp-json\/wp\/v2\/comments?post=1869"}],"version-history":[{"count":4,"href":"https:\/\/www.univ-mosta.dz\/vrcc\/wp-json\/wp\/v2\/posts\/1869\/revisions"}],"predecessor-version":[{"id":1874,"href":"https:\/\/www.univ-mosta.dz\/vrcc\/wp-json\/wp\/v2\/posts\/1869\/revisions\/1874"}],"wp:featuredmedia":[{"embeddable":true,"href":"https:\/\/www.univ-mosta.dz\/vrcc\/wp-json\/wp\/v2\/media\/1870"}],"wp:attachment":[{"href":"https:\/\/www.univ-mosta.dz\/vrcc\/wp-json\/wp\/v2\/media?parent=1869"}],"wp:term":[{"taxonomy":"category","embeddable":true,"href":"https:\/\/www.univ-mosta.dz\/vrcc\/wp-json\/wp\/v2\/categories?post=1869"},{"taxonomy":"post_tag","embeddable":true,"href":"https:\/\/www.univ-mosta.dz\/vrcc\/wp-json\/wp\/v2\/tags?post=1869"}],"curies":[{"name":"wp","href":"https:\/\/api.w.org\/{rel}","templated":true}]}}