{"id":14402,"date":"2026-04-26T11:33:18","date_gmt":"2026-04-26T10:33:18","guid":{"rendered":"https:\/\/www.univ-mosta.dz\/vrcc\/?p=14402"},"modified":"2026-04-26T11:34:02","modified_gmt":"2026-04-26T10:34:02","slug":"14402-2","status":"publish","type":"post","link":"https:\/\/www.univ-mosta.dz\/vrcc\/14402-2\/","title":{"rendered":"E-colloque national : Langues, \u00e9critures et genres \u00e0 l\u2019\u00e8re de l\u2019IA et des r\u00e9seaux socionum\u00e9riques : mutations, pratiques et enjeux culturels, \u00e9ducatifs et communicationnels"},"content":{"rendered":"\n<p class=\"has-text-align-center\">UNIVERSIT\u00c9 ABDELHAMID IBN BADIS MOSTAGANEM<br>FACULT\u00c9 DES LANGUES \u00c9TRANG\u00c8RES<br>D\u00c9PARTEMENT DE FRAN\u00c7AIS<\/p>\n\n\n\n<p class=\"has-text-align-center\">Laboratoire pluralit\u00e9 des dynamiques langagi\u00e8res et discursives<\/p>\n\n\n\n<p class=\"has-text-align-center\">Organise un E-colloque national intitul\u00e9 En ligne :<\/p>\n\n\n\n<p class=\"has-text-align-center has-black-color has-text-color has-link-color has-medium-font-size wp-elements-989cc98ef78e9f63eb7cdfaf176423ae\"><strong><em>Langues, \u00e9critures et genres \u00e0 l\u2019\u00e8re de l\u2019IA et des r\u00e9seaux socionum\u00e9riques : mutations, pratiques et enjeux culturels, \u00e9ducatifs et communicationnels<\/em><\/strong><\/p>\n\n\n\n<p class=\"has-text-align-center has-black-color has-text-color has-link-color has-medium-font-size wp-elements-351f500fd0ca51f1181bc546798deb6d\"><strong>Le 26 avril 2026<\/strong><\/p>\n\n\n<a href=\"https:\/\/www.univ-mosta.dz\/vrcc\/wp-content\/uploads\/sites\/13\/2026\/04\/E-Colloque-26-avril-2026-VF.pdf\" class=\"pdfemb-viewer\" style=\"\" data-width=\"max\" data-height=\"max\" data-toolbar=\"both\" data-toolbar-fixed=\"on\">E-Colloque-26-avril-2026-VF<\/a>","protected":false},"excerpt":{"rendered":"<p>UNIVERSIT\u00c9 ABDELHAMID IBN BADIS MOSTAGANEMFACULT\u00c9 DES LANGUES \u00c9TRANG\u00c8RESD\u00c9PARTEMENT DE FRAN\u00c7AIS Laboratoire pluralit\u00e9 des dynamiques langagi\u00e8res et discursives Organise un E-colloque national intitul\u00e9 En ligne : Langues, \u00e9critures et genres \u00e0 &hellip;<\/p>\n","protected":false},"author":15,"featured_media":14403,"comment_status":"closed","ping_status":"closed","sticky":false,"template":"","format":"standard","meta":{"_coblocks_attr":"","_coblocks_dimensions":"","_coblocks_responsive_height":"","_coblocks_accordion_ie_support":"","_EventAllDay":false,"_EventTimezone":"","_EventStartDate":"","_EventEndDate":"","_EventStartDateUTC":"","_EventEndDateUTC":"","_EventShowMap":false,"_EventShowMapLink":false,"_EventURL":"","_EventCost":"","_EventCostDescription":"","_EventCurrencySymbol":"","_EventCurrencyCode":"","_EventCurrencyPosition":"","_EventDateTimeSeparator":"","_EventTimeRangeSeparator":"","_EventOrganizerID":[],"_EventVenueID":[],"_OrganizerEmail":"","_OrganizerPhone":"","_OrganizerWebsite":"","_VenueAddress":"","_VenueCity":"","_VenueCountry":"","_VenueProvince":"","_VenueState":"","_VenueZip":"","_VenuePhone":"","_VenueURL":"","_VenueStateProvince":"","_VenueLat":"","_VenueLng":"","_VenueShowMap":false,"_VenueShowMapLink":false,"footnotes":""},"categories":[3,463],"tags":[],"class_list":["post-14402","post","type-post","status-publish","format-standard","has-post-thumbnail","hentry","category-actualites","category-colloque-national"],"_links":{"self":[{"href":"https:\/\/www.univ-mosta.dz\/vrcc\/wp-json\/wp\/v2\/posts\/14402","targetHints":{"allow":["GET"]}}],"collection":[{"href":"https:\/\/www.univ-mosta.dz\/vrcc\/wp-json\/wp\/v2\/posts"}],"about":[{"href":"https:\/\/www.univ-mosta.dz\/vrcc\/wp-json\/wp\/v2\/types\/post"}],"author":[{"embeddable":true,"href":"https:\/\/www.univ-mosta.dz\/vrcc\/wp-json\/wp\/v2\/users\/15"}],"replies":[{"embeddable":true,"href":"https:\/\/www.univ-mosta.dz\/vrcc\/wp-json\/wp\/v2\/comments?post=14402"}],"version-history":[{"count":2,"href":"https:\/\/www.univ-mosta.dz\/vrcc\/wp-json\/wp\/v2\/posts\/14402\/revisions"}],"predecessor-version":[{"id":14406,"href":"https:\/\/www.univ-mosta.dz\/vrcc\/wp-json\/wp\/v2\/posts\/14402\/revisions\/14406"}],"wp:featuredmedia":[{"embeddable":true,"href":"https:\/\/www.univ-mosta.dz\/vrcc\/wp-json\/wp\/v2\/media\/14403"}],"wp:attachment":[{"href":"https:\/\/www.univ-mosta.dz\/vrcc\/wp-json\/wp\/v2\/media?parent=14402"}],"wp:term":[{"taxonomy":"category","embeddable":true,"href":"https:\/\/www.univ-mosta.dz\/vrcc\/wp-json\/wp\/v2\/categories?post=14402"},{"taxonomy":"post_tag","embeddable":true,"href":"https:\/\/www.univ-mosta.dz\/vrcc\/wp-json\/wp\/v2\/tags?post=14402"}],"curies":[{"name":"wp","href":"https:\/\/api.w.org\/{rel}","templated":true}]}}