{"id":14354,"date":"2026-04-26T10:37:24","date_gmt":"2026-04-26T09:37:24","guid":{"rendered":"https:\/\/www.univ-mosta.dz\/vrcc\/?p=14354"},"modified":"2026-04-26T10:37:27","modified_gmt":"2026-04-26T09:37:27","slug":"invitation-aux-enseignants-beneficiaires-dune-mobilitede-courte-duree-pour-sejour-linguistique","status":"publish","type":"post","link":"https:\/\/www.univ-mosta.dz\/vrcc\/invitation-aux-enseignants-beneficiaires-dune-mobilitede-courte-duree-pour-sejour-linguistique\/","title":{"rendered":"Invitation aux enseignants b\u00e9n\u00e9ficiaires d\u2019une mobilit\u00e9de courte dur\u00e9e pour s\u00e9jour linguistique"},"content":{"rendered":"\n<p>Dans le cadre de la pr\u00e9paration et de la mise en \u0153uvre des programmes de mobilit\u00e9 de courte<br>dur\u00e9e pour s\u00e9jours linguistiques, au titre de l\u2019exercice budg\u00e9taire 2026 et conform\u00e9ment \u00e0 la<br>d\u00e9cision n\u00b0 345 du 09 mars 2026, le Vice-Rectorat organise une session d\u2019information \u00e0<br>l\u2019attention des enseignants ayant soumis leur candidature pour un s\u00e9jour linguistique.<br>\u00c0 cet effet, les enseignants concern\u00e9s sont cordialement invit\u00e9s \u00e0 prendre part \u00e0 cette<br>rencontre.<br><strong>Date : 29 avril 2026<\/strong><br><strong>Heure : 11h00<\/strong><br><strong>Lieu : Auditorium du campus de Kharrouba<\/strong><br>Cette session aura pour objectif de pr\u00e9senter les modalit\u00e9s d\u2019organisation des s\u00e9jours<br>linguistiques, les diff\u00e9rentes \u00e9tapes de mise en \u0153uvre du programme, ainsi que les<br>destinations propos\u00e9es.<br>La pr\u00e9sence des enseignants concern\u00e9s est vivement souhait\u00e9e.<\/p>\n","protected":false},"excerpt":{"rendered":"<p>Dans le cadre de la pr\u00e9paration et de la mise en \u0153uvre des programmes de mobilit\u00e9 de courtedur\u00e9e pour s\u00e9jours linguistiques, au titre de l\u2019exercice budg\u00e9taire 2026 et conform\u00e9ment \u00e0 &hellip;<\/p>\n","protected":false},"author":15,"featured_media":14355,"comment_status":"closed","ping_status":"closed","sticky":false,"template":"","format":"standard","meta":{"_coblocks_attr":"","_coblocks_dimensions":"","_coblocks_responsive_height":"","_coblocks_accordion_ie_support":"","_EventAllDay":false,"_EventTimezone":"","_EventStartDate":"","_EventEndDate":"","_EventStartDateUTC":"","_EventEndDateUTC":"","_EventShowMap":false,"_EventShowMapLink":false,"_EventURL":"","_EventCost":"","_EventCostDescription":"","_EventCurrencySymbol":"","_EventCurrencyCode":"","_EventCurrencyPosition":"","_EventDateTimeSeparator":"","_EventTimeRangeSeparator":"","_EventOrganizerID":[],"_EventVenueID":[],"_OrganizerEmail":"","_OrganizerPhone":"","_OrganizerWebsite":"","_VenueAddress":"","_VenueCity":"","_VenueCountry":"","_VenueProvince":"","_VenueState":"","_VenueZip":"","_VenuePhone":"","_VenueURL":"","_VenueStateProvince":"","_VenueLat":"","_VenueLng":"","_VenueShowMap":false,"_VenueShowMapLink":false,"footnotes":""},"categories":[3],"tags":[],"class_list":["post-14354","post","type-post","status-publish","format-standard","has-post-thumbnail","hentry","category-actualites"],"_links":{"self":[{"href":"https:\/\/www.univ-mosta.dz\/vrcc\/wp-json\/wp\/v2\/posts\/14354","targetHints":{"allow":["GET"]}}],"collection":[{"href":"https:\/\/www.univ-mosta.dz\/vrcc\/wp-json\/wp\/v2\/posts"}],"about":[{"href":"https:\/\/www.univ-mosta.dz\/vrcc\/wp-json\/wp\/v2\/types\/post"}],"author":[{"embeddable":true,"href":"https:\/\/www.univ-mosta.dz\/vrcc\/wp-json\/wp\/v2\/users\/15"}],"replies":[{"embeddable":true,"href":"https:\/\/www.univ-mosta.dz\/vrcc\/wp-json\/wp\/v2\/comments?post=14354"}],"version-history":[{"count":1,"href":"https:\/\/www.univ-mosta.dz\/vrcc\/wp-json\/wp\/v2\/posts\/14354\/revisions"}],"predecessor-version":[{"id":14356,"href":"https:\/\/www.univ-mosta.dz\/vrcc\/wp-json\/wp\/v2\/posts\/14354\/revisions\/14356"}],"wp:featuredmedia":[{"embeddable":true,"href":"https:\/\/www.univ-mosta.dz\/vrcc\/wp-json\/wp\/v2\/media\/14355"}],"wp:attachment":[{"href":"https:\/\/www.univ-mosta.dz\/vrcc\/wp-json\/wp\/v2\/media?parent=14354"}],"wp:term":[{"taxonomy":"category","embeddable":true,"href":"https:\/\/www.univ-mosta.dz\/vrcc\/wp-json\/wp\/v2\/categories?post=14354"},{"taxonomy":"post_tag","embeddable":true,"href":"https:\/\/www.univ-mosta.dz\/vrcc\/wp-json\/wp\/v2\/tags?post=14354"}],"curies":[{"name":"wp","href":"https:\/\/api.w.org\/{rel}","templated":true}]}}