{"id":14215,"date":"2026-02-24T13:08:45","date_gmt":"2026-02-24T12:08:45","guid":{"rendered":"https:\/\/www.univ-mosta.dz\/vrcc\/?p=14215"},"modified":"2026-02-24T13:08:47","modified_gmt":"2026-02-24T12:08:47","slug":"avis-important-a-lattention-des-enseignants-chercheurs-et-des-chercheurs-permanents","status":"publish","type":"post","link":"https:\/\/www.univ-mosta.dz\/vrcc\/avis-important-a-lattention-des-enseignants-chercheurs-et-des-chercheurs-permanents\/","title":{"rendered":"Avis important \u00e0 l&rsquo;attention des enseignants-chercheurs et des chercheurs permanents"},"content":{"rendered":"\n<p class=\"wp-block-paragraph\">Dans le cadre du programme d\u2019appui \u00e0 l\u2019internationalisation de la recherche et de<br>l\u2019innovation IPTICAR, et plus particuli\u00e8rement de son volet d\u00e9di\u00e9 \u00e0 l\u2019appui \u00e0 la soumission de<br>projets internationaux (programme Horizon Europe), nous invitons les enseignants-<br>chercheurs et chercheurs permanents \u00e0 renseigner un questionnaire visant \u00e0 identifier leurs<br>besoins en mati\u00e8re d\u2019accompagnement.<br>Deux questionnaires sont propos\u00e9s selon le profil :<br>\uf0b7 Questionnaire Basic (pour les enseignants-chercheurs et chercheurs permanents<br>n\u2019ayant jamais particip\u00e9 \u00e0 des projets europ\u00e9ens) :<br>https:\/\/forms.gle\/RydRQ2vMBrh5bJrQ6<br>\uf0b7 Questionnaire Advanced (pour les enseignants-chercheurs et chercheurs<br>permanents ayant d\u00e9j\u00e0 postul\u00e9 et\/ou envisageant de postuler \u00e0 des projets<br>europ\u00e9ens) :<br>https:\/\/forms.gle\/ABW4YZRMcD72oKar6<br>Chaque participant est invit\u00e9 \u00e0 renseigner un seul questionnaire, en fonction de sa situation,<br>au plus tard le<strong><em> 28 f\u00e9vrier 2026<\/em><\/strong> (d\u00e9lai de rigueur).<br>Les informations recueillies permettront \u00e0 l\u2019\u00e9quipe IPTICAR d\u2019analyser les besoins et<br>d\u2019identifier les \u00e9quipes projets en vue d\u2019un accompagnement cibl\u00e9.<\/p>\n","protected":false},"excerpt":{"rendered":"<p>Dans le cadre du programme d\u2019appui \u00e0 l\u2019internationalisation de la recherche et del\u2019innovation IPTICAR, et plus particuli\u00e8rement de son volet d\u00e9di\u00e9 \u00e0 l\u2019appui \u00e0 la soumission deprojets internationaux (programme Horizon Europe), nous invitons les enseignants-chercheurs et chercheurs permanents \u00e0 renseigner un questionnaire visant \u00e0 identifier leursbesoins en mati\u00e8re d\u2019accompagnement.Deux questionnaires sont propos\u00e9s selon le profil &hellip;<\/p>\n","protected":false},"author":15,"featured_media":0,"comment_status":"closed","ping_status":"closed","sticky":false,"template":"","format":"standard","meta":{"_coblocks_attr":"","_coblocks_dimensions":"","_coblocks_responsive_height":"","_coblocks_accordion_ie_support":"","footnotes":""},"categories":[3],"tags":[],"class_list":["post-14215","post","type-post","status-publish","format-standard","hentry","category-actualites"],"yoast_head":"<!-- This site is optimized with the Yoast SEO plugin v28.3 - https:\/\/yoast.com\/product\/yoast-seo-wordpress\/ -->\n<title>Avis important \u00e0 l&#039;attention des enseignants-chercheurs et des chercheurs permanents - Vice Rectorat des Relations Ext\u00e9rieures, de la Coop\u00e9ration, de l\u2019Animation et la Communication et des Manifestations Scientifiques<\/title>\n<meta name=\"robots\" content=\"index, follow, max-snippet:-1, max-image-preview:large, max-video-preview:-1\" \/>\n<link rel=\"canonical\" href=\"https:\/\/www.univ-mosta.dz\/vrcc\/avis-important-a-lattention-des-enseignants-chercheurs-et-des-chercheurs-permanents\/\" \/>\n<meta property=\"og:locale\" content=\"fr_FR\" \/>\n<meta property=\"og:type\" content=\"article\" \/>\n<meta property=\"og:title\" content=\"Avis important \u00e0 l&#039;attention des enseignants-chercheurs et des chercheurs permanents - Vice Rectorat des Relations Ext\u00e9rieures, de la Coop\u00e9ration, de l\u2019Animation et la Communication et des Manifestations Scientifiques\" \/>\n<meta property=\"og:description\" content=\"Dans le cadre du programme d\u2019appui \u00e0 l\u2019internationalisation de la recherche et del\u2019innovation IPTICAR, et plus particuli\u00e8rement de son volet d\u00e9di\u00e9 \u00e0 l\u2019appui \u00e0 la soumission deprojets internationaux (programme Horizon Europe), nous invitons les enseignants-chercheurs et chercheurs permanents \u00e0 renseigner un questionnaire visant \u00e0 identifier leursbesoins en mati\u00e8re d\u2019accompagnement.Deux questionnaires sont propos\u00e9s selon le profil &hellip;\" \/>\n<meta property=\"og:url\" content=\"https:\/\/www.univ-mosta.dz\/vrcc\/avis-important-a-lattention-des-enseignants-chercheurs-et-des-chercheurs-permanents\/\" \/>\n<meta property=\"og:site_name\" content=\"Vice Rectorat des Relations Ext\u00e9rieures, de la Coop\u00e9ration, de l\u2019Animation et la Communication et des Manifestations Scientifiques\" \/>\n<meta property=\"article:published_time\" content=\"2026-02-24T12:08:45+00:00\" \/>\n<meta property=\"article:modified_time\" content=\"2026-02-24T12:08:47+00:00\" \/>\n<meta name=\"author\" content=\"admin\" \/>\n<meta name=\"twitter:card\" content=\"summary_large_image\" \/>\n<meta name=\"twitter:label1\" content=\"\u00c9crit par\" \/>\n\t<meta name=\"twitter:data1\" content=\"admin\" \/>\n\t<meta name=\"twitter:label2\" content=\"Dur\u00e9e de lecture estim\u00e9e\" \/>\n\t<meta name=\"twitter:data2\" content=\"1 minute\" \/>\n<script type=\"application\/ld+json\" class=\"yoast-schema-graph\">{\"@context\":\"https:\\\/\\\/schema.org\",\"@graph\":[{\"@type\":\"Article\",\"@id\":\"https:\\\/\\\/www.univ-mosta.dz\\\/vrcc\\\/avis-important-a-lattention-des-enseignants-chercheurs-et-des-chercheurs-permanents\\\/#article\",\"isPartOf\":{\"@id\":\"https:\\\/\\\/www.univ-mosta.dz\\\/vrcc\\\/avis-important-a-lattention-des-enseignants-chercheurs-et-des-chercheurs-permanents\\\/\"},\"author\":{\"name\":\"admin\",\"@id\":\"https:\\\/\\\/www.univ-mosta.dz\\\/vrcc\\\/#\\\/schema\\\/person\\\/d47c5c6913a74c94b4bce4989f21f5e8\"},\"headline\":\"Avis important \u00e0 l&rsquo;attention des enseignants-chercheurs et des chercheurs permanents\",\"datePublished\":\"2026-02-24T12:08:45+00:00\",\"dateModified\":\"2026-02-24T12:08:47+00:00\",\"mainEntityOfPage\":{\"@id\":\"https:\\\/\\\/www.univ-mosta.dz\\\/vrcc\\\/avis-important-a-lattention-des-enseignants-chercheurs-et-des-chercheurs-permanents\\\/\"},\"wordCount\":161,\"articleSection\":[\"Actualit\u00e9s\"],\"inLanguage\":\"fr-FR\"},{\"@type\":\"WebPage\",\"@id\":\"https:\\\/\\\/www.univ-mosta.dz\\\/vrcc\\\/avis-important-a-lattention-des-enseignants-chercheurs-et-des-chercheurs-permanents\\\/\",\"url\":\"https:\\\/\\\/www.univ-mosta.dz\\\/vrcc\\\/avis-important-a-lattention-des-enseignants-chercheurs-et-des-chercheurs-permanents\\\/\",\"name\":\"Avis important \u00e0 l'attention des enseignants-chercheurs et des chercheurs permanents - Vice Rectorat des Relations Ext\u00e9rieures, de la Coop\u00e9ration, de l\u2019Animation et la Communication et des Manifestations Scientifiques\",\"isPartOf\":{\"@id\":\"https:\\\/\\\/www.univ-mosta.dz\\\/vrcc\\\/#website\"},\"datePublished\":\"2026-02-24T12:08:45+00:00\",\"dateModified\":\"2026-02-24T12:08:47+00:00\",\"author\":{\"@id\":\"https:\\\/\\\/www.univ-mosta.dz\\\/vrcc\\\/#\\\/schema\\\/person\\\/d47c5c6913a74c94b4bce4989f21f5e8\"},\"breadcrumb\":{\"@id\":\"https:\\\/\\\/www.univ-mosta.dz\\\/vrcc\\\/avis-important-a-lattention-des-enseignants-chercheurs-et-des-chercheurs-permanents\\\/#breadcrumb\"},\"inLanguage\":\"fr-FR\",\"potentialAction\":[{\"@type\":\"ReadAction\",\"target\":[\"https:\\\/\\\/www.univ-mosta.dz\\\/vrcc\\\/avis-important-a-lattention-des-enseignants-chercheurs-et-des-chercheurs-permanents\\\/\"]}]},{\"@type\":\"BreadcrumbList\",\"@id\":\"https:\\\/\\\/www.univ-mosta.dz\\\/vrcc\\\/avis-important-a-lattention-des-enseignants-chercheurs-et-des-chercheurs-permanents\\\/#breadcrumb\",\"itemListElement\":[{\"@type\":\"ListItem\",\"position\":1,\"name\":\"Accueil\",\"item\":\"https:\\\/\\\/www.univ-mosta.dz\\\/vrcc\\\/home\\\/\"},{\"@type\":\"ListItem\",\"position\":2,\"name\":\"Avis important \u00e0 l&rsquo;attention des enseignants-chercheurs et des chercheurs permanents\"}]},{\"@type\":\"WebSite\",\"@id\":\"https:\\\/\\\/www.univ-mosta.dz\\\/vrcc\\\/#website\",\"url\":\"https:\\\/\\\/www.univ-mosta.dz\\\/vrcc\\\/\",\"name\":\"Vice Rectorat des Relations Ext\u00e9rieures, de la Coop\u00e9ration, de l\u2019Animation et la Communication et des Manifestations Scientifiques\",\"description\":\"VRCC\",\"potentialAction\":[{\"@type\":\"SearchAction\",\"target\":{\"@type\":\"EntryPoint\",\"urlTemplate\":\"https:\\\/\\\/www.univ-mosta.dz\\\/vrcc\\\/?s={search_term_string}\"},\"query-input\":{\"@type\":\"PropertyValueSpecification\",\"valueRequired\":true,\"valueName\":\"search_term_string\"}}],\"inLanguage\":\"fr-FR\"},{\"@type\":\"Person\",\"@id\":\"https:\\\/\\\/www.univ-mosta.dz\\\/vrcc\\\/#\\\/schema\\\/person\\\/d47c5c6913a74c94b4bce4989f21f5e8\",\"name\":\"admin\",\"image\":{\"@type\":\"ImageObject\",\"inLanguage\":\"fr-FR\",\"@id\":\"https:\\\/\\\/secure.gravatar.com\\\/avatar\\\/0aaac6fda6f346d8f163b46e4eb8a304b9d8c4fb95e14db7f5afab0b588b89eb?s=96&d=mm&r=g\",\"url\":\"https:\\\/\\\/secure.gravatar.com\\\/avatar\\\/0aaac6fda6f346d8f163b46e4eb8a304b9d8c4fb95e14db7f5afab0b588b89eb?s=96&d=mm&r=g\",\"contentUrl\":\"https:\\\/\\\/secure.gravatar.com\\\/avatar\\\/0aaac6fda6f346d8f163b46e4eb8a304b9d8c4fb95e14db7f5afab0b588b89eb?s=96&d=mm&r=g\",\"caption\":\"admin\"},\"url\":\"https:\\\/\\\/www.univ-mosta.dz\\\/vrcc\\\/author\\\/vrccumab\\\/\"}]}<\/script>\n<!-- \/ Yoast SEO plugin. -->","yoast_head_json":{"title":"Avis important \u00e0 l'attention des enseignants-chercheurs et des chercheurs permanents - Vice Rectorat des Relations Ext\u00e9rieures, de la Coop\u00e9ration, de l\u2019Animation et la Communication et des Manifestations Scientifiques","robots":{"index":"index","follow":"follow","max-snippet":"max-snippet:-1","max-image-preview":"max-image-preview:large","max-video-preview":"max-video-preview:-1"},"canonical":"https:\/\/www.univ-mosta.dz\/vrcc\/avis-important-a-lattention-des-enseignants-chercheurs-et-des-chercheurs-permanents\/","og_locale":"fr_FR","og_type":"article","og_title":"Avis important \u00e0 l'attention des enseignants-chercheurs et des chercheurs permanents - Vice Rectorat des Relations Ext\u00e9rieures, de la Coop\u00e9ration, de l\u2019Animation et la Communication et des Manifestations Scientifiques","og_description":"Dans le cadre du programme d\u2019appui \u00e0 l\u2019internationalisation de la recherche et del\u2019innovation IPTICAR, et plus particuli\u00e8rement de son volet d\u00e9di\u00e9 \u00e0 l\u2019appui \u00e0 la soumission deprojets internationaux (programme Horizon Europe), nous invitons les enseignants-chercheurs et chercheurs permanents \u00e0 renseigner un questionnaire visant \u00e0 identifier leursbesoins en mati\u00e8re d\u2019accompagnement.Deux questionnaires sont propos\u00e9s selon le profil &hellip;","og_url":"https:\/\/www.univ-mosta.dz\/vrcc\/avis-important-a-lattention-des-enseignants-chercheurs-et-des-chercheurs-permanents\/","og_site_name":"Vice Rectorat des Relations Ext\u00e9rieures, de la Coop\u00e9ration, de l\u2019Animation et la Communication et des Manifestations Scientifiques","article_published_time":"2026-02-24T12:08:45+00:00","article_modified_time":"2026-02-24T12:08:47+00:00","author":"admin","twitter_card":"summary_large_image","twitter_misc":{"\u00c9crit par":"admin","Dur\u00e9e de lecture estim\u00e9e":"1 minute"},"schema":{"@context":"https:\/\/schema.org","@graph":[{"@type":"Article","@id":"https:\/\/www.univ-mosta.dz\/vrcc\/avis-important-a-lattention-des-enseignants-chercheurs-et-des-chercheurs-permanents\/#article","isPartOf":{"@id":"https:\/\/www.univ-mosta.dz\/vrcc\/avis-important-a-lattention-des-enseignants-chercheurs-et-des-chercheurs-permanents\/"},"author":{"name":"admin","@id":"https:\/\/www.univ-mosta.dz\/vrcc\/#\/schema\/person\/d47c5c6913a74c94b4bce4989f21f5e8"},"headline":"Avis important \u00e0 l&rsquo;attention des enseignants-chercheurs et des chercheurs permanents","datePublished":"2026-02-24T12:08:45+00:00","dateModified":"2026-02-24T12:08:47+00:00","mainEntityOfPage":{"@id":"https:\/\/www.univ-mosta.dz\/vrcc\/avis-important-a-lattention-des-enseignants-chercheurs-et-des-chercheurs-permanents\/"},"wordCount":161,"articleSection":["Actualit\u00e9s"],"inLanguage":"fr-FR"},{"@type":"WebPage","@id":"https:\/\/www.univ-mosta.dz\/vrcc\/avis-important-a-lattention-des-enseignants-chercheurs-et-des-chercheurs-permanents\/","url":"https:\/\/www.univ-mosta.dz\/vrcc\/avis-important-a-lattention-des-enseignants-chercheurs-et-des-chercheurs-permanents\/","name":"Avis important \u00e0 l'attention des enseignants-chercheurs et des chercheurs permanents - Vice Rectorat des Relations Ext\u00e9rieures, de la Coop\u00e9ration, de l\u2019Animation et la Communication et des Manifestations Scientifiques","isPartOf":{"@id":"https:\/\/www.univ-mosta.dz\/vrcc\/#website"},"datePublished":"2026-02-24T12:08:45+00:00","dateModified":"2026-02-24T12:08:47+00:00","author":{"@id":"https:\/\/www.univ-mosta.dz\/vrcc\/#\/schema\/person\/d47c5c6913a74c94b4bce4989f21f5e8"},"breadcrumb":{"@id":"https:\/\/www.univ-mosta.dz\/vrcc\/avis-important-a-lattention-des-enseignants-chercheurs-et-des-chercheurs-permanents\/#breadcrumb"},"inLanguage":"fr-FR","potentialAction":[{"@type":"ReadAction","target":["https:\/\/www.univ-mosta.dz\/vrcc\/avis-important-a-lattention-des-enseignants-chercheurs-et-des-chercheurs-permanents\/"]}]},{"@type":"BreadcrumbList","@id":"https:\/\/www.univ-mosta.dz\/vrcc\/avis-important-a-lattention-des-enseignants-chercheurs-et-des-chercheurs-permanents\/#breadcrumb","itemListElement":[{"@type":"ListItem","position":1,"name":"Accueil","item":"https:\/\/www.univ-mosta.dz\/vrcc\/home\/"},{"@type":"ListItem","position":2,"name":"Avis important \u00e0 l&rsquo;attention des enseignants-chercheurs et des chercheurs permanents"}]},{"@type":"WebSite","@id":"https:\/\/www.univ-mosta.dz\/vrcc\/#website","url":"https:\/\/www.univ-mosta.dz\/vrcc\/","name":"Vice Rectorat des Relations Ext\u00e9rieures, de la Coop\u00e9ration, de l\u2019Animation et la Communication et des Manifestations Scientifiques","description":"VRCC","potentialAction":[{"@type":"SearchAction","target":{"@type":"EntryPoint","urlTemplate":"https:\/\/www.univ-mosta.dz\/vrcc\/?s={search_term_string}"},"query-input":{"@type":"PropertyValueSpecification","valueRequired":true,"valueName":"search_term_string"}}],"inLanguage":"fr-FR"},{"@type":"Person","@id":"https:\/\/www.univ-mosta.dz\/vrcc\/#\/schema\/person\/d47c5c6913a74c94b4bce4989f21f5e8","name":"admin","image":{"@type":"ImageObject","inLanguage":"fr-FR","@id":"https:\/\/secure.gravatar.com\/avatar\/0aaac6fda6f346d8f163b46e4eb8a304b9d8c4fb95e14db7f5afab0b588b89eb?s=96&d=mm&r=g","url":"https:\/\/secure.gravatar.com\/avatar\/0aaac6fda6f346d8f163b46e4eb8a304b9d8c4fb95e14db7f5afab0b588b89eb?s=96&d=mm&r=g","contentUrl":"https:\/\/secure.gravatar.com\/avatar\/0aaac6fda6f346d8f163b46e4eb8a304b9d8c4fb95e14db7f5afab0b588b89eb?s=96&d=mm&r=g","caption":"admin"},"url":"https:\/\/www.univ-mosta.dz\/vrcc\/author\/vrccumab\/"}]}},"_links":{"self":[{"href":"https:\/\/www.univ-mosta.dz\/vrcc\/wp-json\/wp\/v2\/posts\/14215","targetHints":{"allow":["GET"]}}],"collection":[{"href":"https:\/\/www.univ-mosta.dz\/vrcc\/wp-json\/wp\/v2\/posts"}],"about":[{"href":"https:\/\/www.univ-mosta.dz\/vrcc\/wp-json\/wp\/v2\/types\/post"}],"author":[{"embeddable":true,"href":"https:\/\/www.univ-mosta.dz\/vrcc\/wp-json\/wp\/v2\/users\/15"}],"replies":[{"embeddable":true,"href":"https:\/\/www.univ-mosta.dz\/vrcc\/wp-json\/wp\/v2\/comments?post=14215"}],"version-history":[{"count":1,"href":"https:\/\/www.univ-mosta.dz\/vrcc\/wp-json\/wp\/v2\/posts\/14215\/revisions"}],"predecessor-version":[{"id":14216,"href":"https:\/\/www.univ-mosta.dz\/vrcc\/wp-json\/wp\/v2\/posts\/14215\/revisions\/14216"}],"wp:attachment":[{"href":"https:\/\/www.univ-mosta.dz\/vrcc\/wp-json\/wp\/v2\/media?parent=14215"}],"wp:term":[{"taxonomy":"category","embeddable":true,"href":"https:\/\/www.univ-mosta.dz\/vrcc\/wp-json\/wp\/v2\/categories?post=14215"},{"taxonomy":"post_tag","embeddable":true,"href":"https:\/\/www.univ-mosta.dz\/vrcc\/wp-json\/wp\/v2\/tags?post=14215"}],"curies":[{"name":"wp","href":"https:\/\/api.w.org\/{rel}","templated":true}]}}