{"id":14142,"date":"2026-01-29T12:40:18","date_gmt":"2026-01-29T11:40:18","guid":{"rendered":"https:\/\/www.univ-mosta.dz\/vrcc\/?p=14142"},"modified":"2026-01-29T12:40:20","modified_gmt":"2026-01-29T11:40:20","slug":"appel-a-candidature-au-programme-de-formation-telecom-for-digital-tomorrow","status":"publish","type":"post","link":"https:\/\/www.univ-mosta.dz\/vrcc\/appel-a-candidature-au-programme-de-formation-telecom-for-digital-tomorrow\/","title":{"rendered":"Appel \u00e0 candidature au programme de formation \u00ab\u00a0 Telecom For Digital Tomorrow\u00a0\u00bb"},"content":{"rendered":"\n<p>Le minist\u00e8re de l\u2019enseignement sup\u00e9rieur et de la recherche scientifique est destinataire<br \/>d\u2019un appel \u00e0 candidature en faveur des fonctionnaires des \u00e9tablissements sup\u00e9rieurs dans le<br \/>cadre du programme lance par l\u2019institut central de formation en t\u00e9l\u00e9communication de<br \/>l\u2019inde.<br \/>La dur\u00e9e de la formation est deux semaines\u00a0: <strong><em>du 12\/02\/2026 au 25\/02\/2026<\/em><\/strong><br \/>Date limite d\u2019inscription est\u00a0:<span style=\"color: #ff0000\"> <strong><em>02\/02\/2026<\/em><\/strong><\/span><br \/>Les candidats sont invit\u00e9s \u00e0 s\u2019inscrire sur le site ci-apr\u00e8s\u00a0:<br \/>https:\/\/www.itecgoi.in\/upcoming_courses<\/p>\n","protected":false},"excerpt":{"rendered":"<p>Le minist\u00e8re de l\u2019enseignement sup\u00e9rieur et de la recherche scientifique est destinataired\u2019un appel \u00e0 candidature en faveur des fonctionnaires des \u00e9tablissements sup\u00e9rieurs dans lecadre du programme lance par l\u2019institut central &hellip;<\/p>\n","protected":false},"author":15,"featured_media":14143,"comment_status":"closed","ping_status":"closed","sticky":false,"template":"","format":"standard","meta":{"_coblocks_attr":"","_coblocks_dimensions":"","_coblocks_responsive_height":"","_coblocks_accordion_ie_support":"","_EventAllDay":false,"_EventTimezone":"","_EventStartDate":"","_EventEndDate":"","_EventStartDateUTC":"","_EventEndDateUTC":"","_EventShowMap":false,"_EventShowMapLink":false,"_EventURL":"","_EventCost":"","_EventCostDescription":"","_EventCurrencySymbol":"","_EventCurrencyCode":"","_EventCurrencyPosition":"","_EventDateTimeSeparator":"","_EventTimeRangeSeparator":"","_EventOrganizerID":[],"_EventVenueID":[],"_OrganizerEmail":"","_OrganizerPhone":"","_OrganizerWebsite":"","_VenueAddress":"","_VenueCity":"","_VenueCountry":"","_VenueProvince":"","_VenueState":"","_VenueZip":"","_VenuePhone":"","_VenueURL":"","_VenueStateProvince":"","_VenueLat":"","_VenueLng":"","_VenueShowMap":false,"_VenueShowMapLink":false,"footnotes":""},"categories":[3],"tags":[],"class_list":["post-14142","post","type-post","status-publish","format-standard","has-post-thumbnail","hentry","category-actualites"],"_links":{"self":[{"href":"https:\/\/www.univ-mosta.dz\/vrcc\/wp-json\/wp\/v2\/posts\/14142","targetHints":{"allow":["GET"]}}],"collection":[{"href":"https:\/\/www.univ-mosta.dz\/vrcc\/wp-json\/wp\/v2\/posts"}],"about":[{"href":"https:\/\/www.univ-mosta.dz\/vrcc\/wp-json\/wp\/v2\/types\/post"}],"author":[{"embeddable":true,"href":"https:\/\/www.univ-mosta.dz\/vrcc\/wp-json\/wp\/v2\/users\/15"}],"replies":[{"embeddable":true,"href":"https:\/\/www.univ-mosta.dz\/vrcc\/wp-json\/wp\/v2\/comments?post=14142"}],"version-history":[{"count":1,"href":"https:\/\/www.univ-mosta.dz\/vrcc\/wp-json\/wp\/v2\/posts\/14142\/revisions"}],"predecessor-version":[{"id":14144,"href":"https:\/\/www.univ-mosta.dz\/vrcc\/wp-json\/wp\/v2\/posts\/14142\/revisions\/14144"}],"wp:featuredmedia":[{"embeddable":true,"href":"https:\/\/www.univ-mosta.dz\/vrcc\/wp-json\/wp\/v2\/media\/14143"}],"wp:attachment":[{"href":"https:\/\/www.univ-mosta.dz\/vrcc\/wp-json\/wp\/v2\/media?parent=14142"}],"wp:term":[{"taxonomy":"category","embeddable":true,"href":"https:\/\/www.univ-mosta.dz\/vrcc\/wp-json\/wp\/v2\/categories?post=14142"},{"taxonomy":"post_tag","embeddable":true,"href":"https:\/\/www.univ-mosta.dz\/vrcc\/wp-json\/wp\/v2\/tags?post=14142"}],"curies":[{"name":"wp","href":"https:\/\/api.w.org\/{rel}","templated":true}]}}