{"id":14117,"date":"2026-01-25T09:00:58","date_gmt":"2026-01-25T08:00:58","guid":{"rendered":"https:\/\/www.univ-mosta.dz\/vrcc\/?p=14117"},"modified":"2026-01-28T09:11:36","modified_gmt":"2026-01-28T08:11:36","slug":"appel-a-candidature-programme-de-mobilite-de-courte-duree-a-letranger-au-titre-de-lannee-budgetaire-2026","status":"publish","type":"post","link":"https:\/\/www.univ-mosta.dz\/vrcc\/appel-a-candidature-programme-de-mobilite-de-courte-duree-a-letranger-au-titre-de-lannee-budgetaire-2026\/","title":{"rendered":"APPEL \u00c0 CANDIDATURE Programme de mobilit\u00e9 de courte dur\u00e9e \u00e0 l\u2019\u00e9tranger Au titre de l\u2019ann\u00e9e budg\u00e9taire 2026"},"content":{"rendered":"\n<p>En application des dispositions r\u00e9glementaires relatives au programme de mobilit\u00e9 de courte<br>dur\u00e9e \u00e0 l\u2019\u00e9tranger, l\u2019Universit\u00e9 Abdelhamid Ibn Badis de Mostaganem informe l\u2019ensemble<br>des personnels concern\u00e9s de l\u2019ouverture de l\u2019appel \u00e0 candidature au titre de l\u2019ann\u00e9e budg\u00e9taire<br>2026, au profit des chercheurs ainsi que du personnel administratif et technique.<br>Une priorit\u00e9 sera accord\u00e9e aux candidatures portant sur la mobilit\u00e9 \u00e0 l\u2019\u00e9tranger \u00e0 des fins<br>d\u2019apprentissage de la langue anglaise, notamment dans les pays anglo-saxons, conform\u00e9ment<br>aux objectifs de renforcement des comp\u00e9tences linguistiques.<br>Types de mobilit\u00e9s \u00e0 l\u2019\u00e9tranger<br>La mobilit\u00e9 de courte dur\u00e9e \u00e0 l\u2019\u00e9tranger est organis\u00e9e pour une p\u00e9riode inf\u00e9rieure ou \u00e9gale \u00e0<br>six (06) mois.<br>Elle comprend notamment :<br>\uf0b7 les stages de perfectionnement ;<br>\uf0b7 les s\u00e9jours scientifiques de haut niveau ;<br>\uf0b7 la participation aux manifestations scientifiques.<\/p>\n\n\n\n<ol class=\"wp-block-list\">\n<li><strong>Modalit\u00e9s de d\u00e9p\u00f4t des candidatures<br><\/strong>\uf0b7 Les candidatures sont d\u00e9pos\u00e9es exclusivement via la plateforme num\u00e9rique d\u00e9di\u00e9e ;<br>\uf0b7 L\u2019inscription s\u2019effectue obligatoirement \u00e0 l\u2019aide de l\u2019adresse \u00e9lectronique<br>professionnelle du candidat (\u2026@univ-mosta.dz) ;<br>\uf0b7 Tous les documents requis doivent \u00eatre soumis en ligne en format PDF ;<br>\uf0b7 Aucun dossier transmis sous format papier ne sera accept\u00e9, quels que soient les motifs<br>invoqu\u00e9s.<\/li>\n\n\n\n<li><strong>Constitution du dossier<br><\/strong>\uf0b7 Le candidat est tenu de fournir l\u2019ensemble des pi\u00e8ces exig\u00e9es, selon sa cat\u00e9gorie et la<br>nature de la mobilit\u00e9 ;<br>\uf0b7 Tout dossier incomplet, non conforme ou ne respectant pas les conditions l\u00e9gales et<br>r\u00e9glementaires sera rejet\u00e9 ;<br>\uf0b7 La responsabilit\u00e9 du candidat est enti\u00e8rement engag\u00e9e en cas d\u2019omission ou de non-<br>transmission d\u2019un document requis, notamment ceux servant de base \u00e0 l\u2019\u00e9valuation et<br>\u00e0 la s\u00e9lection.<\/li>\n\n\n\n<li><strong>S\u00e9lection<\/strong><br>\uf0b7 La s\u00e9lection est effectu\u00e9e conform\u00e9ment aux crit\u00e8res r\u00e9glementaires en vigueur,<br>notamment ceux d\u00e9finis par l\u2019arr\u00eat\u00e9 minist\u00e9riel n\u00b0 255 du 25 f\u00e9vrier 2024 ;<br>\uf0b7 La commission comp\u00e9tente se r\u00e9serve le droit de demander, le cas \u00e9ch\u00e9ant, des<br>documents compl\u00e9mentaires.<\/li>\n<\/ol>\n\n\n\n<p><strong><em>NB <\/em><\/strong>:<br>Les personnels administratifs et techniques titulaires de dipl\u00f4mes universitaires d\u00e9livr\u00e9s par<br>l\u2019Universit\u00e9 de la Formation Continue, class\u00e9s au grade 10 ou sup\u00e9rieur, peuvent \u00e9galement<br>faire acte de candidature dans le cadre du pr\u00e9sent programme.<br>Il est port\u00e9 \u00e0 la connaissance de l\u2019ensemble des candidats que, suite \u00e0 la publication de toute<br>nouvelle d\u00e9cision r\u00e9glementaire modifiant les crit\u00e8res de s\u00e9lection, l\u2019administration se r\u00e9serve<br>le droit d\u2019appliquer les nouvelles dispositions et d\u2019exiger, si n\u00e9cessaire, des pi\u00e8ces<br>suppl\u00e9mentaires.<\/p>\n\n\n\n<p>Les candidats remplissant les conditions requises conform\u00e9ment aux dispositions de l\u2019Arr\u00eat\u00e9 n\u00b0 255<br \/>du 25 f\u00e9vrier 2024 sont invit\u00e9s \u00e0 proc\u00e9der \u00e0 leur inscription sur la plateforme \u00e9lectronique d\u00e9di\u00e9e,<br \/>accessible \u00e0 l\u2019adresse suivante : https:\/\/g-stage.univ-mosta.dz\/inscription\/<br \/><span style=\"color: #ff0000\"><em><strong>Et ce \u00e0 compter du 25 janvier jusqu\u2019au 12 f\u00e9vrier 2026 inclus.<\/strong><\/em><\/span><\/p>\n<p>\u00a0<\/p>\n\n\n\n<p><\/p>\n","protected":false},"excerpt":{"rendered":"<p>En application des dispositions r\u00e9glementaires relatives au programme de mobilit\u00e9 de courtedur\u00e9e \u00e0 l\u2019\u00e9tranger, l\u2019Universit\u00e9 Abdelhamid Ibn Badis de Mostaganem informe l\u2019ensembledes personnels concern\u00e9s de l\u2019ouverture de l\u2019appel \u00e0 candidature &hellip;<\/p>\n","protected":false},"author":15,"featured_media":14124,"comment_status":"closed","ping_status":"closed","sticky":false,"template":"","format":"standard","meta":{"_coblocks_attr":"","_coblocks_dimensions":"","_coblocks_responsive_height":"","_coblocks_accordion_ie_support":"","_EventAllDay":false,"_EventTimezone":"","_EventStartDate":"","_EventEndDate":"","_EventStartDateUTC":"","_EventEndDateUTC":"","_EventShowMap":false,"_EventShowMapLink":false,"_EventURL":"","_EventCost":"","_EventCostDescription":"","_EventCurrencySymbol":"","_EventCurrencyCode":"","_EventCurrencyPosition":"","_EventDateTimeSeparator":"","_EventTimeRangeSeparator":"","_EventOrganizerID":[],"_EventVenueID":[],"_OrganizerEmail":"","_OrganizerPhone":"","_OrganizerWebsite":"","_VenueAddress":"","_VenueCity":"","_VenueCountry":"","_VenueProvince":"","_VenueState":"","_VenueZip":"","_VenuePhone":"","_VenueURL":"","_VenueStateProvince":"","_VenueLat":"","_VenueLng":"","_VenueShowMap":false,"_VenueShowMapLink":false,"footnotes":""},"categories":[3],"tags":[],"class_list":["post-14117","post","type-post","status-publish","format-standard","has-post-thumbnail","hentry","category-actualites"],"_links":{"self":[{"href":"https:\/\/www.univ-mosta.dz\/vrcc\/wp-json\/wp\/v2\/posts\/14117","targetHints":{"allow":["GET"]}}],"collection":[{"href":"https:\/\/www.univ-mosta.dz\/vrcc\/wp-json\/wp\/v2\/posts"}],"about":[{"href":"https:\/\/www.univ-mosta.dz\/vrcc\/wp-json\/wp\/v2\/types\/post"}],"author":[{"embeddable":true,"href":"https:\/\/www.univ-mosta.dz\/vrcc\/wp-json\/wp\/v2\/users\/15"}],"replies":[{"embeddable":true,"href":"https:\/\/www.univ-mosta.dz\/vrcc\/wp-json\/wp\/v2\/comments?post=14117"}],"version-history":[{"count":1,"href":"https:\/\/www.univ-mosta.dz\/vrcc\/wp-json\/wp\/v2\/posts\/14117\/revisions"}],"predecessor-version":[{"id":14119,"href":"https:\/\/www.univ-mosta.dz\/vrcc\/wp-json\/wp\/v2\/posts\/14117\/revisions\/14119"}],"wp:featuredmedia":[{"embeddable":true,"href":"https:\/\/www.univ-mosta.dz\/vrcc\/wp-json\/wp\/v2\/media\/14124"}],"wp:attachment":[{"href":"https:\/\/www.univ-mosta.dz\/vrcc\/wp-json\/wp\/v2\/media?parent=14117"}],"wp:term":[{"taxonomy":"category","embeddable":true,"href":"https:\/\/www.univ-mosta.dz\/vrcc\/wp-json\/wp\/v2\/categories?post=14117"},{"taxonomy":"post_tag","embeddable":true,"href":"https:\/\/www.univ-mosta.dz\/vrcc\/wp-json\/wp\/v2\/tags?post=14117"}],"curies":[{"name":"wp","href":"https:\/\/api.w.org\/{rel}","templated":true}]}}