{"id":13961,"date":"2025-11-04T10:06:10","date_gmt":"2025-11-04T09:06:10","guid":{"rendered":"https:\/\/www.univ-mosta.dz\/vrcc\/?p=13961"},"modified":"2025-11-04T10:07:38","modified_gmt":"2025-11-04T09:07:38","slug":"appel-a-candidature-au-programme-master-of-advanced-studies-in-european-and-international-governance-meig-2026-a-geneve","status":"publish","type":"post","link":"https:\/\/www.univ-mosta.dz\/vrcc\/appel-a-candidature-au-programme-master-of-advanced-studies-in-european-and-international-governance-meig-2026-a-geneve\/","title":{"rendered":"Appel \u00c0 Candidature Au Programme Master Of Advanced Studies In European And International Governance- Meig-2026 \u00c0 Gen\u00e8ve"},"content":{"rendered":"\n<p>Le minist\u00e8re de l\u2019enseignement sup\u00e9rieur et de la recherche scientifique est destinataire d\u2019un appel \u00e0 candidature au programme de gouvernance europ\u00e9enne et international \u2013MEIG-2026 se d\u00e9roulant \u00e0 Gen\u00e8ve \u00e0 partir de septembre 2026.<\/p>\n<p>Les \u00e9tudiants int\u00e9ress\u00e9s sont invit\u00e9s \u00e0 consulter le site officiel du programme suivant : <a href=\"https:\/\/www.meig.ch\/admissions\/application\/\" target=\"_blank\" rel=\"noopener\">https:\/\/www.meig.ch\/admissions\/application\/<\/a> \u00a0, pour t\u00e9l\u00e9charger les formulaires de candidature et de bourse, \u00e0 envoyer avant le 20 d\u00e9cembre 2025 \u00e0 l\u2019adresse : <a href=\"mailto:meig@unige.ch\">meig@unige.ch<\/a><\/p>\n<p>Deux sessions d\u2019inscription sont pr\u00e9vues :<\/p>\n<p>Premi\u00e8re session : jusqu\u2019au <span style=\"color: #000000;background-color: #ffff99\"><strong>15 novembre 2025.<\/strong><\/span><\/p>\n<p>Deuxi\u00e8me session : <strong>du 15 novembre au 18 d\u00e9cembre 2025.<\/strong><\/p>\n<p>Une copie du re\u00e7u d&rsquo;inscription doit \u00eatre envoy\u00e9e par e-mail \u00e0 l&rsquo;adresse : <a href=\"mailto:vrcc@univ-mosta.dz\">vrcc@univ-mosta.dz<\/a> avant le 18 d\u00e9cembre 2025<\/p>\n","protected":false},"excerpt":{"rendered":"<p>Le minist\u00e8re de l\u2019enseignement sup\u00e9rieur et de la recherche scientifique est destinataire d\u2019un appel \u00e0 candidature au programme de gouvernance europ\u00e9enne et international \u2013MEIG-2026 se d\u00e9roulant \u00e0 Gen\u00e8ve \u00e0 partir &hellip;<\/p>\n","protected":false},"author":15,"featured_media":13963,"comment_status":"closed","ping_status":"closed","sticky":false,"template":"","format":"standard","meta":{"_coblocks_attr":"","_coblocks_dimensions":"","_coblocks_responsive_height":"","_coblocks_accordion_ie_support":"","_EventAllDay":false,"_EventTimezone":"","_EventStartDate":"","_EventEndDate":"","_EventStartDateUTC":"","_EventEndDateUTC":"","_EventShowMap":false,"_EventShowMapLink":false,"_EventURL":"","_EventCost":"","_EventCostDescription":"","_EventCurrencySymbol":"","_EventCurrencyCode":"","_EventCurrencyPosition":"","_EventDateTimeSeparator":"","_EventTimeRangeSeparator":"","_EventOrganizerID":[],"_EventVenueID":[],"_OrganizerEmail":"","_OrganizerPhone":"","_OrganizerWebsite":"","_VenueAddress":"","_VenueCity":"","_VenueCountry":"","_VenueProvince":"","_VenueState":"","_VenueZip":"","_VenuePhone":"","_VenueURL":"","_VenueStateProvince":"","_VenueLat":"","_VenueLng":"","_VenueShowMap":false,"_VenueShowMapLink":false,"footnotes":""},"categories":[3,4],"tags":[],"class_list":["post-13961","post","type-post","status-publish","format-standard","has-post-thumbnail","hentry","category-actualites","category-bourses"],"_links":{"self":[{"href":"https:\/\/www.univ-mosta.dz\/vrcc\/wp-json\/wp\/v2\/posts\/13961","targetHints":{"allow":["GET"]}}],"collection":[{"href":"https:\/\/www.univ-mosta.dz\/vrcc\/wp-json\/wp\/v2\/posts"}],"about":[{"href":"https:\/\/www.univ-mosta.dz\/vrcc\/wp-json\/wp\/v2\/types\/post"}],"author":[{"embeddable":true,"href":"https:\/\/www.univ-mosta.dz\/vrcc\/wp-json\/wp\/v2\/users\/15"}],"replies":[{"embeddable":true,"href":"https:\/\/www.univ-mosta.dz\/vrcc\/wp-json\/wp\/v2\/comments?post=13961"}],"version-history":[{"count":1,"href":"https:\/\/www.univ-mosta.dz\/vrcc\/wp-json\/wp\/v2\/posts\/13961\/revisions"}],"predecessor-version":[{"id":13965,"href":"https:\/\/www.univ-mosta.dz\/vrcc\/wp-json\/wp\/v2\/posts\/13961\/revisions\/13965"}],"wp:featuredmedia":[{"embeddable":true,"href":"https:\/\/www.univ-mosta.dz\/vrcc\/wp-json\/wp\/v2\/media\/13963"}],"wp:attachment":[{"href":"https:\/\/www.univ-mosta.dz\/vrcc\/wp-json\/wp\/v2\/media?parent=13961"}],"wp:term":[{"taxonomy":"category","embeddable":true,"href":"https:\/\/www.univ-mosta.dz\/vrcc\/wp-json\/wp\/v2\/categories?post=13961"},{"taxonomy":"post_tag","embeddable":true,"href":"https:\/\/www.univ-mosta.dz\/vrcc\/wp-json\/wp\/v2\/tags?post=13961"}],"curies":[{"name":"wp","href":"https:\/\/api.w.org\/{rel}","templated":true}]}}