{"id":13876,"date":"2025-08-04T01:53:05","date_gmt":"2025-08-04T00:53:05","guid":{"rendered":"https:\/\/www.univ-mosta.dz\/vrcc\/?p=13876"},"modified":"2025-08-04T01:53:07","modified_gmt":"2025-08-04T00:53:07","slug":"appel-a-candidature-pour-le-programme-de-bourses-de-loffice-allemand-dechanges-universitaires-daad","status":"publish","type":"post","link":"https:\/\/www.univ-mosta.dz\/vrcc\/appel-a-candidature-pour-le-programme-de-bourses-de-loffice-allemand-dechanges-universitaires-daad\/","title":{"rendered":"Appel \u00e0 candidature pour le programme de bourses de l\u2019Office Allemand d\u2019\u00c9changes Universitaires (DAAD)"},"content":{"rendered":"\n<p style=\"text-align: justify\">Le Minist\u00e8re de l\u2019Enseignement Sup\u00e9rieur et de la Recherche Scientifique a l\u2019honneur de vous informer du lancement d\u2019un appel \u00e0 candidature pour le programme de <em>bourses de l\u2019Office Allemand d\u2019\u00c9changes Universitaires (DAAD)<\/em>, au titre de l\u2019ann\u00e9e 2026-2027.<\/p>\n<p>Ce programme propose des\u00a0bourses\u00a0pour soutenir le d\u00e9veloppement de\u00a0projets<br \/>acad\u00e9miques et scientifiques.<\/p>\n<p style=\"text-align: justify\">Ci-joint une note d\u2019information contenant toutes les offres de bourses destin\u00e9es aux candidats alg\u00e9riens ainsi que les d\u00e9lais d\u2019inscription.<\/p>\n\n\n\n<div data-wp-interactive=\"core\/file\" class=\"wp-block-file\"><object data-wp-bind--hidden=\"!state.hasPdfPreview\" hidden class=\"wp-block-file__embed\" data=\"https:\/\/www.univ-mosta.dz\/vrcc\/wp-content\/uploads\/sites\/13\/2025\/08\/documentation-DAAD.pdf\" type=\"application\/pdf\" style=\"width:100%;height:600px\" aria-label=\"Contenu embarqu\u00e9 documentation DAAD.\"><\/object><a id=\"wp-block-file--media-81199a83-8497-4744-b544-24406765b2b0\" href=\"https:\/\/www.univ-mosta.dz\/vrcc\/wp-content\/uploads\/sites\/13\/2025\/08\/documentation-DAAD.pdf\" target=\"_blank\" rel=\"noreferrer noopener\">documentation DAAD<\/a><a href=\"https:\/\/www.univ-mosta.dz\/vrcc\/wp-content\/uploads\/sites\/13\/2025\/08\/documentation-DAAD.pdf\" class=\"wp-block-file__button wp-element-button\" download aria-describedby=\"wp-block-file--media-81199a83-8497-4744-b544-24406765b2b0\">T\u00e9l\u00e9charger<\/a><\/div>\n","protected":false},"excerpt":{"rendered":"<p>Le Minist\u00e8re de l\u2019Enseignement Sup\u00e9rieur et de la Recherche Scientifique a l\u2019honneur de vous informer du lancement d\u2019un appel \u00e0 candidature pour le programme de bourses de l\u2019Office Allemand d\u2019\u00c9changes &hellip;<\/p>\n","protected":false},"author":15,"featured_media":13878,"comment_status":"closed","ping_status":"closed","sticky":false,"template":"","format":"standard","meta":{"_coblocks_attr":"","_coblocks_dimensions":"","_coblocks_responsive_height":"","_coblocks_accordion_ie_support":"","_EventAllDay":false,"_EventTimezone":"","_EventStartDate":"","_EventEndDate":"","_EventStartDateUTC":"","_EventEndDateUTC":"","_EventShowMap":false,"_EventShowMapLink":false,"_EventURL":"","_EventCost":"","_EventCostDescription":"","_EventCurrencySymbol":"","_EventCurrencyCode":"","_EventCurrencyPosition":"","_EventDateTimeSeparator":"","_EventTimeRangeSeparator":"","_EventOrganizerID":[],"_EventVenueID":[],"_OrganizerEmail":"","_OrganizerPhone":"","_OrganizerWebsite":"","_VenueAddress":"","_VenueCity":"","_VenueCountry":"","_VenueProvince":"","_VenueState":"","_VenueZip":"","_VenuePhone":"","_VenueURL":"","_VenueStateProvince":"","_VenueLat":"","_VenueLng":"","_VenueShowMap":false,"_VenueShowMapLink":false,"footnotes":""},"categories":[3,4],"tags":[],"class_list":["post-13876","post","type-post","status-publish","format-standard","has-post-thumbnail","hentry","category-actualites","category-bourses"],"_links":{"self":[{"href":"https:\/\/www.univ-mosta.dz\/vrcc\/wp-json\/wp\/v2\/posts\/13876","targetHints":{"allow":["GET"]}}],"collection":[{"href":"https:\/\/www.univ-mosta.dz\/vrcc\/wp-json\/wp\/v2\/posts"}],"about":[{"href":"https:\/\/www.univ-mosta.dz\/vrcc\/wp-json\/wp\/v2\/types\/post"}],"author":[{"embeddable":true,"href":"https:\/\/www.univ-mosta.dz\/vrcc\/wp-json\/wp\/v2\/users\/15"}],"replies":[{"embeddable":true,"href":"https:\/\/www.univ-mosta.dz\/vrcc\/wp-json\/wp\/v2\/comments?post=13876"}],"version-history":[{"count":1,"href":"https:\/\/www.univ-mosta.dz\/vrcc\/wp-json\/wp\/v2\/posts\/13876\/revisions"}],"predecessor-version":[{"id":13879,"href":"https:\/\/www.univ-mosta.dz\/vrcc\/wp-json\/wp\/v2\/posts\/13876\/revisions\/13879"}],"wp:featuredmedia":[{"embeddable":true,"href":"https:\/\/www.univ-mosta.dz\/vrcc\/wp-json\/wp\/v2\/media\/13878"}],"wp:attachment":[{"href":"https:\/\/www.univ-mosta.dz\/vrcc\/wp-json\/wp\/v2\/media?parent=13876"}],"wp:term":[{"taxonomy":"category","embeddable":true,"href":"https:\/\/www.univ-mosta.dz\/vrcc\/wp-json\/wp\/v2\/categories?post=13876"},{"taxonomy":"post_tag","embeddable":true,"href":"https:\/\/www.univ-mosta.dz\/vrcc\/wp-json\/wp\/v2\/tags?post=13876"}],"curies":[{"name":"wp","href":"https:\/\/api.w.org\/{rel}","templated":true}]}}