{"id":13066,"date":"2025-04-10T00:59:50","date_gmt":"2025-04-09T23:59:50","guid":{"rendered":"https:\/\/www.univ-mosta.dz\/vrcc\/?p=13066"},"modified":"2025-04-10T01:06:47","modified_gmt":"2025-04-10T00:06:47","slug":"appel-a-candidature-pour-des-bourses-de-mobilite-erasmus-vers-universite-polytechnique-de-lublin-pologne-3","status":"publish","type":"post","link":"https:\/\/www.univ-mosta.dz\/vrcc\/appel-a-candidature-pour-des-bourses-de-mobilite-erasmus-vers-universite-polytechnique-de-lublin-pologne-3\/","title":{"rendered":"Appel \u00e0 candidature pour des bourses de mobilit\u00e9 Erasmus + vers Universit\u00e9 polytechnique de Lublin Pologne"},"content":{"rendered":"\n<table style=\"border-collapse: collapse;width: 100%\">\n<tbody>\n<tr>\n<td style=\"width: 33.3333%\"><img loading=\"lazy\" decoding=\"async\" class=\"wp-image-12236 aligncenter\" src=\"http:\/\/www.univ-mosta.dz\/vrcc\/wp-content\/uploads\/sites\/13\/2024\/12\/erasmusplus-2-300x169.jpg\" alt=\"\" width=\"176\" height=\"99\" srcset=\"https:\/\/www.univ-mosta.dz\/vrcc\/wp-content\/uploads\/sites\/13\/2024\/12\/erasmusplus-2-300x169.jpg 300w, https:\/\/www.univ-mosta.dz\/vrcc\/wp-content\/uploads\/sites\/13\/2024\/12\/erasmusplus-2.jpg 640w\" sizes=\"auto, (max-width: 176px) 100vw, 176px\" \/><\/td>\n<td style=\"width: 33.3333%\"><img loading=\"lazy\" decoding=\"async\" class=\"wp-image-10176 aligncenter\" src=\"http:\/\/www.univ-mosta.dz\/vrcc\/wp-content\/uploads\/sites\/13\/2023\/11\/Lublin-University-of-Technology-300x300.png\" alt=\"\" width=\"87\" height=\"87\" srcset=\"https:\/\/www.univ-mosta.dz\/vrcc\/wp-content\/uploads\/sites\/13\/2023\/11\/Lublin-University-of-Technology-300x300.png 300w, https:\/\/www.univ-mosta.dz\/vrcc\/wp-content\/uploads\/sites\/13\/2023\/11\/Lublin-University-of-Technology-150x150.png 150w, https:\/\/www.univ-mosta.dz\/vrcc\/wp-content\/uploads\/sites\/13\/2023\/11\/Lublin-University-of-Technology-768x770.png 768w, https:\/\/www.univ-mosta.dz\/vrcc\/wp-content\/uploads\/sites\/13\/2023\/11\/Lublin-University-of-Technology.png 994w\" sizes=\"auto, (max-width: 87px) 100vw, 87px\" \/><\/td>\n<td style=\"width: 33.3333%\"><img loading=\"lazy\" decoding=\"async\" class=\"wp-image-10789 aligncenter\" src=\"http:\/\/www.univ-mosta.dz\/vrcc\/wp-content\/uploads\/sites\/13\/2023\/12\/logo-univ-mosta-nouveau-transparent-3-270x300.png\" alt=\"\" width=\"81\" height=\"90\" srcset=\"https:\/\/www.univ-mosta.dz\/vrcc\/wp-content\/uploads\/sites\/13\/2023\/12\/logo-univ-mosta-nouveau-transparent-3-270x300.png 270w, https:\/\/www.univ-mosta.dz\/vrcc\/wp-content\/uploads\/sites\/13\/2023\/12\/logo-univ-mosta-nouveau-transparent-3-768x852.png 768w, https:\/\/www.univ-mosta.dz\/vrcc\/wp-content\/uploads\/sites\/13\/2023\/12\/logo-univ-mosta-nouveau-transparent-3.png 830w\" sizes=\"auto, (max-width: 81px) 100vw, 81px\" \/><\/td>\n<\/tr>\n<\/tbody>\n<\/table>\n<p style=\"text-align: justify\">L&rsquo;Universit\u00e9 de Mostaganem est heureuse de vous annoncer le lancement d&rsquo;une opportunit\u00e9 de candidature pour des bourses de mobilit\u00e9, dans le cadre du programme ERASMUS+ ICM qui unit notre institution avec l&rsquo;Universit\u00e9 de Polytechnique de Lublin ; Pologne. Cette opportunit\u00e9 est destin\u00e9e aux \u00e9tudiants inscrits en Licence et Master \u00e0 l&rsquo;Universit\u00e9 de Mostaganem, dans les fili\u00e8res suivantes :<\/p>\n<ol>\n<li style=\"list-style-type: none\">\n<ol>\n<li>Sciences et Technologie,<\/li>\n<li>G\u00e9nie m\u00e9canique,<\/li>\n<li>G\u00e9nie Civil,<\/li>\n<li>Informatique,<\/li>\n<li>Architecture,<\/li>\n<\/ol>\n<\/li>\n<\/ol>\n<ul>\n<li>Pour plus de d\u00e9tails voir : <a href=\"https:\/\/bkm.pollub.pl\/en\/\" target=\"_blank\" rel=\"noopener\">https:\/\/bkm.pollub.pl\/en\/<\/a><\/li>\n<li><span style=\"color: #ff0000\"><strong>Date limite des inscriptions en ligne est fix\u00e9e :\u00a028 Avril \u00a02025<\/strong><\/span><\/li>\n<li>Pour Candidater inscrivez-vous en ligne via le lien suivant : <a href=\"https:\/\/scholarship.univ-mosta.dz\/index.php\/821336?lang=fr\" target=\"_blank\" rel=\"noopener\">https:\/\/scholarship.univ-mosta.dz\/index.php\/821336?lang=fr<\/a><\/li>\n<\/ul>\n\n\n\n<p><\/p>\n\n\n\n\n","protected":false},"excerpt":{"rendered":"<p>L&rsquo;Universit\u00e9 de Mostaganem est heureuse de vous annoncer le lancement d&rsquo;une opportunit\u00e9 de candidature pour des bourses de mobilit\u00e9, dans le cadre du programme ERASMUS+ ICM qui unit notre institution &hellip;<\/p>\n","protected":false},"author":15,"featured_media":13067,"comment_status":"closed","ping_status":"closed","sticky":false,"template":"","format":"standard","meta":{"_coblocks_attr":"","_coblocks_dimensions":"","_coblocks_responsive_height":"","_coblocks_accordion_ie_support":"","_EventAllDay":false,"_EventTimezone":"","_EventStartDate":"","_EventEndDate":"","_EventStartDateUTC":"","_EventEndDateUTC":"","_EventShowMap":false,"_EventShowMapLink":false,"_EventURL":"","_EventCost":"","_EventCostDescription":"","_EventCurrencySymbol":"","_EventCurrencyCode":"","_EventCurrencyPosition":"","_EventDateTimeSeparator":"","_EventTimeRangeSeparator":"","_EventOrganizerID":[],"_EventVenueID":[],"_OrganizerEmail":"","_OrganizerPhone":"","_OrganizerWebsite":"","_VenueAddress":"","_VenueCity":"","_VenueCountry":"","_VenueProvince":"","_VenueState":"","_VenueZip":"","_VenuePhone":"","_VenueURL":"","_VenueStateProvince":"","_VenueLat":"","_VenueLng":"","_VenueShowMap":false,"_VenueShowMapLink":false,"footnotes":""},"categories":[3,4],"tags":[],"class_list":["post-13066","post","type-post","status-publish","format-standard","has-post-thumbnail","hentry","category-actualites","category-bourses"],"_links":{"self":[{"href":"https:\/\/www.univ-mosta.dz\/vrcc\/wp-json\/wp\/v2\/posts\/13066","targetHints":{"allow":["GET"]}}],"collection":[{"href":"https:\/\/www.univ-mosta.dz\/vrcc\/wp-json\/wp\/v2\/posts"}],"about":[{"href":"https:\/\/www.univ-mosta.dz\/vrcc\/wp-json\/wp\/v2\/types\/post"}],"author":[{"embeddable":true,"href":"https:\/\/www.univ-mosta.dz\/vrcc\/wp-json\/wp\/v2\/users\/15"}],"replies":[{"embeddable":true,"href":"https:\/\/www.univ-mosta.dz\/vrcc\/wp-json\/wp\/v2\/comments?post=13066"}],"version-history":[{"count":3,"href":"https:\/\/www.univ-mosta.dz\/vrcc\/wp-json\/wp\/v2\/posts\/13066\/revisions"}],"predecessor-version":[{"id":13139,"href":"https:\/\/www.univ-mosta.dz\/vrcc\/wp-json\/wp\/v2\/posts\/13066\/revisions\/13139"}],"wp:featuredmedia":[{"embeddable":true,"href":"https:\/\/www.univ-mosta.dz\/vrcc\/wp-json\/wp\/v2\/media\/13067"}],"wp:attachment":[{"href":"https:\/\/www.univ-mosta.dz\/vrcc\/wp-json\/wp\/v2\/media?parent=13066"}],"wp:term":[{"taxonomy":"category","embeddable":true,"href":"https:\/\/www.univ-mosta.dz\/vrcc\/wp-json\/wp\/v2\/categories?post=13066"},{"taxonomy":"post_tag","embeddable":true,"href":"https:\/\/www.univ-mosta.dz\/vrcc\/wp-json\/wp\/v2\/tags?post=13066"}],"curies":[{"name":"wp","href":"https:\/\/api.w.org\/{rel}","templated":true}]}}