{"id":12893,"date":"2025-03-16T10:35:02","date_gmt":"2025-03-16T09:35:02","guid":{"rendered":"https:\/\/www.univ-mosta.dz\/vrcc\/?p=12893"},"modified":"2025-03-16T10:57:47","modified_gmt":"2025-03-16T09:57:47","slug":"appel-a-participation-a-khotwa-tour-2025","status":"publish","type":"post","link":"https:\/\/www.univ-mosta.dz\/vrcc\/appel-a-participation-a-khotwa-tour-2025\/","title":{"rendered":"Appel \u00e0 participation au salon de l&rsquo;\u00e9tudiant \u00ab\u00a0Khotwa Tour 2025\u00a0\u00bb"},"content":{"rendered":"\n<p style=\"text-align: justify\"><img loading=\"lazy\" decoding=\"async\" class=\"wp-image-12894 alignright\" src=\"http:\/\/www.univ-mosta.dz\/vrcc\/wp-content\/uploads\/sites\/13\/2025\/03\/Khotwa-Tour-2025--300x247.png\" alt=\"\" width=\"181\" height=\"149\" srcset=\"https:\/\/www.univ-mosta.dz\/vrcc\/wp-content\/uploads\/sites\/13\/2025\/03\/Khotwa-Tour-2025--300x247.png 300w, https:\/\/www.univ-mosta.dz\/vrcc\/wp-content\/uploads\/sites\/13\/2025\/03\/Khotwa-Tour-2025-.png 570w\" sizes=\"auto, (max-width: 181px) 100vw, 181px\" \/>Depuis\u00a0<strong>10 ans<\/strong>, le<strong>\u00a0Khotwa Tour<\/strong>\u00a0s\u2019engage \u00e0\u00a0<strong>orienter\u00a0<\/strong>et\u00a0<strong>accompagner<\/strong>\u00a0les\u00a0<strong>jeunes<\/strong>\u00a0dans la d\u00e9couverte d\u2019<strong>opportunit\u00e9s<\/strong>\u00a0qui fa\u00e7onnent leur avenir. Cette\u00a0<strong>15\u1d49 \u00e9dition<\/strong>\u00a0promet d\u2019\u00eatre encore plus m\u00e9morable avec un<strong>\u00a0programme riche<\/strong>\u00a0et diversifi\u00e9.<\/p>\n<p style=\"text-align: justify\"><strong>Expositions<\/strong>,\u00a0<strong>conf\u00e9rences<\/strong>,\u00a0<strong>ateliers interactifs<\/strong>\u2026 chaque aspect de l\u2019\u00e9v\u00e9nement est con\u00e7u pour ouvrir de\u00a0<strong>nouvelles perspectives<\/strong>, stimuler la r\u00e9flexion et favoriser les rencontres entre les<strong> acteurs de l\u2019innovation et les jeunes.<\/strong><\/p>\n<p style=\"text-align: justify\">Cette ann\u00e9e, le Khotwa Tour traversera l\u2019Alg\u00e9rie avec un itin\u00e9raire riche et captivant. L\u2019aventure commencera le\u00a0<strong>24 avril \u00e0 Tizi Ouzou<\/strong>, se poursuivra \u00e0\u00a0<strong>Alger les 26 et 27 avril<\/strong>, fera \u00e9tape \u00e0\u00a0<strong>Oran les 29 et 30 avril<\/strong>, et atteindra son apog\u00e9e \u00e0\u00a0<strong>Tlemcen le 1er mai<\/strong>.<\/p>\n<p style=\"text-align: justify\">Cet \u00e9v\u00e9nement rassemblera des universit\u00e9s, \u00e9coles, instituts, startups, entreprises innovantes, recruteurs et professionnels engag\u00e9s dans le d\u00e9veloppement des comp\u00e9tences et l\u2019accompagnement des jeunes g\u00e9n\u00e9rations.<\/p>\n\n\n\n<p class=\"is-style-success coblocks-animate\" data-coblocks-animation=\"slideInLeft\">Pour en savoir plus, visiter le site : <a href=\"https:\/\/salon-etudiantdz.com\/fr\/\" target=\"_blank\" rel=\"noopener\">https:\/\/salon-etudiantdz.com\/fr\/<\/a><\/p>\n\n\n\n<p class=\"has-text-align-center is-style-info has-medium-font-size coblocks-animate\" data-coblocks-animation=\"slideInLeft\">Pour s&rsquo;inscrire suivez le lien :\u00a0 <br><a href=\"https:\/\/docs.google.com\/forms\/d\/1W-I2pT7lIg8ASGHmF762rhyOZs-58kdfGsxTjP5eFME\/viewform?edit_requested=true\" target=\"_blank\" rel=\"noopener\">https:\/\/docs.google.com\/forms\/d\/1W-I2pT7lIg8ASGHmF762rhyOZs-58kdfGsxTjP5eFME\/viewform?edit_requested=true<\/a><\/p>\n\n\n\n\n","protected":false},"excerpt":{"rendered":"<p>Depuis\u00a010 ans, le\u00a0Khotwa Tour\u00a0s\u2019engage \u00e0\u00a0orienter\u00a0et\u00a0accompagner\u00a0les\u00a0jeunes\u00a0dans la d\u00e9couverte d\u2019opportunit\u00e9s\u00a0qui fa\u00e7onnent leur avenir. Cette\u00a015\u1d49 \u00e9dition\u00a0promet d\u2019\u00eatre encore plus m\u00e9morable avec un\u00a0programme riche\u00a0et diversifi\u00e9. Expositions,\u00a0conf\u00e9rences,\u00a0ateliers interactifs\u2026 chaque aspect de l\u2019\u00e9v\u00e9nement est con\u00e7u pour &hellip;<\/p>\n","protected":false},"author":15,"featured_media":12898,"comment_status":"closed","ping_status":"closed","sticky":false,"template":"","format":"standard","meta":{"_coblocks_attr":"","_coblocks_dimensions":"","_coblocks_responsive_height":"","_coblocks_accordion_ie_support":"","_EventAllDay":false,"_EventTimezone":"","_EventStartDate":"","_EventEndDate":"","_EventStartDateUTC":"","_EventEndDateUTC":"","_EventShowMap":false,"_EventShowMapLink":false,"_EventURL":"","_EventCost":"","_EventCostDescription":"","_EventCurrencySymbol":"","_EventCurrencyCode":"","_EventCurrencyPosition":"","_EventDateTimeSeparator":"","_EventTimeRangeSeparator":"","_EventOrganizerID":[],"_EventVenueID":[],"_OrganizerEmail":"","_OrganizerPhone":"","_OrganizerWebsite":"","_VenueAddress":"","_VenueCity":"","_VenueCountry":"","_VenueProvince":"","_VenueState":"","_VenueZip":"","_VenuePhone":"","_VenueURL":"","_VenueStateProvince":"","_VenueLat":"","_VenueLng":"","_VenueShowMap":false,"_VenueShowMapLink":false,"footnotes":""},"categories":[3],"tags":[],"class_list":["post-12893","post","type-post","status-publish","format-standard","has-post-thumbnail","hentry","category-actualites"],"_links":{"self":[{"href":"https:\/\/www.univ-mosta.dz\/vrcc\/wp-json\/wp\/v2\/posts\/12893","targetHints":{"allow":["GET"]}}],"collection":[{"href":"https:\/\/www.univ-mosta.dz\/vrcc\/wp-json\/wp\/v2\/posts"}],"about":[{"href":"https:\/\/www.univ-mosta.dz\/vrcc\/wp-json\/wp\/v2\/types\/post"}],"author":[{"embeddable":true,"href":"https:\/\/www.univ-mosta.dz\/vrcc\/wp-json\/wp\/v2\/users\/15"}],"replies":[{"embeddable":true,"href":"https:\/\/www.univ-mosta.dz\/vrcc\/wp-json\/wp\/v2\/comments?post=12893"}],"version-history":[{"count":2,"href":"https:\/\/www.univ-mosta.dz\/vrcc\/wp-json\/wp\/v2\/posts\/12893\/revisions"}],"predecessor-version":[{"id":12899,"href":"https:\/\/www.univ-mosta.dz\/vrcc\/wp-json\/wp\/v2\/posts\/12893\/revisions\/12899"}],"wp:featuredmedia":[{"embeddable":true,"href":"https:\/\/www.univ-mosta.dz\/vrcc\/wp-json\/wp\/v2\/media\/12898"}],"wp:attachment":[{"href":"https:\/\/www.univ-mosta.dz\/vrcc\/wp-json\/wp\/v2\/media?parent=12893"}],"wp:term":[{"taxonomy":"category","embeddable":true,"href":"https:\/\/www.univ-mosta.dz\/vrcc\/wp-json\/wp\/v2\/categories?post=12893"},{"taxonomy":"post_tag","embeddable":true,"href":"https:\/\/www.univ-mosta.dz\/vrcc\/wp-json\/wp\/v2\/tags?post=12893"}],"curies":[{"name":"wp","href":"https:\/\/api.w.org\/{rel}","templated":true}]}}