{"id":12767,"date":"2025-03-10T12:33:01","date_gmt":"2025-03-10T11:33:01","guid":{"rendered":"https:\/\/www.univ-mosta.dz\/vrcc\/?p=12767"},"modified":"2025-03-13T11:11:18","modified_gmt":"2025-03-13T10:11:18","slug":"appel-a-candidatures-participation-au-pole-africain-de-recherche-et-dinnovation-a-la-foire-commerciale-intra-africaine-iatf-2025","status":"publish","type":"post","link":"https:\/\/www.univ-mosta.dz\/vrcc\/appel-a-candidatures-participation-au-pole-africain-de-recherche-et-dinnovation-a-la-foire-commerciale-intra-africaine-iatf-2025\/","title":{"rendered":"Appel \u00e0 candidatures: Participation au P\u00f4le Africain de Recherche et d&rsquo;Innovation \u00e0 la Foire Commerciale Intra-Africaine (IATF) 2025"},"content":{"rendered":"\n<p>La Foire Commerciale Intra-Africaine (IATF), organis\u00e9e par Afreximbank en collaboration avec l&rsquo;Union Africaine (UA) et le Secr\u00e9tariat de la ZLECAf, vise \u00e0 favoriser l&rsquo;int\u00e9gration des \u00e9conomies Africaines en promouvant le commerce et l&rsquo;investissement Intra-Africains. Dans le cadre de cette mission, l&rsquo;IATF cherche \u00e0 impliquer les acad\u00e9mies, les chercheurs nationaux et les \u00e9tudiants universitaires dans l&rsquo;am\u00e9lioration de leur compr\u00e9hension du commerce Intra-Africain, l&rsquo;augmentation des r\u00e9sultats de la recherche et le renforcement de la collaboration entre les acad\u00e9mies, l&rsquo;industrie et les d\u00e9cideurs politiques.<\/p>\n\n\n\n<p>Pour soutenir cet objectif, le P\u00f4le Africain de recherche et d&rsquo;innovation offre une plateforme dynamique aux enseignants, \u00e9tudiants et chercheurs d&rsquo;Afrique et des Cara\u00efbes :<\/p>\n\n\n\n<ul class=\"wp-block-list\">\n<li>Pr\u00e9senter la recherche innovante.<\/li>\n\n\n\n<li>D\u00e9velopper des partenariats avec l&rsquo;industrie.<\/li>\n\n\n\n<li>\u00c9changer des connaissances avec des professionnels de premier plan.<\/li>\n<\/ul>\n\n\n\n<p>Cat\u00e9gories d&rsquo;application:<\/p>\n\n\n\n<ul class=\"wp-block-list\">\n<li>Professeurs d&rsquo;universit\u00e9.<\/li>\n\n\n\n<li>\u00c9tudiants d&rsquo;universit\u00e9.<\/li>\n\n\n\n<li>Chercheurs affili\u00e9s \u00e0 des institutions nationales de recherche.<\/li>\n<\/ul>\n\n\n\n<p class=\"has-text-color has-link-color has-medium-font-size wp-elements-42812ad9a2b70c12b25f9b26a759c679\" style=\"color:#ee0d45\">L&rsquo;appel \u00e0 candidatures est maintenant ouvert !<\/p>\n\n\n\n<p>Date et lieu de l&rsquo;\u00e9v\u00e8nement : du 04 au 10 Septembre 2025 \u00e0 Alger, SAFEX.<\/p>\n\n\n\n<p>Date limite de soumission:<\/p>\n\n\n\n<ul class=\"wp-block-list\">\n<li class=\"has-medium-font-size\">Toutes les candidatures doivent \u00eatre soumises avant le 28 mars 2025, 23h59 GMT par courrier \u00e9lectronique \u00e0 l&rsquo;adresse suivante : ARIH@intrafricantradefair.com<\/li>\n<\/ul>\n\n\n\n<p class=\"has-text-align-center has-white-color has-text-color has-background has-link-color has-medium-font-size wp-elements-975039ca74a0eb937ed21f3db47b9068\" style=\"background-color:#f43162\">Guide de candidature pour les Professeurs d&rsquo;Universit\u00e9<\/p>\n\n\n\n<div class=\"wp-block-file\"><a id=\"wp-block-file--media-347cb679-ee24-49ef-a0d0-63be08acc4cf\" href=\"https:\/\/www.univ-mosta.dz\/vrcc\/wp-content\/uploads\/sites\/13\/2025\/03\/CFA-Lecturer_French47.pdf\" target=\"_blank\" rel=\"noreferrer noopener\">CFA Lecturer<\/a><a href=\"https:\/\/www.univ-mosta.dz\/vrcc\/wp-content\/uploads\/sites\/13\/2025\/03\/CFA-Lecturer_French47.pdf\" class=\"wp-block-file__button wp-element-button\" download aria-describedby=\"wp-block-file--media-347cb679-ee24-49ef-a0d0-63be08acc4cf\">T\u00e9l\u00e9charger<\/a><\/div>\n\n\n\n<p><\/p>\n\n\n\n<p><\/p>\n\n\n\n<p class=\"has-text-align-center has-white-color has-text-color has-background has-link-color has-medium-font-size wp-elements-03c4de4933bae8e035e96a61456290a0\" style=\"background-color:#f2a549\">Guide de candidature pour les Chercheurs<\/p>\n\n\n\n<div class=\"wp-block-file aligncenter\"><a id=\"wp-block-file--media-6dca40d6-e7cb-4584-a2df-4b0b957b4e42\" href=\"https:\/\/www.univ-mosta.dz\/vrcc\/wp-content\/uploads\/sites\/13\/2025\/03\/CFA_Researchers_French.pdf\" target=\"_blank\" rel=\"noreferrer noopener\">CFA_Researchers<\/a><a href=\"https:\/\/www.univ-mosta.dz\/vrcc\/wp-content\/uploads\/sites\/13\/2025\/03\/CFA_Researchers_French.pdf\" class=\"wp-block-file__button wp-element-button\" download aria-describedby=\"wp-block-file--media-6dca40d6-e7cb-4584-a2df-4b0b957b4e42\">T\u00e9l\u00e9charger<\/a><\/div>\n\n\n\n<p><\/p>\n\n\n\n<p><\/p>\n\n\n\n<p class=\"has-text-align-center has-white-color has-text-color has-background has-link-color has-medium-font-size wp-elements-34ad46dbf8c4ad6bf286684192c7e6d0\" style=\"background-color:#ffba24\">Guide de Candidature pour les \u00c9tudiants Universitaires<\/p>\n\n\n\n<div class=\"wp-block-file\"><a id=\"wp-block-file--media-54a87794-c2ca-4422-90df-9b9112f967d5\" href=\"https:\/\/www.univ-mosta.dz\/vrcc\/wp-content\/uploads\/sites\/13\/2025\/03\/CFA_Students_French41.pdf\" target=\"_blank\" rel=\"noreferrer noopener\">CFA_Students<\/a><a href=\"https:\/\/www.univ-mosta.dz\/vrcc\/wp-content\/uploads\/sites\/13\/2025\/03\/CFA_Students_French41.pdf\" class=\"wp-block-file__button wp-element-button\" download aria-describedby=\"wp-block-file--media-54a87794-c2ca-4422-90df-9b9112f967d5\">T\u00e9l\u00e9charger<\/a><\/div>\n\n\n\n<p><\/p>\n\n\n\n<p><\/p>\n\n\n\n\n\n<hr class=\"wp-block-separator has-alpha-channel-opacity\" \/>\n\n\n\n<p><\/p>\n\n\n\n<p class=\"has-text-align-center has-very-light-gray-to-cyan-bluish-gray-gradient-background has-background\">Pour toute demande de renseignements, veuillez contacter : ARIH@intrafricantradefair.com<\/p>\n\n\n\n\n\n<hr class=\"wp-block-separator has-alpha-channel-opacity\" \/>\n\n\n\n<p><\/p>\n\n\n\n<div class=\"wp-block-file\"><a id=\"wp-block-file--media-6d7d1ef7-9daf-4540-8766-88cea80241a7\" href=\"https:\/\/www.univ-mosta.dz\/vrcc\/wp-content\/uploads\/sites\/13\/2025\/03\/General-CFA_French83.pdf\" target=\"_blank\" rel=\"noreferrer noopener\">General CFA<\/a><a href=\"https:\/\/www.univ-mosta.dz\/vrcc\/wp-content\/uploads\/sites\/13\/2025\/03\/General-CFA_French83.pdf\" class=\"wp-block-file__button wp-element-button\" download aria-describedby=\"wp-block-file--media-6d7d1ef7-9daf-4540-8766-88cea80241a7\">T\u00e9l\u00e9charger<\/a><\/div>\n\n\n\n<p><\/p>\n\n\n\n<hr class=\"wp-block-separator has-alpha-channel-opacity\" \/>\n","protected":false},"excerpt":{"rendered":"<p>La Foire Commerciale Intra-Africaine (IATF), organis\u00e9e par Afreximbank en collaboration avec l&rsquo;Union Africaine (UA) et le Secr\u00e9tariat de la ZLECAf, vise \u00e0 favoriser l&rsquo;int\u00e9gration des \u00e9conomies Africaines en promouvant le &hellip;<\/p>\n","protected":false},"author":15,"featured_media":12864,"comment_status":"closed","ping_status":"closed","sticky":false,"template":"","format":"standard","meta":{"_coblocks_attr":"","_coblocks_dimensions":"","_coblocks_responsive_height":"","_coblocks_accordion_ie_support":"","_EventAllDay":false,"_EventTimezone":"","_EventStartDate":"","_EventEndDate":"","_EventStartDateUTC":"","_EventEndDateUTC":"","_EventShowMap":false,"_EventShowMapLink":false,"_EventURL":"","_EventCost":"","_EventCostDescription":"","_EventCurrencySymbol":"","_EventCurrencyCode":"","_EventCurrencyPosition":"","_EventDateTimeSeparator":"","_EventTimeRangeSeparator":"","_EventOrganizerID":[],"_EventVenueID":[],"_OrganizerEmail":"","_OrganizerPhone":"","_OrganizerWebsite":"","_VenueAddress":"","_VenueCity":"","_VenueCountry":"","_VenueProvince":"","_VenueState":"","_VenueZip":"","_VenuePhone":"","_VenueURL":"","_VenueStateProvince":"","_VenueLat":"","_VenueLng":"","_VenueShowMap":false,"_VenueShowMapLink":false,"footnotes":""},"categories":[3],"tags":[],"class_list":["post-12767","post","type-post","status-publish","format-standard","has-post-thumbnail","hentry","category-actualites"],"_links":{"self":[{"href":"https:\/\/www.univ-mosta.dz\/vrcc\/wp-json\/wp\/v2\/posts\/12767","targetHints":{"allow":["GET"]}}],"collection":[{"href":"https:\/\/www.univ-mosta.dz\/vrcc\/wp-json\/wp\/v2\/posts"}],"about":[{"href":"https:\/\/www.univ-mosta.dz\/vrcc\/wp-json\/wp\/v2\/types\/post"}],"author":[{"embeddable":true,"href":"https:\/\/www.univ-mosta.dz\/vrcc\/wp-json\/wp\/v2\/users\/15"}],"replies":[{"embeddable":true,"href":"https:\/\/www.univ-mosta.dz\/vrcc\/wp-json\/wp\/v2\/comments?post=12767"}],"version-history":[{"count":27,"href":"https:\/\/www.univ-mosta.dz\/vrcc\/wp-json\/wp\/v2\/posts\/12767\/revisions"}],"predecessor-version":[{"id":12849,"href":"https:\/\/www.univ-mosta.dz\/vrcc\/wp-json\/wp\/v2\/posts\/12767\/revisions\/12849"}],"wp:featuredmedia":[{"embeddable":true,"href":"https:\/\/www.univ-mosta.dz\/vrcc\/wp-json\/wp\/v2\/media\/12864"}],"wp:attachment":[{"href":"https:\/\/www.univ-mosta.dz\/vrcc\/wp-json\/wp\/v2\/media?parent=12767"}],"wp:term":[{"taxonomy":"category","embeddable":true,"href":"https:\/\/www.univ-mosta.dz\/vrcc\/wp-json\/wp\/v2\/categories?post=12767"},{"taxonomy":"post_tag","embeddable":true,"href":"https:\/\/www.univ-mosta.dz\/vrcc\/wp-json\/wp\/v2\/tags?post=12767"}],"curies":[{"name":"wp","href":"https:\/\/api.w.org\/{rel}","templated":true}]}}